{"id":36828,"date":"2026-07-20T07:39:00","date_gmt":"2026-07-20T05:39:00","guid":{"rendered":"https:\/\/euapp01.newsmemory.com\/lamarseillaise\/news\/?p=36828"},"modified":"2026-07-25T11:28:59","modified_gmt":"2026-07-25T09:28:59","slug":"les-riverains-vent-debout-contre-un-parking-dans-un-parc-a-aix","status":"publish","type":"post","link":"https:\/\/euapp01.newsmemory.com\/lamarseillaise\/news\/2026\/07\/20\/les-riverains-vent-debout-contre-un-parking-dans-un-parc-a-aix\/","title":{"rendered":"Les riverains vent debout contre un parking dans un parc \u00e0 Aix"},"content":{"rendered":"<div class=\"paragraph\">\n<p><span class=\"mln_uppercase_mln\">\u00e0<\/span> l\u2019entr\u00e9e du parc de la Torse, une barri\u00e8re \u00ab\u00a0<i>normalement ferm\u00e9e, puisque c\u2019est un acc\u00e8s pi\u00e9ton<\/i>\u00a0\u00bb<i> <\/i>est d\u00e9sormais ouverte. Elle laisse acc\u00e9der les voitures d\u2019une association d\u2019insertion par les espaces verts, install\u00e9e quelques m\u00e8tres plus haut, sur le terrain dont le bail lui a \u00e9t\u00e9 c\u00e9d\u00e9 par la Ville et commun\u00e9ment appel\u00e9 Legs Constant. Soumis \u00e0 des am\u00e9nagements, les b\u00e9n\u00e9ficiaires de l\u2019association viennent donc garer leurs v\u00e9hicules sur une parcelle du parc. Une situation qui crispe les riverains.\u00ab\u00a0<i>Avec ces chaleurs, on se dit que c\u2019est une aberration d\u2019enlever un espace de nature pour l\u2019ouvrir aux voitures (&#8230;) c\u2019est un parc hyper fr\u00e9quent\u00e9, et de plus en plus<\/i><i>\u00a0<\/i>\u00bb, se d\u00e9sole Catherine, membre du CIQ la Torse-C\u00e9zanne et membre du Conseil syndical de la Tour d\u2019Aygosi. Fin juin, le sujet commence \u00e0 faire couler de l\u2019encre, lorsque ce m\u00eame conseil fait para\u00eetre une p\u00e9tition en ligne contre<i> <\/i>\u00ab\u00a0<i>la transformation du parc arbor\u00e9 de la Torse en parking<\/i>\u00a0\u00bb<i>.<\/i>\u00ab\u00a0<i>Nous avons obtenu pr\u00e8s de 3<\/i><i>\u00a0<\/i><i>500<\/i><i>\u00a0<\/i><i>signatures<\/i>\u00a0\u00bb, estime Catherine. Un courrier a \u00e9galement \u00e9t\u00e9 envoy\u00e9 dans la foul\u00e9e au premier adjoint, le 13\u00a0juillet et \u00e9voque un dossier \u00ab\u00a0<i>devenu le r\u00e9v\u00e9lateur d\u2019une pr\u00e9occupation plus profonde<\/i><i>\u00a0<\/i><i>: la place accord\u00e9e \u00e0 la nature en ville, la qualit\u00e9 du dialogue entre les \u00e9lus et les citoyens, et la coh\u00e9rence des choix publics face aux d\u00e9fis environnementaux<\/i>\u00a0\u00bb.<i> <\/i><\/p>\n<p><i><\/i><\/p>\n<\/p><\/div>\n<div class=\"intext\"> D\u00e9bat municipal\n              <\/div>\n<div class=\"paragraph\">\n<p>Cl\u00e9ment Frel-Cazenave, \u00e9lu d\u2019opposition municipale Les <span class=\"mln_uppercase_mln\">\u00e9<\/span>cologistes au sein du groupe Aix Avenir (DVG), un peu plus t\u00f4t dans la semaine, estimait que \u00ab\u00a0<i>cet espace utilis\u00e9 par les v\u00e9hicules est bien plus qu\u2019un simple terrain<\/i><i>\u00a0<\/i>\u00bb<i>,<\/i> mais un lieu \u00ab\u00a0<i>fr\u00e9quent\u00e9 chaque jour par de nombreux habitants<\/i>\u00a0\u00bb<i>.<\/i> Pour l\u2019\u00e9lu<i>, <\/i>\u00ab\u00a0<i>autoriser le stationnement de voitures sur cette pelouse pourrait entrainer la d\u00e9gradation d\u2019un patrimoine arbor\u00e9 naturel pr\u00e9cieux<\/i><i>\u00a0<\/i>\u00bb<i>.<\/i> Une d\u00e9cision d\u2019autant plus \u00ab\u00a0<i>difficile \u00e0 comprendre<\/i>\u00a0\u00bb<i> <\/i>alors que \u00ab\u00a0<i>le parking Carcassonne, situ\u00e9 \u00e0 seulement une centaine de m\u00e8tres, dispose de nombreuses places.<\/i>\u00a0\u00bb<i> <\/i>Du c\u00f4t\u00e9 de la municipalit\u00e9, on rappelle que la parcelle concern\u00e9e \u00e9tait<i> <\/i>\u00ab\u00a0<i>laiss\u00e9e en friche, initialement ferm\u00e9e par un portail<\/i>\u00a0\u00bb<i> <\/i>et que \u00ab<i>\u00a0<\/i><i>cette solution a \u00e9t\u00e9 mise en place dans un contexte particulier. Jusqu\u2019\u00e0 pr\u00e9sent, les v\u00e9hicules de cette association \u00e9taient stationn\u00e9s sur un terrain situ\u00e9 en face sur lequel, la Ville vient d\u2019engager des travaux d\u2019am\u00e9nagement destin\u00e9s \u00e0 cr\u00e9er un nouvel espace vert ouvert au public.(&#8230;) Il a donc \u00e9t\u00e9 n\u00e9cessaire de trouver une solution alternative permettant \u00e0 l\u2019association de poursuivre ses activit\u00e9s.<\/i>\u00a0\u00bb<i> <\/i>Sollicit\u00e9e, l\u2019association concern\u00e9e n\u2019a pas pu nous r\u00e9pondre.<\/p>\n<\/p><\/div>\n","protected":false},"excerpt":{"rendered":"&agrave; l&rsquo;entr&eacute;e du parc de la Torse, une barri&egrave;re &laquo;&nbsp;normalement ferm&eacute;e, puisque c&rsquo;est un acc&egrave;s pi&eacute;ton&nbsp;&raquo; est d&eacute;sormais ouverte. Elle laisse acc&eacute;der les voitures &#8230;","protected":false},"author":1,"featured_media":36829,"comment_status":"open","ping_status":"open","sticky":false,"template":"","format":"standard","meta":{"footnotes":""},"categories":[3926,3925,20],"tags":[556,10,373,452,2606,1120,1291,1745,1525,1064,166,720],"news-destination":[3944],"news-source":[475],"is_homepage":[],"ta_other":[],"class_list":["post-36828","post","type-post","status-publish","format-standard","has-post-thumbnail","hentry","category-accueil-merge","category-accueil-third","category-societe","tag-aix-en-provence","tag-bouches-du-rhone","tag-chaleur","tag-debat","tag-espaces-verts","tag-insertion","tag-parc","tag-parking","tag-petition","tag-riverains","tag-travaux","tag-ville","news-destination-homepage","news-source-website"],"_links":{"self":[{"href":"https:\/\/euapp01.newsmemory.com\/lamarseillaise\/news\/wp-json\/wp\/v2\/posts\/36828","targetHints":{"allow":["GET"]}}],"collection":[{"href":"https:\/\/euapp01.newsmemory.com\/lamarseillaise\/news\/wp-json\/wp\/v2\/posts"}],"about":[{"href":"https:\/\/euapp01.newsmemory.com\/lamarseillaise\/news\/wp-json\/wp\/v2\/types\/post"}],"author":[{"embeddable":true,"href":"https:\/\/euapp01.newsmemory.com\/lamarseillaise\/news\/wp-json\/wp\/v2\/users\/1"}],"replies":[{"embeddable":true,"href":"https:\/\/euapp01.newsmemory.com\/lamarseillaise\/news\/wp-json\/wp\/v2\/comments?post=36828"}],"version-history":[{"count":1,"href":"https:\/\/euapp01.newsmemory.com\/lamarseillaise\/news\/wp-json\/wp\/v2\/posts\/36828\/revisions"}],"predecessor-version":[{"id":36830,"href":"https:\/\/euapp01.newsmemory.com\/lamarseillaise\/news\/wp-json\/wp\/v2\/posts\/36828\/revisions\/36830"}],"wp:featuredmedia":[{"embeddable":true,"href":"https:\/\/euapp01.newsmemory.com\/lamarseillaise\/news\/wp-json\/wp\/v2\/media\/36829"}],"wp:attachment":[{"href":"https:\/\/euapp01.newsmemory.com\/lamarseillaise\/news\/wp-json\/wp\/v2\/media?parent=36828"}],"wp:term":[{"taxonomy":"category","embeddable":true,"href":"https:\/\/euapp01.newsmemory.com\/lamarseillaise\/news\/wp-json\/wp\/v2\/categories?post=36828"},{"taxonomy":"post_tag","embeddable":true,"href":"https:\/\/euapp01.newsmemory.com\/lamarseillaise\/news\/wp-json\/wp\/v2\/tags?post=36828"},{"taxonomy":"news-destination","embeddable":true,"href":"https:\/\/euapp01.newsmemory.com\/lamarseillaise\/news\/wp-json\/wp\/v2\/news-destination?post=36828"},{"taxonomy":"news-source","embeddable":true,"href":"https:\/\/euapp01.newsmemory.com\/lamarseillaise\/news\/wp-json\/wp\/v2\/news-source?post=36828"},{"taxonomy":"is_homepage","embeddable":true,"href":"https:\/\/euapp01.newsmemory.com\/lamarseillaise\/news\/wp-json\/wp\/v2\/is_homepage?post=36828"},{"taxonomy":"ta_other","embeddable":true,"href":"https:\/\/euapp01.newsmemory.com\/lamarseillaise\/news\/wp-json\/wp\/v2\/ta_other?post=36828"}],"curies":[{"name":"wp","href":"https:\/\/api.w.org\/{rel}","templated":true}]}}