{"id":36822,"date":"2026-07-20T07:17:00","date_gmt":"2026-07-20T05:17:00","guid":{"rendered":"https:\/\/euapp01.newsmemory.com\/lamarseillaise\/news\/?p=36822"},"modified":"2026-07-20T11:35:42","modified_gmt":"2026-07-20T09:35:42","slug":"paul-seixas-sort-les-griffes-et-se-rapproche-du-podium","status":"publish","type":"post","link":"https:\/\/euapp01.newsmemory.com\/lamarseillaise\/news\/2026\/07\/20\/paul-seixas-sort-les-griffes-et-se-rapproche-du-podium\/","title":{"rendered":"Paul Seixas sort les griffes et se rapproche du podium"},"content":{"rendered":"<div class=\"paragraph\">\n<p>Inaccessible, intouchable, impitoyable, Tadej Pogacar \u00e9crase encore et toujours la concurrence.<\/p>\n<p>Samedi comme dimanche, le porteur du maillot a de nouveau fait preuve d\u2019une ma\u00eetrise absolue. En s\u2019offrant une quatri\u00e8me victoire d\u2019\u00e9tape au sommet du Markstein puis en terminant deuxi\u00e8me \u00e0 Solaison &#8211; Brison, qui lui permet de se rapprocher un peu plus d\u2019un cinqui\u00e8me succ\u00e8s final, dimanche prochain \u00e0 Paris.<\/p>\n<p>Dans la partie finale du col du Haag, \u00e0 7,5\u00a0km de l&#8217;arriv\u00e9e, dans les pentes les plus s\u00e9v\u00e8res de cet ancien chemin forestier transform\u00e9 en piste cyclable, au menu du peloton pour la premi\u00e8re fois, le champion du Monde a fa\u00e7onn\u00e9 une vraie merveille.<\/p>\n<p>Cette fois encore personne n&#8217;a r\u00e9ussi \u00e0 le suivre. N\u00e9anmoins, le spectacle a \u00e9t\u00e9 total derri\u00e8re. Avec dans le r\u00f4le phare Paul Seixas, qui compte plus que jamais se m\u00ealer \u00e0 l&#8217;affaire apr\u00e8s une nouvelle d\u00e9monstration de force absolument bluffante.<\/p>\n<p>Le coureur de la CMA\/CGM bascule dans le top\u00a05 du g\u00e9n\u00e9ral et d\u00e9croche le maillot blanc de meilleur jeune. De quoi entamer la derni\u00e8re semaine dans les meilleures conditions possibles.<\/p>\n<\/p><\/div>\n<div class=\"intext\"> Lourde chute<br \/>\n               <br \/>de Vingegaard\n              <\/div>\n<div class=\"paragraph\">\n<p>Dimanche, l\u2019\u00e9tape devant amener le peloton dans les Alpes a d\u00e9but\u00e9 tr\u00e8s t\u00f4t. Avec des contr\u00f4les antidopage d\u00e8s 2\u00a0heures du matin pour Jonas Vingegaard, et 5\u00a0heures pour Tadej Pogacar. \u00ab\u00a0<i>Comme je me couche toujours tard, \u00e7a a \u00e9t\u00e9 un vrai choc pour moi de n\u2019avoir dormi que quatre heures<\/i><i>\u00a0<\/i>\u00bb a confess\u00e9 le leader du g\u00e9n\u00e9ral au quotidien <i>L\u2019<\/i><i><span class=\"mln_uppercase_mln\">\u00e9<\/span><\/i><i>quipe<\/i>. \u00ab\u00a0<i>J\u2019ai quand m\u00eame pass\u00e9 une matin\u00e9e plut\u00f4t sympa. Impossible de me rendormir, alors je me suis pos\u00e9 tranquillement, j\u2019ai \u00e9cout\u00e9 quelques vieux classiques d\u2019Eminem et je me suis pr\u00e9par\u00e9 plusieurs caf\u00e9s. R\u00e9sultat, j\u2019ai abus\u00e9 de la caf\u00e9ine et je suis pr\u00eat \u00e0 attaquer la journ\u00e9e. Ce n\u2019\u00e9tait vraiment pas agr\u00e9able d\u2019\u00eatre r\u00e9veill\u00e9 en plein milieu d\u2019un beau r\u00eave.<\/i><i>\u00a0<\/i>\u00bb<\/p>\n<p>Sur la route, si l\u2019<span class=\"mln_uppercase_mln\">\u00e9<\/span>tats-unien Quinn Simmons s\u2019est montr\u00e9 dans le Sal\u00e8ve, c\u2019est avant tout les malheurs de Jonas Vingegaard qui ont marqu\u00e9 les esprits. Le Danois a lourdement chut\u00e9 \u00e0 l\u2019approche de la derni\u00e8re difficult\u00e9 du jour, le plateau de Solaison\u00a0&#8211; Brison, alors que son \u00e9quipe venait de lancer une attaque massive. Le dauphin de Tadej Pogacar n\u2019a pas pu reprendre la route, contraint \u00e0 l\u2019abandon. Il est mont\u00e9 dans l\u2019ambulance, le bras droit en \u00e9charpe, \u00e0 15\u00a0kilom\u00e8tres de l\u2019arriv\u00e9e.<\/p>\n<p>Dans les derniers lacets, les attaques ont fus\u00e9. Le duo Pogacar &#8211; Seixas ne se l\u00e2chait pas d\u2019un centim\u00e8tre, tandis que Mauro Schmid faisait, seul, la course en t\u00eate. Derri\u00e8re, Tadej Pogacar lan\u00e7ait la poursuite, au pied du col hors cat\u00e9gorie, aux c\u00f4t\u00e9s de Remco Evenep\u0153l et toujours Paul Seixas.<\/p>\n<p>L\u2019homme du jour, Quinn Simons, lan\u00e7ait un dernier baroud d\u2019honneur, revenant sur le Suisse et le d\u00e9posant \u00e0 9\u00a0kilom\u00e8tres de l\u2019arriv\u00e9e. N\u00e9anmoins, l\u2019attaque finale de Tadej Pogacar, que seuls deux \u00e9quipiers du maillot jaune et Remco Evenepoel suivaient, lui \u00e9tait fatale. Le Belge qui s\u2019offrait la victoire au sprint, devant Tadej Pogacar.<\/p>\n<\/p><\/div>\n<div class=\"paragraph\">\n<p><b>Derni\u00e8re journ\u00e9e de repos<\/b><\/p>\n<p>Les rescap\u00e9s du peloton vont avoir droit \u00e0 leur seconde journ\u00e9e de repos.<\/p>\n<p>Sur les bords du Leman, ils pourront de nouveau recharger les batteries, soigner les plaies et bosses d\u2019une semaine \u00e9prouvante, et se projeter sur la derni\u00e8re semaine, avant la grande arriv\u00e9e, dimanche \u00e0 Paris.<\/p>\n<p>Le rendez-vous de reprise sera un contre-la-montre individuel entre Evian et Thonon-les-Bains. Les coureurs serpenteront entre Leman et Dranse, sur un parcours de 26,1 kilom\u00e8tres, dont la seule difficult\u00e9 sera la C\u00f4te de Larringes, col de deuxi\u00e8me cat\u00e9gorie culminant \u00e0 799 m\u00e8tres, au pied duquel ils franchiront le Pont de la Douceur. Les choses s\u00e9rieuses d\u00e9buteront mercredi.<\/p>\n<\/p><\/div>\n","protected":false},"excerpt":{"rendered":"Inaccessible, intouchable, impitoyable, Tadej Pogacar &eacute;crase encore et toujours la concurrence.Samedi comme dimanche, le porteur du maillot a de nouveau fait preuve d&rsquo;une ma&icirc;trise absolue. En s&rsquo;offrant une quatri&egrave;me &#8230;","protected":false},"author":1,"featured_media":36823,"comment_status":"open","ping_status":"open","sticky":false,"template":"","format":"standard","meta":{"footnotes":""},"categories":[7],"tags":[1144,572,3253],"news-destination":[],"news-source":[475],"is_homepage":[],"ta_other":[],"class_list":["post-36822","post","type-post","status-publish","format-standard","has-post-thumbnail","hentry","category-sports","tag-cyclisme","tag-france","tag-tour-de-france","news-source-website"],"_links":{"self":[{"href":"https:\/\/euapp01.newsmemory.com\/lamarseillaise\/news\/wp-json\/wp\/v2\/posts\/36822","targetHints":{"allow":["GET"]}}],"collection":[{"href":"https:\/\/euapp01.newsmemory.com\/lamarseillaise\/news\/wp-json\/wp\/v2\/posts"}],"about":[{"href":"https:\/\/euapp01.newsmemory.com\/lamarseillaise\/news\/wp-json\/wp\/v2\/types\/post"}],"author":[{"embeddable":true,"href":"https:\/\/euapp01.newsmemory.com\/lamarseillaise\/news\/wp-json\/wp\/v2\/users\/1"}],"replies":[{"embeddable":true,"href":"https:\/\/euapp01.newsmemory.com\/lamarseillaise\/news\/wp-json\/wp\/v2\/comments?post=36822"}],"version-history":[{"count":1,"href":"https:\/\/euapp01.newsmemory.com\/lamarseillaise\/news\/wp-json\/wp\/v2\/posts\/36822\/revisions"}],"predecessor-version":[{"id":36824,"href":"https:\/\/euapp01.newsmemory.com\/lamarseillaise\/news\/wp-json\/wp\/v2\/posts\/36822\/revisions\/36824"}],"wp:featuredmedia":[{"embeddable":true,"href":"https:\/\/euapp01.newsmemory.com\/lamarseillaise\/news\/wp-json\/wp\/v2\/media\/36823"}],"wp:attachment":[{"href":"https:\/\/euapp01.newsmemory.com\/lamarseillaise\/news\/wp-json\/wp\/v2\/media?parent=36822"}],"wp:term":[{"taxonomy":"category","embeddable":true,"href":"https:\/\/euapp01.newsmemory.com\/lamarseillaise\/news\/wp-json\/wp\/v2\/categories?post=36822"},{"taxonomy":"post_tag","embeddable":true,"href":"https:\/\/euapp01.newsmemory.com\/lamarseillaise\/news\/wp-json\/wp\/v2\/tags?post=36822"},{"taxonomy":"news-destination","embeddable":true,"href":"https:\/\/euapp01.newsmemory.com\/lamarseillaise\/news\/wp-json\/wp\/v2\/news-destination?post=36822"},{"taxonomy":"news-source","embeddable":true,"href":"https:\/\/euapp01.newsmemory.com\/lamarseillaise\/news\/wp-json\/wp\/v2\/news-source?post=36822"},{"taxonomy":"is_homepage","embeddable":true,"href":"https:\/\/euapp01.newsmemory.com\/lamarseillaise\/news\/wp-json\/wp\/v2\/is_homepage?post=36822"},{"taxonomy":"ta_other","embeddable":true,"href":"https:\/\/euapp01.newsmemory.com\/lamarseillaise\/news\/wp-json\/wp\/v2\/ta_other?post=36822"}],"curies":[{"name":"wp","href":"https:\/\/api.w.org\/{rel}","templated":true}]}}