{"id":36816,"date":"2026-07-20T07:20:00","date_gmt":"2026-07-20T05:20:00","guid":{"rendered":"https:\/\/euapp01.newsmemory.com\/lamarseillaise\/news\/?p=36816"},"modified":"2026-07-20T10:03:21","modified_gmt":"2026-07-20T08:03:21","slug":"coupe-du-monde-miramas-etait-a-fond-derriere-lequipe-despagne","status":"publish","type":"post","link":"https:\/\/euapp01.newsmemory.com\/lamarseillaise\/news\/2026\/07\/20\/coupe-du-monde-miramas-etait-a-fond-derriere-lequipe-despagne\/","title":{"rendered":"[Coupe du Monde] Miramas \u00e9tait \u00e0 fond derri\u00e8re l\u2019\u00e9quipe d\u2019Espagne"},"content":{"rendered":"<div class=\"paragraph\">\n<p>Nouvelles Activit\u00e9s Footballistiques et Sportives League, derri\u00e8re ce nom se cache un groupe de lyc\u00e9ens qui veut proposer des animations autour du sport.<\/p>\n<p>Leur premier rendez-vous, dimanche, pour la finale de la Coupe du Monde Espagne\u00a0&#8211; Argentine, a \u00e9t\u00e9 une belle r\u00e9ussite. Jeunes et moins jeunes se sont donn\u00e9 rendez-vous sur la plaine des sports de Saint-Suspi pour partager l\u2019\u00e9v\u00e9nement.<\/p>\n<p>Pour patienter jusqu\u2019au coup d\u2019envoi, donn\u00e9 \u00e0 21\u00a0heures, Mathieu, Kaya, Simon et Lena avaient organis\u00e9 quiz g\u00e9ant et concours de pronostics pour faire monter l\u2019ambiance.<\/p>\n<\/p><\/div>\n<div class=\"intext\"> Plus fort que Barthez\n              <\/div>\n<div class=\"paragraph\">\n<p>Avant m\u00eame les hymnes, l\u2019Espagne avait la cote \u00e0 Miramas. Il suffisait de compter les maillots et \u00e9couter les commentaires. \u00ab\u00a0<i>Yamal il va leur faire la mis\u00e8re<\/i><i>\u00a0<\/i>\u00bb, \u00ab\u00a0<i>Messi, il est trop vieux<\/i><i>\u00a0<\/i>\u00bb, \u00ab\u00a0<i>Simon, il est plus fort que Barthez<\/i><i>\u00a0<\/i>\u00bb pouvait-on entendre, alors que la p\u00e9nombre tombait sur le site.<\/p>\n<p>Au milieu de cet oc\u00e9an en faveur de la Roja, quelques voix, timides, ont os\u00e9 miser sur les champions du Monde en titre. \u00ab\u00a0<i>Ils vont y aller \u00e0 l\u2019usure, et puis, Messi peut aussi aller chercher le Ballon d\u2019or<\/i><i>\u00a0<\/i>\u00bb, se risque ce p\u00e8re de famille, qui se souvient de Diego Maradona.<\/p>\n<p>Pour un coup d\u2019essai, il est r\u00e9ussi. \u00ab\u00a0<i>Nous saluons cette initiative, que nous avons int\u00e9gr\u00e9e \u00e0 nos soir\u00e9es du Lac, car elle entrait en plein dans la th\u00e9matique. Ce que font Mathieu Roux et ses amis est tr\u00e8s bien. Ils ont de beaux projets plein la t\u00eate qui sensibilisent les jeunes \u00e0 diverses th\u00e9matiques. Il faut les encourager<\/i><i>\u00a0<\/i>\u00bb souligne Christophe Caillault, adjoint \u00e0 l\u2019\u00e9ducation et \u00e0 la jeunesse.<\/p>\n<p>Quant au champion du Monde, il a \u00e9t\u00e9 sacr\u00e9 au bout de la nuit.<\/p>\n<\/p><\/div>\n","protected":false},"excerpt":{"rendered":"Nouvelles Activit&eacute;s Footballistiques et Sportives League, derri&egrave;re ce nom se cache un groupe de lyc&eacute;ens qui veut proposer des animations autour du sport.Leur premier rendez-vous, dimanche, pour la finale de la Coupe du Monde &#8230;","protected":false},"author":1,"featured_media":36817,"comment_status":"open","ping_status":"open","sticky":false,"template":"","format":"standard","meta":{"footnotes":""},"categories":[7],"tags":[10,1097,13,1578],"news-destination":[],"news-source":[475],"is_homepage":[],"ta_other":[],"class_list":["post-36816","post","type-post","status-publish","format-standard","has-post-thumbnail","hentry","category-sports","tag-bouches-du-rhone","tag-coupe-du-monde","tag-football","tag-miramas","news-source-website"],"_links":{"self":[{"href":"https:\/\/euapp01.newsmemory.com\/lamarseillaise\/news\/wp-json\/wp\/v2\/posts\/36816","targetHints":{"allow":["GET"]}}],"collection":[{"href":"https:\/\/euapp01.newsmemory.com\/lamarseillaise\/news\/wp-json\/wp\/v2\/posts"}],"about":[{"href":"https:\/\/euapp01.newsmemory.com\/lamarseillaise\/news\/wp-json\/wp\/v2\/types\/post"}],"author":[{"embeddable":true,"href":"https:\/\/euapp01.newsmemory.com\/lamarseillaise\/news\/wp-json\/wp\/v2\/users\/1"}],"replies":[{"embeddable":true,"href":"https:\/\/euapp01.newsmemory.com\/lamarseillaise\/news\/wp-json\/wp\/v2\/comments?post=36816"}],"version-history":[{"count":1,"href":"https:\/\/euapp01.newsmemory.com\/lamarseillaise\/news\/wp-json\/wp\/v2\/posts\/36816\/revisions"}],"predecessor-version":[{"id":36818,"href":"https:\/\/euapp01.newsmemory.com\/lamarseillaise\/news\/wp-json\/wp\/v2\/posts\/36816\/revisions\/36818"}],"wp:featuredmedia":[{"embeddable":true,"href":"https:\/\/euapp01.newsmemory.com\/lamarseillaise\/news\/wp-json\/wp\/v2\/media\/36817"}],"wp:attachment":[{"href":"https:\/\/euapp01.newsmemory.com\/lamarseillaise\/news\/wp-json\/wp\/v2\/media?parent=36816"}],"wp:term":[{"taxonomy":"category","embeddable":true,"href":"https:\/\/euapp01.newsmemory.com\/lamarseillaise\/news\/wp-json\/wp\/v2\/categories?post=36816"},{"taxonomy":"post_tag","embeddable":true,"href":"https:\/\/euapp01.newsmemory.com\/lamarseillaise\/news\/wp-json\/wp\/v2\/tags?post=36816"},{"taxonomy":"news-destination","embeddable":true,"href":"https:\/\/euapp01.newsmemory.com\/lamarseillaise\/news\/wp-json\/wp\/v2\/news-destination?post=36816"},{"taxonomy":"news-source","embeddable":true,"href":"https:\/\/euapp01.newsmemory.com\/lamarseillaise\/news\/wp-json\/wp\/v2\/news-source?post=36816"},{"taxonomy":"is_homepage","embeddable":true,"href":"https:\/\/euapp01.newsmemory.com\/lamarseillaise\/news\/wp-json\/wp\/v2\/is_homepage?post=36816"},{"taxonomy":"ta_other","embeddable":true,"href":"https:\/\/euapp01.newsmemory.com\/lamarseillaise\/news\/wp-json\/wp\/v2\/ta_other?post=36816"}],"curies":[{"name":"wp","href":"https:\/\/api.w.org\/{rel}","templated":true}]}}