{"id":36813,"date":"2026-07-20T07:14:00","date_gmt":"2026-07-20T05:14:00","guid":{"rendered":"https:\/\/euapp01.newsmemory.com\/lamarseillaise\/news\/?p=36813"},"modified":"2026-07-25T11:02:44","modified_gmt":"2026-07-25T09:02:44","slug":"didier-deschamps-sefface-zinedine-zidane-en-approche","status":"publish","type":"post","link":"https:\/\/euapp01.newsmemory.com\/lamarseillaise\/news\/2026\/07\/20\/didier-deschamps-sefface-zinedine-zidane-en-approche\/","title":{"rendered":"Didier Deschamps s\u2019efface, Zin\u00e9dine Zidane en approche"},"content":{"rendered":"<div class=\"paragraph\">\n<p>Et une petite finale de Coupe du Monde qui fait 185.<\/p>\n<p>Apr\u00e8s quatorze ans sur le banc de l\u2019\u00e9quipe de France, Didier Deschamps a dit au revoir \u00e0 une s\u00e9lection qui lui a permis de tout gagner et de tout vivre, y compris cette petite finale au sc\u00e9nario improbable. \u00ab\u00a0<i>Pour la premi\u00e8re fois, je me suis dit<\/i><i>\u00a0<\/i><i>: c\u2019est la derni\u00e8re fois que tu fais \u00e7a<\/i><i>\u00a0<\/i>\u00bb. a-t-il confi\u00e9, apr\u00e8s le duel des frustr\u00e9s contre l\u2019Angleterre, perdu 6\u00a0&#8211; \u00a04.<\/p>\n<p>En tant que joueur, capitaine puis s\u00e9lectionneur, le Basque aura \u00e9crit les plus belles pages de l\u2019histoire des Bleus. Sacr\u00e9 en 1998 en tant que capitaine, puis en 2018 en tant que s\u00e9lectionneur, il a permis \u00e9galement au football fran\u00e7ais de retrouver des couleurs, apr\u00e8s la p\u00e9riode compliqu\u00e9e qui a suivi la finale mondiale perdue en 2006.<\/p>\n<\/p><\/div>\n<div class=\"intext\"> Deux travers\u00e9es du d\u00e9sert\n              <\/div>\n<div class=\"paragraph\">\n<p><span class=\"mln_uppercase_mln\">\u00e0<\/span> chacun de ses passages, Didier Deschamps a redress\u00e9 la barre. En tant que joueur, il \u00e9tait de la g\u00e9n\u00e9ration de la premi\u00e8re \u00e9toile, puis du sacre n\u00e9erlandais \u00e0 l\u2019Euro, \u00e0 la sortie d\u2019une premi\u00e8re travers\u00e9e du d\u00e9sert sportif, de 1986 \u00e0 1998.<\/p>\n<p>En tant que s\u00e9lectionneur, il a pris le relais de Laurent Blanc, lessiv\u00e9 par un Euro 2012 rat\u00e9, deux ans apr\u00e8s l\u2019humiliation de Knysna en Coupe du Monde. Didier Deschamps avait la recette pour faire gagner ses \u00e9quipes.<\/p>\n<p>Il a conduit Monaco en finale de la Ligue des Champions. Permis \u00e0 l\u2019OM de regagner des troph\u00e9es, six en trois ans, dont le onzi\u00e8me titre de champion de France en 2010. Il \u00e9tait logique qu\u2019il soit appel\u00e9 au chevet de l\u2019\u00e9quipe de France.<\/p>\n<p>Apr\u00e8s un coup d\u2019essai, lors du Mondial br\u00e9silien, en 2014, o\u00f9 l\u2019aventure s\u2019est achev\u00e9e en quart de finale face \u00e0 l\u2019Allemagne, le rendement est all\u00e9 crescendo. Une finale d\u2019Euro 2016, perdue contre le cours du jeu face au Portugal (0\u00a0&#8211;\u00a01) au Stade de France. Suivie d\u2019une Coupe du Monde exceptionnelle, o\u00f9 vingt ans apr\u00e8s, il a permis aux Bleus de broder leur seconde \u00e9toile dans la nuit russe en surclassant la Croatie (4\u00a0&#8211;\u00a02). Dans la foul\u00e9e, viendra une victoire en Ligue des Nations (2021).<\/p>\n<p>DD et les Bleus \u00e9taient alors au z\u00e9nith. Malgr\u00e9 les reproches pour son jeu trop prudent, le groupe a trac\u00e9 sa route. Flirtant m\u00eame avec une troisi\u00e8me \u00e9toile que l\u2019Argentine r\u00e9coltera finalement.<\/p>\n<p>Ses derni\u00e8res ann\u00e9es \u00e0 la t\u00eate de l\u2019\u00e9quipe de France rappelle ses derniers mois d\u2019entra\u00eeneur \u00e0 l\u2019OM. Avec une lente rentr\u00e9e dans le rang, marqu\u00e9e par deux Euros en demi-teinte, malgr\u00e9 une demi-finale, perdue, contre l\u2019Espagne lors du tournoi en Allemagne (2024).<\/p>\n<p>Il esp\u00e9rait vivre une troisi\u00e8me finale mondiale cons\u00e9cutive. Il s\u2019est content\u00e9 d\u2019une quatri\u00e8me place pour sa derni\u00e8re.<\/p>\n<p>Reste maintenant \u00e0 son successeur, Zin\u00e9dine Zidane qui prendra ses fonctions le 1<sup>er<\/sup>\u00a0septembre, \u00e0 tourner la page et d\u00e9marrer une autre histoire.<\/p>\n<\/p><\/div>\n","protected":false},"excerpt":{"rendered":"Et une petite finale de Coupe du Monde qui fait 185.","protected":false},"author":1,"featured_media":36814,"comment_status":"open","ping_status":"open","sticky":false,"template":"","format":"standard","meta":{"footnotes":""},"categories":[3926,3925,7],"tags":[1097,1000,999,276,13,4066],"news-destination":[3944],"news-source":[475],"is_homepage":[],"ta_other":[],"class_list":["post-36813","post","type-post","status-publish","format-standard","has-post-thumbnail","hentry","category-accueil-merge","category-accueil-third","category-sports","tag-coupe-du-monde","tag-didier-deschamps","tag-equipe-de-france","tag-etats-unis","tag-football","tag-zinedine-zidane","news-destination-homepage","news-source-website"],"_links":{"self":[{"href":"https:\/\/euapp01.newsmemory.com\/lamarseillaise\/news\/wp-json\/wp\/v2\/posts\/36813","targetHints":{"allow":["GET"]}}],"collection":[{"href":"https:\/\/euapp01.newsmemory.com\/lamarseillaise\/news\/wp-json\/wp\/v2\/posts"}],"about":[{"href":"https:\/\/euapp01.newsmemory.com\/lamarseillaise\/news\/wp-json\/wp\/v2\/types\/post"}],"author":[{"embeddable":true,"href":"https:\/\/euapp01.newsmemory.com\/lamarseillaise\/news\/wp-json\/wp\/v2\/users\/1"}],"replies":[{"embeddable":true,"href":"https:\/\/euapp01.newsmemory.com\/lamarseillaise\/news\/wp-json\/wp\/v2\/comments?post=36813"}],"version-history":[{"count":1,"href":"https:\/\/euapp01.newsmemory.com\/lamarseillaise\/news\/wp-json\/wp\/v2\/posts\/36813\/revisions"}],"predecessor-version":[{"id":36815,"href":"https:\/\/euapp01.newsmemory.com\/lamarseillaise\/news\/wp-json\/wp\/v2\/posts\/36813\/revisions\/36815"}],"wp:featuredmedia":[{"embeddable":true,"href":"https:\/\/euapp01.newsmemory.com\/lamarseillaise\/news\/wp-json\/wp\/v2\/media\/36814"}],"wp:attachment":[{"href":"https:\/\/euapp01.newsmemory.com\/lamarseillaise\/news\/wp-json\/wp\/v2\/media?parent=36813"}],"wp:term":[{"taxonomy":"category","embeddable":true,"href":"https:\/\/euapp01.newsmemory.com\/lamarseillaise\/news\/wp-json\/wp\/v2\/categories?post=36813"},{"taxonomy":"post_tag","embeddable":true,"href":"https:\/\/euapp01.newsmemory.com\/lamarseillaise\/news\/wp-json\/wp\/v2\/tags?post=36813"},{"taxonomy":"news-destination","embeddable":true,"href":"https:\/\/euapp01.newsmemory.com\/lamarseillaise\/news\/wp-json\/wp\/v2\/news-destination?post=36813"},{"taxonomy":"news-source","embeddable":true,"href":"https:\/\/euapp01.newsmemory.com\/lamarseillaise\/news\/wp-json\/wp\/v2\/news-source?post=36813"},{"taxonomy":"is_homepage","embeddable":true,"href":"https:\/\/euapp01.newsmemory.com\/lamarseillaise\/news\/wp-json\/wp\/v2\/is_homepage?post=36813"},{"taxonomy":"ta_other","embeddable":true,"href":"https:\/\/euapp01.newsmemory.com\/lamarseillaise\/news\/wp-json\/wp\/v2\/ta_other?post=36813"}],"curies":[{"name":"wp","href":"https:\/\/api.w.org\/{rel}","templated":true}]}}