{"id":36810,"date":"2026-07-20T07:12:00","date_gmt":"2026-07-20T05:12:00","guid":{"rendered":"https:\/\/euapp01.newsmemory.com\/lamarseillaise\/news\/?p=36810"},"modified":"2026-07-25T10:55:33","modified_gmt":"2026-07-25T08:55:33","slug":"les-opposants-au-data-center-durcissent-le-ton","status":"publish","type":"post","link":"https:\/\/euapp01.newsmemory.com\/lamarseillaise\/news\/2026\/07\/20\/les-opposants-au-data-center-durcissent-le-ton\/","title":{"rendered":"Les opposants au data center durcissent le ton"},"content":{"rendered":"<div class=\"paragraph\">\n<p>\u00ab <i>L<\/i><i>es riverains n\u2019ont plus confiance<\/i>\u00a0\u00bb, r\u00e9sume Philippe Chabeaudy, membre du CIQ des Palli\u00e8res. Depuis la signature du permis de construire par l\u2019ancien maire Michel Amiel, le 18\u00a0f\u00e9vrier dernier, les CIQ des Palli\u00e8res, des Sibylles et d\u2019Amphoux ont multipli\u00e9 les recours, avec l\u2019aide du MNLE. Apr\u00e8s une visite du terrain, son pr\u00e9sident, Christian Pellicani, est cat\u00e9gorique\u00a0: \u00ab\u00a0<i>Le site n\u2019est pas adapt\u00e9, ils ont simplement contourn\u00e9 les difficult\u00e9s de proc\u00e9dure<\/i>. <i>Pour l\u2019heure, ni la justice ni la pr\u00e9fecture n\u2019ont r\u00e9pondu au recours<\/i>.\u00a0\u00bb Philippe Chabeaudy veut toujours croire que le Data center, projet port\u00e9 par la soci\u00e9t\u00e9 Telehouse, ne verra pas le jour\u00a0: \u00ab\u00a0<i>Nous pensons que nos recours ont de tr\u00e8s bonnes chances d\u2019aboutir<\/i>\u00a0\u00bb.<\/p>\n<p>\u00c0 l\u2019issue de la r\u00e9union de jeudi avec les membres des CIQ, le MNLE annonce \u00ab\u00a0<i>de nouveaux moyens pour aller plus loin<\/i>\u00a0\u00bb, avec l\u2019aide de son avocate. Une r\u00e9union publique est annonc\u00e9e pour septembre.<\/p>\n<p>\u00ab\u00a0<i>Il y a une accumulation de raisons inadmissibles, aussi bien du point de vue humain que technique ou environnemental<\/i>\u00a0\u00bb, juge Philippe Chabeaudy. Les opposants d\u00e9noncent la pr\u00e9sence de produits chimiques, de fluides r\u00e9frig\u00e9rants et d\u2019une quantit\u00e9 importante de carburant pour faire fonctionner la structure. Ils \u00e9voquent un \u00ab<i>\u00a0<\/i><i>contournement du PPRIF<\/i>\u00a0\u00bb, Plan de pr\u00e9vention des risques d\u2019incendie de for\u00eat, qui interdit \u00ab\u00a0<i>en principe ce type d\u2019installation class\u00e9e sur ce terrain<\/i>\u00a0\u00bb. La chaleur produite par le data center, dite chaleur fatale, marque un autre point de crispation. Le site \u00e9vacuerait 70\u00a0m\u00e9gawatts, \u00ab\u00a0<i>l\u2019\u00e9quivalent de 70<\/i><i>\u00a0<\/i><i>000<\/i><i>\u00a0<\/i><i>radiateurs de 1<\/i><i>\u00a0<\/i><i>000<\/i><i>\u00a0<\/i><i>watts<\/i>, selon Philippe Chabeaudy. <i>\u00c0 proximit\u00e9 imm\u00e9diate de la pin\u00e8de, produire une chaleur aussi importante est criminel<\/i>\u00a0\u00bb.<\/p>\n<\/p><\/div>\n<div class=\"intext\"> \u00ab\u00a0Redistribuer la chaleur\u00a0\u00bb\n              <\/div>\n<div class=\"paragraph\">\n<p>Lors du dernier conseil municipal, le 6\u00a0juillet, le maire des Pennes-Mirabeau, Romain Amaro, promettait de \u00ab\u00a0<i>redistribuer la chaleur fatale de l\u2019infrastructure<\/i>\u00a0\u00bb aux habitants, \u00e9voquant une \u00e9tude lanc\u00e9e en ce sens. Initiative \u00ab\u00a0<i>utopique<\/i><i>\u00a0<\/i>\u00bb selon Philippe Chabeaudy. Dans un communiqu\u00e9, le 10\u00a0avril, Romain Amaro se disait par ailleurs \u00ab\u00a0<i>victime de la signature pr\u00e9cipit\u00e9e<\/i>\u00a0\u00bb de l\u2019ancienne majorit\u00e9, ajoutant avoir \u00ab\u00a0<i>signifi\u00e9 \u00e0 Telehouse une intransigeance totale. Si le projet devait avancer, il devra imp\u00e9rativement se plier aux attentes l\u00e9gitimes de la population.<\/i>\u00a0\u00bb<\/p>\n<p>Le pr\u00e9sident du MNLE d\u00e9nonce aussi le \u00ab\u00a0<i>mythe des data centers cr\u00e9ateurs d\u2019emplois<\/i>\u00a0\u00bb. Selon lui, ces infrastructures serviraient avant tout \u00ab\u00a0<i>aux g\u00e9ants des GAFAM \u00e0 nourrir leurs actionnaires de b\u00e9n\u00e9fices<\/i><i>\u00a0<\/i>\u00bb. Une manifestation est pr\u00e9vue \u00e0 la rentr\u00e9e. Contact\u00e9e, la soci\u00e9t\u00e9 Telehouse n\u2019a pas donn\u00e9 suite.<\/p>\n<\/p><\/div>\n","protected":false},"excerpt":{"rendered":"&laquo; Les riverains n&rsquo;ont plus confiance&nbsp;&raquo;, r&eacute;sume Philippe Chabeaudy, membre du CIQ des Palli&egrave;res. Depuis la signature du permis de construire par l&rsquo;ancien maire Michel Amiel, le 18&nbsp;f&eacute;vrier &#8230;","protected":false},"author":1,"featured_media":36811,"comment_status":"open","ping_status":"open","sticky":false,"template":"","format":"standard","meta":{"footnotes":""},"categories":[3926,3925,333,20],"tags":[138,10,3277,1396,3375,1260,560,116,431,1911,1064],"news-destination":[3944],"news-source":[475],"is_homepage":[],"ta_other":[],"class_list":["post-36810","post","type-post","status-publish","format-standard","has-post-thumbnail","hentry","category-accueil-merge","category-accueil-third","category-environnement","category-societe","tag-associations","tag-bouches-du-rhone","tag-data-centers","tag-incendies","tag-les-pennes-mirabeau","tag-lutte","tag-manifestation","tag-pollution","tag-prevention","tag-risques","tag-riverains","news-destination-homepage","news-source-website"],"_links":{"self":[{"href":"https:\/\/euapp01.newsmemory.com\/lamarseillaise\/news\/wp-json\/wp\/v2\/posts\/36810","targetHints":{"allow":["GET"]}}],"collection":[{"href":"https:\/\/euapp01.newsmemory.com\/lamarseillaise\/news\/wp-json\/wp\/v2\/posts"}],"about":[{"href":"https:\/\/euapp01.newsmemory.com\/lamarseillaise\/news\/wp-json\/wp\/v2\/types\/post"}],"author":[{"embeddable":true,"href":"https:\/\/euapp01.newsmemory.com\/lamarseillaise\/news\/wp-json\/wp\/v2\/users\/1"}],"replies":[{"embeddable":true,"href":"https:\/\/euapp01.newsmemory.com\/lamarseillaise\/news\/wp-json\/wp\/v2\/comments?post=36810"}],"version-history":[{"count":1,"href":"https:\/\/euapp01.newsmemory.com\/lamarseillaise\/news\/wp-json\/wp\/v2\/posts\/36810\/revisions"}],"predecessor-version":[{"id":36812,"href":"https:\/\/euapp01.newsmemory.com\/lamarseillaise\/news\/wp-json\/wp\/v2\/posts\/36810\/revisions\/36812"}],"wp:featuredmedia":[{"embeddable":true,"href":"https:\/\/euapp01.newsmemory.com\/lamarseillaise\/news\/wp-json\/wp\/v2\/media\/36811"}],"wp:attachment":[{"href":"https:\/\/euapp01.newsmemory.com\/lamarseillaise\/news\/wp-json\/wp\/v2\/media?parent=36810"}],"wp:term":[{"taxonomy":"category","embeddable":true,"href":"https:\/\/euapp01.newsmemory.com\/lamarseillaise\/news\/wp-json\/wp\/v2\/categories?post=36810"},{"taxonomy":"post_tag","embeddable":true,"href":"https:\/\/euapp01.newsmemory.com\/lamarseillaise\/news\/wp-json\/wp\/v2\/tags?post=36810"},{"taxonomy":"news-destination","embeddable":true,"href":"https:\/\/euapp01.newsmemory.com\/lamarseillaise\/news\/wp-json\/wp\/v2\/news-destination?post=36810"},{"taxonomy":"news-source","embeddable":true,"href":"https:\/\/euapp01.newsmemory.com\/lamarseillaise\/news\/wp-json\/wp\/v2\/news-source?post=36810"},{"taxonomy":"is_homepage","embeddable":true,"href":"https:\/\/euapp01.newsmemory.com\/lamarseillaise\/news\/wp-json\/wp\/v2\/is_homepage?post=36810"},{"taxonomy":"ta_other","embeddable":true,"href":"https:\/\/euapp01.newsmemory.com\/lamarseillaise\/news\/wp-json\/wp\/v2\/ta_other?post=36810"}],"curies":[{"name":"wp","href":"https:\/\/api.w.org\/{rel}","templated":true}]}}