{"id":36807,"date":"2026-07-20T07:13:00","date_gmt":"2026-07-20T05:13:00","guid":{"rendered":"https:\/\/euapp01.newsmemory.com\/lamarseillaise\/news\/?p=36807"},"modified":"2026-07-25T10:55:33","modified_gmt":"2026-07-25T08:55:33","slug":"robin-pretot-pour-la-liaison-fos-salon","status":"publish","type":"post","link":"https:\/\/euapp01.newsmemory.com\/lamarseillaise\/news\/2026\/07\/20\/robin-pretot-pour-la-liaison-fos-salon\/","title":{"rendered":"Robin Pr\u00e9tot pour la liaison Fos-Salon"},"content":{"rendered":"<div class=\"paragraph\">\n<p>Alors qu\u2019une nouvelle s\u00e9quence de concertation concernant la liaison Fos-Salon vient de s\u2019achever, le maire d\u2019Istres, Robin Pr\u00e9tot (LR), consid\u00e8re ce pr\u00e9projet comme une opportunit\u00e9 et l\u2019a soutenu lors du conseil municipal du 16\u00a0juillet. Et ce, malgr\u00e9 le changement des modalit\u00e9s de financement envisag\u00e9es par la Dreal.<\/p>\n<p>L\u2019hypoth\u00e8se d\u2019un financement public \u00e0 hauteur de 50\u00a0% pour cette infrastructure a \u00e9t\u00e9 \u00e9cart\u00e9e pour pr\u00e9f\u00e9rer \u00ab\u00a0<i>l\u2019opportunit\u00e9 offerte par le renouvellement des concessions autorouti\u00e8res<\/i>\u00a0\u00bb, qui s\u2019\u00e9taleront entre\u00a02031 et\u00a02036. Robin Pr\u00e9tot y voit une \u00ab\u00a0<i>hypoth\u00e8se int\u00e9ressante<\/i>\u00a0\u00bb\u00a0: \u00ab\u00a0<i>Je consid\u00e8re (&#8230;) que l\u2019\u00c9tat aurait d\u00fb mettre depuis bien longtemps les moyens sur la table pour cr\u00e9er cette deux fois deux voies d\u2019int\u00e9r\u00eat national qui b\u00e9n\u00e9ficie \u00e0 toute l\u2019\u00e9conomie fran\u00e7aise voire europ\u00e9enne, mais l\u2019\u00c9tat pas pr\u00eat \u00e0 mettre 566<\/i><i>\u00a0<\/i><i>millions d\u2019euros. (&#8230;) Aujourd\u2019hui, on a une possibilit\u00e9 que \u00e7a se fasse et que ce soit pay\u00e9 par un priv\u00e9 avec un int\u00e9r\u00eat int\u00e9ressant pour Istres.<\/i>\u00a0\u00bb Il poursuit\u00a0: \u00ab\u00a0\u00c7<i>a permettrait que le porteur porte tout \u00e7a 100<\/i><i>\u00a0<\/i><i>% \u00e0 sa charge, en \u00e9change de quoi il y aurait deux p\u00e9ages<\/i><i>\u00a0<\/i><i>: un au-dessus du rond-point de Clesud pour acc\u00e9der \u00e0 l\u2019autoroute, qui existe d\u00e9j\u00e0 mais serait avanc\u00e9, l\u2019autre au-dessus de Ventillon \u00e0 Fos-sur-Mer. (&#8230;) L\u2019axe partant vers Parsemain resterait gratuit. On aurait desserte locale gratuite<\/i><i>\u00a0<\/i><i>: on ne paierait pas en partant d\u2019Istres pour aller \u00e0 Fos ou Miramas<\/i>\u00a0\u00bb.<\/p>\n<p>Un autre sc\u00e9nario est pourtant envisag\u00e9\u00a0: celui d\u2019un p\u00e9age complet du nord au sud de cette deux fois deux voies de 25\u00a0km, pour un tarif de 9,6\u00a0centimes par km pour les v\u00e9hicules l\u00e9gers et 28,8\u00a0centimes pour les poids lourds.<\/p>\n<\/p><\/div>\n<div class=\"intext\"> Haro sur les d\u00e9p\u00f4ts sauvages\n              <\/div>\n<div class=\"paragraph\">\n<p>Lors de la derni\u00e8re s\u00e9ance avant la tr\u00eave estivale, les \u00e9lus ont \u00e9galement vot\u00e9 \u00e0 l\u2019unanimit\u00e9 l\u2019instauration d\u2019une amende administrative pour les d\u00e9p\u00f4ts sauvages de d\u00e9chets \u00e0 compter du 1<sup>er<\/sup>\u00a0ao\u00fbt.<\/p>\n<p>L\u2019adjoint d\u00e9l\u00e9gu\u00e9 \u00e0 l\u2019environnement Luc Brezia pr\u00e9cise les tarifs\u00a0: \u00ab\u00a0<i>De 150<\/i><i>\u00a0<\/i><i>euros \u00e0 1<\/i><i>\u00a0<\/i><i>500<\/i><i>\u00a0<\/i><i>euros pour personnes physiques et le double pour personnes morales. Des majorations seront appliqu\u00e9es en cas de r\u00e9cidives ou quand volume de d\u00e9chet d\u00e9passe 1<\/i><i>\u00a0<\/i><i>m<\/i><i><sup>3<\/sup><\/i>.\u00a0\u00bb Robin Pr\u00e9tot ajoute\u00a0: \u00ab\u00a0<i>Un second garde champ\u00eatre a \u00e9t\u00e9 recrut\u00e9 pour renforcer la brigade verte qui est habilit\u00e9e \u00e0 pouvoir administrer ce genre d\u2019amende \u00e9lev\u00e9e<\/i>\u00a0\u00bb.<\/p>\n<p>Pour l\u2019\u00e9lu d\u2019opposition Patrick Grimaldi, toute la politique de gestion des d\u00e9chets est \u00e0 revoir. Selon lui, \u00ab<i>\u00a0<\/i><i>la d\u00e9cision m\u00e9tropolitaine de demander aux entreprises d\u2019assurer la gestion de leurs d\u00e9chets avec des prestataires priv\u00e9s<\/i>\u00a0\u00bb et \u00ab\u00a0<i>les contraintes en nombre de passages dans les d\u00e9chetteries mises en place pour les administr\u00e9s<\/i>\u00a0\u00bb a jou\u00e9 un r\u00f4le dans la multiplication des d\u00e9p\u00f4ts sauvages.<\/p>\n<\/p><\/div>\n","protected":false},"excerpt":{"rendered":"Alors qu&rsquo;une nouvelle s&eacute;quence de concertation concernant la liaison Fos-Salon vient de s&rsquo;achever, le maire d&rsquo;Istres, Robin Pr&eacute;tot (LR), consid&egrave;re ce pr&eacute;projet comme une opportunit&eacute; et l&rsquo;a &#8230;","protected":false},"author":1,"featured_media":36808,"comment_status":"open","ping_status":"open","sticky":false,"template":"","format":"standard","meta":{"footnotes":""},"categories":[3926,3925,330],"tags":[1329,10,146,3414,148,163,816,534,4088,5793,1400,1183],"news-destination":[3944],"news-source":[475],"is_homepage":[],"ta_other":[],"class_list":["post-36807","post","type-post","status-publish","format-standard","has-post-thumbnail","hentry","category-accueil-merge","category-accueil-third","category-politique","tag-autoroute","tag-bouches-du-rhone","tag-concertation","tag-concessions","tag-conseil-municipal","tag-financement","tag-gestion-des-dechets","tag-istres","tag-peage","tag-robin-pretot","tag-routes","tag-vehicules","news-destination-homepage","news-source-website"],"_links":{"self":[{"href":"https:\/\/euapp01.newsmemory.com\/lamarseillaise\/news\/wp-json\/wp\/v2\/posts\/36807","targetHints":{"allow":["GET"]}}],"collection":[{"href":"https:\/\/euapp01.newsmemory.com\/lamarseillaise\/news\/wp-json\/wp\/v2\/posts"}],"about":[{"href":"https:\/\/euapp01.newsmemory.com\/lamarseillaise\/news\/wp-json\/wp\/v2\/types\/post"}],"author":[{"embeddable":true,"href":"https:\/\/euapp01.newsmemory.com\/lamarseillaise\/news\/wp-json\/wp\/v2\/users\/1"}],"replies":[{"embeddable":true,"href":"https:\/\/euapp01.newsmemory.com\/lamarseillaise\/news\/wp-json\/wp\/v2\/comments?post=36807"}],"version-history":[{"count":1,"href":"https:\/\/euapp01.newsmemory.com\/lamarseillaise\/news\/wp-json\/wp\/v2\/posts\/36807\/revisions"}],"predecessor-version":[{"id":36809,"href":"https:\/\/euapp01.newsmemory.com\/lamarseillaise\/news\/wp-json\/wp\/v2\/posts\/36807\/revisions\/36809"}],"wp:featuredmedia":[{"embeddable":true,"href":"https:\/\/euapp01.newsmemory.com\/lamarseillaise\/news\/wp-json\/wp\/v2\/media\/36808"}],"wp:attachment":[{"href":"https:\/\/euapp01.newsmemory.com\/lamarseillaise\/news\/wp-json\/wp\/v2\/media?parent=36807"}],"wp:term":[{"taxonomy":"category","embeddable":true,"href":"https:\/\/euapp01.newsmemory.com\/lamarseillaise\/news\/wp-json\/wp\/v2\/categories?post=36807"},{"taxonomy":"post_tag","embeddable":true,"href":"https:\/\/euapp01.newsmemory.com\/lamarseillaise\/news\/wp-json\/wp\/v2\/tags?post=36807"},{"taxonomy":"news-destination","embeddable":true,"href":"https:\/\/euapp01.newsmemory.com\/lamarseillaise\/news\/wp-json\/wp\/v2\/news-destination?post=36807"},{"taxonomy":"news-source","embeddable":true,"href":"https:\/\/euapp01.newsmemory.com\/lamarseillaise\/news\/wp-json\/wp\/v2\/news-source?post=36807"},{"taxonomy":"is_homepage","embeddable":true,"href":"https:\/\/euapp01.newsmemory.com\/lamarseillaise\/news\/wp-json\/wp\/v2\/is_homepage?post=36807"},{"taxonomy":"ta_other","embeddable":true,"href":"https:\/\/euapp01.newsmemory.com\/lamarseillaise\/news\/wp-json\/wp\/v2\/ta_other?post=36807"}],"curies":[{"name":"wp","href":"https:\/\/api.w.org\/{rel}","templated":true}]}}