{"id":36804,"date":"2026-07-20T07:00:00","date_gmt":"2026-07-20T05:00:00","guid":{"rendered":"https:\/\/euapp01.newsmemory.com\/lamarseillaise\/news\/?p=36804"},"modified":"2026-07-25T09:58:06","modified_gmt":"2026-07-25T07:58:06","slug":"en-memoire-aux-victimes-du-racisme-et-de-lantisemitisme","status":"publish","type":"post","link":"https:\/\/euapp01.newsmemory.com\/lamarseillaise\/news\/2026\/07\/20\/en-memoire-aux-victimes-du-racisme-et-de-lantisemitisme\/","title":{"rendered":"En m\u00e9moire des victimes du racisme et de l\u2019antis\u00e9mitisme"},"content":{"rendered":"<div class=\"paragraph\">\n<p>Huit heures retentissent sur la place du 23\u00a0janvier 1943 &#8211; Fortun\u00e9 Sportiello (2<sup>e<\/sup>). \u00ab\u00a0<i>La R\u00e9publique fran\u00e7aise, en hommage aux victimes des pers\u00e9cutions racistes et antis\u00e9mites et des crimes contre l\u2019humanit\u00e9 commis sous l\u2019autorit\u00e9 de fait dite du \u201cGouvernement de l\u2019\u00c9tat fran\u00e7ais\u201d (1940-1944). N\u2019oublions jamais<\/i><i>\u00a0<\/i>\u00bb, peut-on lire sur l\u2019une des plaques de marbres fix\u00e9es sur le monument de la d\u00e9portation. Ce quartier marqu\u00e9 par la barbarie nazie. \u00ab\u00a0<i>La responsabilit\u00e9 de l\u2019\u00c9tat fran\u00e7ais dans la pers\u00e9cution des juifs ne se limita pas \u00e0 une aide ponctuelle apport\u00e9e \u00e0 l\u2019occupant allemand. Sous l\u2019autorit\u00e9 du mar\u00e9chal P\u00e9tain, le r\u00e9gime de Vichy, alla bien au-del\u00e0 des exigences de l\u2019occupant<\/i><i>\u00a0<\/i>\u00bb, rappelle Michel Cohen-Tenoudji, pr\u00e9sident du Consistoire isra\u00e9lite de Marseille ce dimanche matin.<\/p>\n<p>Cette c\u00e9r\u00e9monie nationale \u00e0 la m\u00e9moire des crimes racistes et antis\u00e9mites de l\u2019\u00c9tat fran\u00e7ais et d\u2019hommages aux \u00ab\u00a0Justes\u00a0\u00bb de France, s\u2019est tenue 84\u00a0ans, presque jour pour jour, apr\u00e8s la rafle du Vel d\u2019Hiv, la plus grande organis\u00e9e sur le territoire durant la Seconde guerre mondiale. Les 16 et 17\u00a0juillet 1942, 12\u00a0884\u00a0hommes, femmes et enfants juifs ont \u00e9t\u00e9 arr\u00eat\u00e9s par la police parisienne avant d\u2019\u00eatre d\u00e9port\u00e9s et extermin\u00e9s \u00e0 Auschwitz par les nazis. \u00ab\u00a0<i>Parmi les victimes se trouvait ma grand-m\u00e8re, Rachel Pozmentier, se trouvait mon p\u00e8re, un enfant \u00e2g\u00e9 de 9<\/i><i>\u00a0<\/i><i>ans. Arr\u00eat\u00e9s \u00e0 leur domicile, ils furent conduits dans les ge\u00f4les du commissariat du 14<\/i><i><sup>e<\/sup><\/i><i>\u00a0<\/i><i>arrondissement de Paris<\/i><i>\u00a0<\/i>\u00bb, raconte Caroline Pozmentier-Sportich pr\u00e9sidente de l\u2019Association Fonds M\u00e9moire d\u2019Auschwitz (AFMA). \u00ab\u00a0<i>Ma grand-m\u00e8re, fut d\u00e9port\u00e9e \u00e0 Auschwitz par le convoi num\u00e9ro<\/i><i>\u00a0<\/i><i>11, en juillet<\/i><i>\u00a0<\/i><i>1942. Elle n\u2019en revint jamais, assassin\u00e9e dans une chambre \u00e0 gaz. Mon p\u00e8re, lui, fut sauv\u00e9 gr\u00e2ce \u00e0 une cha\u00eene humaine, trop souvent clandestine, et \u00e0 qui nous adressons toujours toute notre connaissance. Sans ces hommes et ces femmes, ces Justes, je ne serais pas l\u00e0 devant vous<\/i><i>\u00a0<\/i>\u00bb, insiste-t-elle.<\/p>\n<\/p><\/div>\n<div class=\"intext\"> \u00ab\u00a0Afin que nul n\u2019oublie\u00a0\u00bb\n              <\/div>\n<div class=\"paragraph\">\n<p>Les repr\u00e9sentants des associations, des collectivit\u00e9s locales, de l\u2019\u00c9tat et quelques \u00e9lus du Printemps marseillais sont pr\u00e9sents ce matin-l\u00e0. \u00ab\u00a0<i>Petit \u00e0 petit, les t\u00e9moins directs s\u2019effacent et c\u2019est d\u2019autant plus important pour nous, par notre pr\u00e9sence, par les t\u00e9moignages, par les discours, de rappeler sans cesse cette Histoire. C\u2019est primordial d\u2019avoir ce pass\u00e9 en t\u00eate pour \u00e9clairer le pr\u00e9sent<\/i><i>\u00a0<\/i>\u00bb<i>, <\/i>soul\u00e8ve le d\u00e9put\u00e9 socialiste Laurent Lhardit,<i> <\/i>pr\u00e9sent en son nom propre et celui du maire de Marseille.<\/p>\n<p>\u00ab\u00a0<i>Nous vous l\u00e9guons notre m\u00e9moire, \u00e0 charge pour vous de la transmettre de g\u00e9n\u00e9ration en g\u00e9n\u00e9ration, afin que nul n\u2019oublie, afin que nul ne doute, afin que nul ne nie<\/i><i>\u00a0<\/i>\u00bb, \u00e9crit Denise Toros-Marter, dans son testament d\u2019Auschwitz, lu par le pr\u00e9sident du Fonds social juif unifi\u00e9 Marseille-Provence, Lionel Stora, qui repr\u00e9sentait la rescap\u00e9e du camp de la mort ce matin-l\u00e0, \u00ab\u00a0<i>Puisse le flambeau de la m\u00e9moire collective, que nous transmettons avant d\u2019arriver au bout de notre voyage, nous prot\u00e9ger \u00e0 tout jamais d\u2019un nouvel Auschwitz<\/i><i>\u00a0<\/i>\u00bb.<\/p>\n<p>\u00c0 la fin de cette comm\u00e9moration, tous saluent les porte-drapeaux, qui ne faillissent pas malgr\u00e9 une chaleur \u00e9touffante. Venue de Sausset-les-Pins, Marie-Th\u00e9r\u00e8se Semp\u00e9r\u00e9-Polichetti, est pr\u00e9sente \u00e0 chaque c\u00e9r\u00e9monie. \u00ab\u00a0<i>J\u2019ai souffert de la mort de mon p\u00e8re. Il a \u00e9t\u00e9 assassin\u00e9, j\u2019avais 15<\/i><i>\u00a0<\/i><i>ans, je me trouvais l\u00e0<\/i><i>\u00a0<\/i>\u00bb, confie cette pupille de la Nation de la guerre d\u2019Alg\u00e9rie \u00e0 l\u2019aube de ses 80\u00a0ans, \u00ab\u00a0<i>soit on descend vers les profondeurs, soit on monte vers la lumi\u00e8re. C\u2019est ce que j\u2019ai d\u00e9cid\u00e9 de faire<\/i><i>\u00a0<\/i>\u00bb. Porte-drapeau depuis 18\u00a0ans, investie dans le travail de m\u00e9moire avec l\u2019Office national des combattants et des victimes de guerre (Onacvg), elle intervient aupr\u00e8s de coll\u00e8ges et lyc\u00e9es. \u00ab\u00a0<i>C\u2019est important d\u2019\u00eatre l\u00e0 pour ne pas oublier et aller surtout vers la paix<\/i><i>\u00a0<\/i>\u00bb, r\u00e9p\u00e8te-t-elle, calot viss\u00e9 sur la t\u00eate, \u00ab\u00a0<i>on est que de passage sur Terre, il y a de la place pour tout le monde<\/i><i>\u00a0<\/i>\u00bb.<\/p>\n<\/p><\/div>\n","protected":false},"excerpt":{"rendered":"Huit heures retentissent sur la place du 23&nbsp;janvier 1943 &#8211; Fortun&eacute; Sportiello (2e). &laquo;&nbsp;La R&eacute;publique fran&ccedil;aise, en hommage aux victimes des pers&eacute;cutions racistes et antis&eacute;mites et des crimes contre &#8230;","protected":false},"author":1,"featured_media":36805,"comment_status":"open","ping_status":"open","sticky":false,"template":"","format":"standard","meta":{"footnotes":""},"categories":[3926,3925,20],"tags":[10,2094,389,773,16,4169,4731,3082],"news-destination":[3944],"news-source":[475],"is_homepage":[],"ta_other":[],"class_list":["post-36804","post","type-post","status-publish","format-standard","has-post-thumbnail","hentry","category-accueil-merge","category-accueil-third","category-societe","tag-bouches-du-rhone","tag-deportation","tag-hommage","tag-laurent-lhardit","tag-marseille","tag-nazis","tag-regime-de-vichy","tag-seconde-guerre-mondiale","news-destination-homepage","news-source-website"],"_links":{"self":[{"href":"https:\/\/euapp01.newsmemory.com\/lamarseillaise\/news\/wp-json\/wp\/v2\/posts\/36804","targetHints":{"allow":["GET"]}}],"collection":[{"href":"https:\/\/euapp01.newsmemory.com\/lamarseillaise\/news\/wp-json\/wp\/v2\/posts"}],"about":[{"href":"https:\/\/euapp01.newsmemory.com\/lamarseillaise\/news\/wp-json\/wp\/v2\/types\/post"}],"author":[{"embeddable":true,"href":"https:\/\/euapp01.newsmemory.com\/lamarseillaise\/news\/wp-json\/wp\/v2\/users\/1"}],"replies":[{"embeddable":true,"href":"https:\/\/euapp01.newsmemory.com\/lamarseillaise\/news\/wp-json\/wp\/v2\/comments?post=36804"}],"version-history":[{"count":2,"href":"https:\/\/euapp01.newsmemory.com\/lamarseillaise\/news\/wp-json\/wp\/v2\/posts\/36804\/revisions"}],"predecessor-version":[{"id":36882,"href":"https:\/\/euapp01.newsmemory.com\/lamarseillaise\/news\/wp-json\/wp\/v2\/posts\/36804\/revisions\/36882"}],"wp:featuredmedia":[{"embeddable":true,"href":"https:\/\/euapp01.newsmemory.com\/lamarseillaise\/news\/wp-json\/wp\/v2\/media\/36805"}],"wp:attachment":[{"href":"https:\/\/euapp01.newsmemory.com\/lamarseillaise\/news\/wp-json\/wp\/v2\/media?parent=36804"}],"wp:term":[{"taxonomy":"category","embeddable":true,"href":"https:\/\/euapp01.newsmemory.com\/lamarseillaise\/news\/wp-json\/wp\/v2\/categories?post=36804"},{"taxonomy":"post_tag","embeddable":true,"href":"https:\/\/euapp01.newsmemory.com\/lamarseillaise\/news\/wp-json\/wp\/v2\/tags?post=36804"},{"taxonomy":"news-destination","embeddable":true,"href":"https:\/\/euapp01.newsmemory.com\/lamarseillaise\/news\/wp-json\/wp\/v2\/news-destination?post=36804"},{"taxonomy":"news-source","embeddable":true,"href":"https:\/\/euapp01.newsmemory.com\/lamarseillaise\/news\/wp-json\/wp\/v2\/news-source?post=36804"},{"taxonomy":"is_homepage","embeddable":true,"href":"https:\/\/euapp01.newsmemory.com\/lamarseillaise\/news\/wp-json\/wp\/v2\/is_homepage?post=36804"},{"taxonomy":"ta_other","embeddable":true,"href":"https:\/\/euapp01.newsmemory.com\/lamarseillaise\/news\/wp-json\/wp\/v2\/ta_other?post=36804"}],"curies":[{"name":"wp","href":"https:\/\/api.w.org\/{rel}","templated":true}]}}