{"id":36801,"date":"2026-07-20T07:11:00","date_gmt":"2026-07-20T05:11:00","guid":{"rendered":"https:\/\/euapp01.newsmemory.com\/lamarseillaise\/news\/?p=36801"},"modified":"2026-07-25T10:37:22","modified_gmt":"2026-07-25T08:37:22","slug":"bernard-cazeneuve-voudrait-se-poser-en-rassembleur","status":"publish","type":"post","link":"https:\/\/euapp01.newsmemory.com\/lamarseillaise\/news\/2026\/07\/20\/bernard-cazeneuve-voudrait-se-poser-en-rassembleur\/","title":{"rendered":"Bernard Cazeneuve voudrait se poser en rassembleur"},"content":{"rendered":"<div class=\"paragraph\">\n<p>Une lettre aux Fran\u00e7ais de 85\u00a0pages, des d\u00e9placements sur le terrain, des \u00e9changes avec la presse mais Bernard Cazeneuve l\u2019assure \u00ab\u00a0<i>je ne suis pas candidat<\/i><i>\u00a0<\/i>\u00bb. Ou du moins, pas encore. Cela d\u00e9pendra des \u00ab\u00a0<i>circonstances<\/i><i>\u00a0<\/i>\u00bb, assure-t-il, disant vouloir \u00ab\u00a0<i>cr\u00e9er les conditions autour des valeurs de la gauche r\u00e9publicaine du rassemblement le plus large possible de tous les Fran\u00e7ais<\/i><i>\u00a0<\/i><i>\u00bb, <\/i>fait-il valoir ce samedi matin \u00e0 Marseille. Et ce, afin de battre le Rassemblement national en 2027.<\/p>\n<p>Sa candidature, si elle est officialis\u00e9e, ne sera pas valid\u00e9e par la primaire des Roses \u00e0 laquelle il ne participera pas. Les dissensions remontent \u00e0 2022, lorsque l\u2019ancien Premier ministre fustige l\u2019accord conclut entre le Parti socialiste et la France insoumise pour les \u00e9lections l\u00e9gislatives. Il quitte, dans la foul\u00e9e, le parti auquel il avait adh\u00e9r\u00e9 en 1987 et fonde, un an plus tard, La Convention. Le mouvement r\u00e9unit socialistes d\u00e9\u00e7us, radicaux de gauche, \u00e9lus du Modem, des anciens macronistes ou apparent\u00e9s.<\/p>\n<\/p><\/div>\n<div class=\"intext\"> Soutiens r\u00e9gionaux\n              <\/div>\n<div class=\"paragraph\">\n<p>C\u2019est ainsi que sont pr\u00e9sents \u00e0 ses c\u00f4t\u00e9s ce samedi le s\u00e9nateur sortant du Var et ex-socialiste Andr\u00e9 Guiol, l\u2019ancienne d\u00e9put\u00e9e varoise macroniste C\u00e9cile Muschotti, l\u2019ex-candidat de G\u00e9n\u00e9ration \u00c9cologie pour les d\u00e9partementales de 2021 Christian Monferrini qui est d\u00e9sormais r\u00e9f\u00e9rent local de La Convention. Devant cette r\u00e9union de convaincus quai de Rive Neuve, Bernard Cazeneuve fustige les \u00ab\u00a0<i>deux d\u00e9gagismes d\u2019extr\u00eame droite et d\u2019extr\u00eame gauche<\/i><i>\u00a0<\/i>\u00bb, tel qu\u2019il les nomme, \u00ab\u00a0<i>qui confondent le bruit avec la solution<\/i><i>\u00a0<\/i>\u00bb, \u00e9crit-il dans sa lettre. Selon lui, se tourner vers l\u2019insoumis Jean-Luc M\u00e9lenchon, candidat le mieux plac\u00e9 \u00e0 gauche dans les sondages est un \u00ab\u00a0<i>vote inutile<\/i>\u00a0\u00bb. Pour lui, LFI et le RN \u00ab\u00a0<i>ne s\u2019opposent pas comme on le croit, mais se nourrissent l\u2019un de l\u2019autre<\/i><i>\u00a0<\/i>\u00bb.<\/p>\n<p>S\u2019il dit ce samedi \u00ab\u00a0<i>pr\u00e9f\u00e9rer gouverner avec la gauche<\/i><i>\u00a0<\/i>\u00bb, il ratisse large. Quand le nom d\u2019\u00c9douard Philippe est \u00e9voqu\u00e9, l\u2019ancien chef de gouvernement socialiste ne s\u2019offusque pas. \u00ab\u00a0<i>Je ne dis pas qu\u2019il n\u2019y aura pas de rassemblement<\/i> (&#8230;)<i> un compromis c\u2019est toujours un sacrifice<\/i><i>\u00a0<\/i>\u00bb, mart\u00e8le-t-il. En revanche, il se dit totalement oppos\u00e9 au maire Horizons du\u00a0Havre sur la r\u00e9forme des retraites, par exemple. Quand ce dernier veut rallonger l\u2019\u00e2ge d\u00e9part \u00e0 67\u00a0ans, Bernard Cazeneuve pousse pour l\u2019allongement de la dur\u00e9e de cotisation. Pour \u00ab\u00a0<i>permettre \u00e0 ceux qui ont commenc\u00e9 t\u00f4t dans les m\u00e9tiers les plus p\u00e9nibles de partir \u00e0 la retraite comme jadis<\/i><i>\u00a0<\/i>\u00bb, et, pour \u00ab\u00a0<i>ceux qui le souhaitent<\/i><i>\u00a0<\/i>\u00bb, comme lui, avocat de profession, \u00ab\u00a0<i>de travailler beaucoup plus longtemps pour assurer le financement<\/i><i>\u00a0<\/i>\u00bb.<\/p>\n<\/p><\/div>\n","protected":false},"excerpt":{"rendered":"Une lettre aux Fran&ccedil;ais de 85&nbsp;pages, des d&eacute;placements sur le terrain, des &eacute;changes avec la presse mais Bernard Cazeneuve l&rsquo;assure &laquo;&nbsp;je ne suis pas candidat&nbsp;&raquo;. Ou du moins, pas encore. Cela &#8230;","protected":false},"author":1,"featured_media":36802,"comment_status":"open","ping_status":"open","sticky":false,"template":"","format":"standard","meta":{"footnotes":""},"categories":[3926,3925,330],"tags":[6110,10,850,5956,540,16,580,38,613,692,439],"news-destination":[3944],"news-source":[475],"is_homepage":[],"ta_other":[],"class_list":["post-36801","post","type-post","status-publish","format-standard","has-post-thumbnail","hentry","category-accueil-merge","category-accueil-third","category-politique","tag-bernard-cazeneuve","tag-bouches-du-rhone","tag-edouard-philippe","tag-elections-presidentielles","tag-gauche","tag-marseille","tag-parti-socialiste","tag-programme","tag-rassemblement","tag-reforme-des-retraites","tag-rn","news-destination-homepage","news-source-website"],"_links":{"self":[{"href":"https:\/\/euapp01.newsmemory.com\/lamarseillaise\/news\/wp-json\/wp\/v2\/posts\/36801","targetHints":{"allow":["GET"]}}],"collection":[{"href":"https:\/\/euapp01.newsmemory.com\/lamarseillaise\/news\/wp-json\/wp\/v2\/posts"}],"about":[{"href":"https:\/\/euapp01.newsmemory.com\/lamarseillaise\/news\/wp-json\/wp\/v2\/types\/post"}],"author":[{"embeddable":true,"href":"https:\/\/euapp01.newsmemory.com\/lamarseillaise\/news\/wp-json\/wp\/v2\/users\/1"}],"replies":[{"embeddable":true,"href":"https:\/\/euapp01.newsmemory.com\/lamarseillaise\/news\/wp-json\/wp\/v2\/comments?post=36801"}],"version-history":[{"count":1,"href":"https:\/\/euapp01.newsmemory.com\/lamarseillaise\/news\/wp-json\/wp\/v2\/posts\/36801\/revisions"}],"predecessor-version":[{"id":36803,"href":"https:\/\/euapp01.newsmemory.com\/lamarseillaise\/news\/wp-json\/wp\/v2\/posts\/36801\/revisions\/36803"}],"wp:featuredmedia":[{"embeddable":true,"href":"https:\/\/euapp01.newsmemory.com\/lamarseillaise\/news\/wp-json\/wp\/v2\/media\/36802"}],"wp:attachment":[{"href":"https:\/\/euapp01.newsmemory.com\/lamarseillaise\/news\/wp-json\/wp\/v2\/media?parent=36801"}],"wp:term":[{"taxonomy":"category","embeddable":true,"href":"https:\/\/euapp01.newsmemory.com\/lamarseillaise\/news\/wp-json\/wp\/v2\/categories?post=36801"},{"taxonomy":"post_tag","embeddable":true,"href":"https:\/\/euapp01.newsmemory.com\/lamarseillaise\/news\/wp-json\/wp\/v2\/tags?post=36801"},{"taxonomy":"news-destination","embeddable":true,"href":"https:\/\/euapp01.newsmemory.com\/lamarseillaise\/news\/wp-json\/wp\/v2\/news-destination?post=36801"},{"taxonomy":"news-source","embeddable":true,"href":"https:\/\/euapp01.newsmemory.com\/lamarseillaise\/news\/wp-json\/wp\/v2\/news-source?post=36801"},{"taxonomy":"is_homepage","embeddable":true,"href":"https:\/\/euapp01.newsmemory.com\/lamarseillaise\/news\/wp-json\/wp\/v2\/is_homepage?post=36801"},{"taxonomy":"ta_other","embeddable":true,"href":"https:\/\/euapp01.newsmemory.com\/lamarseillaise\/news\/wp-json\/wp\/v2\/ta_other?post=36801"}],"curies":[{"name":"wp","href":"https:\/\/api.w.org\/{rel}","templated":true}]}}