{"id":36792,"date":"2026-07-20T06:55:00","date_gmt":"2026-07-20T04:55:00","guid":{"rendered":"https:\/\/euapp01.newsmemory.com\/lamarseillaise\/news\/?p=36792"},"modified":"2026-07-25T09:44:43","modified_gmt":"2026-07-25T07:44:43","slug":"paca-premiere-region-maritime-avec-plus-de-100-000-emplois","status":"publish","type":"post","link":"https:\/\/euapp01.newsmemory.com\/lamarseillaise\/news\/2026\/07\/20\/paca-premiere-region-maritime-avec-plus-de-100-000-emplois\/","title":{"rendered":"Paca, premi\u00e8re r\u00e9gion maritime avec plus de 100&nbsp;000&nbsp;emplois"},"content":{"rendered":"<div class=\"paragraph\">\n<p>Baign\u00e9e au Sud par la M\u00e9diterran\u00e9e, la r\u00e9gion Provence-Alpes-C\u00f4te d\u2019Azur reste num\u00e9ro un dans le pays en termes d\u2019\u00e9conomie maritime. C\u2019est ce que confirme une \u00e9tude de l\u2019Insee, en collaboration avec la Dreets et la collectivit\u00e9, pr\u00e9sent\u00e9e en conf\u00e9rence de presse ce jeudi \u00e0 Toulon et publi\u00e9e dans la foul\u00e9e. Cette \u00e9conomie maritime repr\u00e9sentait fin 2022, quelque 25\u00a0600\u00a0emplois salari\u00e9s. Si l\u2019on ajoute les 14\u00a0200 de la marine nationale &#8211; avec le premier port militaire de France &#8211; et les 62\u00a0200 du tourisme littoral, ce sont au total 102\u00a0000\u00a0emplois salari\u00e9s, soit 5,3\u00a0% de la part d\u2019emploi salari\u00e9 r\u00e9gional que compte cette \u00e9conomie.<\/p>\n<p>\u00ab<i>\u00a0<\/i><i>Notre littoral n\u2019est pas seulement un d\u00e9cor ou une destination. Il est un espace \u00e9conomique majeur, qui fait vivre l\u2019h\u00f4tellerie, la restauration, les activit\u00e9s nautiques, les ports, les transports, le commerce et de tr\u00e8s nombreux services<\/i><i>\u00a0<\/i><i>\u00bb, <\/i>indique Fran\u00e7ois de Canson, vice-pr\u00e9sident de la r\u00e9gion Provence-Alpes-C\u00f4te d\u2019Azur en charge du d\u00e9veloppement \u00e9conomique, de l\u2019attractivit\u00e9, du tourisme et de la pr\u00e9vention des risques majeurs.<\/p>\n<p>Cette \u00e9conomie de la mer est divis\u00e9e en huit grands secteurs d\u2019activit\u00e9, ici nomm\u00e9s \u00ab\u00a0segments\u00a0\u00bb, avec le transport maritime et fluvial et la construction-r\u00e9paration navale qui concentrent l\u2019essentiel des emplois salari\u00e9s. Avec, respectivement 11\u00a0900\u00a0travailleurs pour le premier et 7\u00a0900 pour le second, soit pr\u00e8s de quatre emplois salari\u00e9s sur cinq. Dans le d\u00e9tail, c\u2019est 90\u00a0% de l\u2019emploi r\u00e9gional du transport maritime et fluvial qui est polaris\u00e9 dans les Bouches-du-Rh\u00f4ne, avec les grands acteurs que sont le Grand port maritime de Marseille (GPMM), la CMA\u00a0CGM et Corsica Linea. Quand le Var centralise 72\u00a0% de la construction-r\u00e9paration navale, avec Naval Group et Eca Robotics.<\/p>\n<p>Les autres secteurs mentionn\u00e9s sont l\u2019intervention publique, recherche et protection de l\u2019environnement, la logistique portuaire, les travaux publics maritimes, les produits de la mer (dont la p\u00eache). L\u2019extraction de mat\u00e9riaux marins et la production d\u2019\u00e9nergie, ne concernent pas notre zone.<\/p>\n<p>L\u2019\u00e9conomie des m\u00e9tiers de la mer est concentr\u00e9e au sein de grandes entreprises. D\u00e8s lors, les \u00e9tablissements de plus de 50\u00a0salari\u00e9s repr\u00e9sentent 75\u00a0% des emplois, et ceux de plus de 500\u00a0salari\u00e9s emploient 10\u00a0700\u00a0personnes.<\/p>\n<\/p><\/div>\n<div class=\"intext\"> Seuls 25\u00a0% des salari\u00e9s<br \/>\n               <br \/>sont des femmes\n              <\/div>\n<div class=\"paragraph\">\n<p>Ces travailleurs de la mer gagnent en moyenne 3\u00a0910\u00a0euros\u00a0net mensuels en \u00e9quivalent temps plein. La part de cadres est de 40\u00a0% et les ouvriers qualifi\u00e9s y sont six fois plus nombreux. \u00c0 titre comparatif, le salaire moyen dans l\u2019ensemble de l\u2019\u00e9conomie r\u00e9gionale est de 2\u00a0470\u00a0euros par mois.<\/p>\n<p>Mais cette \u00e9conomie est, sans surprise, peu f\u00e9minis\u00e9e. Et compte une grande majorit\u00e9 des hommes, \u00e2g\u00e9s de 25 \u00e0 49\u00a0ans. Les femmes elles, n\u2019occupent que 25\u00a0% des postes. Une part in\u00e9gale en fonction des segments, s\u2019il y a peu d\u2019ouvri\u00e8res, il y a presque autant de femmes que d\u2019hommes dans la logistique portuaire par exemple.<\/p>\n<p>\u00ab<i>\u00a0<\/i><i>Cette \u00e9tude va servir au diagnostic et au pilotage des politiques publiques<\/i>\u00a0\u00bb, veut croire Olivier Tessier, directeur r\u00e9gional adjoint de l\u2019\u00e9conomie, de l\u2019emploi, du travail et des solidarit\u00e9s (Dreets), citant le \u00ab<i>\u00a0<\/i><i>retard<\/i>\u00a0\u00bb sur l\u2019\u00e9olien en mer M\u00e9diterran\u00e9e, une \u00ab<i>\u00a0<\/i><i>fili\u00e8re d\u2019avenir<\/i>\u00a0\u00bb, pousse-t-il. \u00c0 ses c\u00f4t\u00e9s, le maire de la Londe-les-Maures, pressenti pour succ\u00e9der \u00e0 Renaud Muselier \u00e0 la t\u00eate de la R\u00e9gion, appelle \u00e0 ne \u00ab<i>\u00a0<\/i><i>jamais opposer \u00e9conomie et \u00e9cologie<\/i>\u00a0\u00bb\u00a0: \u00ab<i>\u00a0<\/i><i>\u00eatre la premi\u00e8re r\u00e9gion maritime fran\u00e7aise impose de savoir concilier les usages. Notre littoral accueille des activit\u00e9s industrielles, militaires, portuaires, touristiques, scientifiques, de p\u00eache, de plaisance et de protection de la nature<\/i><i>\u00a0<\/i>\u00bb<i>, <\/i>soul\u00e8ve Fran\u00e7ois de Canson.<\/p>\n<\/p><\/div>\n<div class=\"paragraph\">\n<p><b>CHIFFRES<\/b><\/p>\n<p><b>1,3<\/b><\/p>\n<p>En pourcentage, c\u2019est le nombre de salari\u00e9s de la r\u00e9gion Provence-Alpes-C\u00f4te d\u2019Azur qui travaillent dans l\u2019\u00e9conomie maritime, o\u00f9 sont recens\u00e9s pr\u00e8s de 4 200 \u00e9tablissements en 2022.<\/p>\n<p><b>63<\/b><\/p>\n<p>Le d\u00e9partement des Bouches-du-Rh\u00f4ne concentre \u00e0 lui seul 63 % de l\u2019emploi salari\u00e9 de l\u2019\u00e9conomie maritime de la R\u00e9gion, le Var 30 % et les Alpes-Maritimes seulement 7 %.<\/p>\n<p><b>4 500<\/b><\/p>\n<p>En euros, c\u2019est le salaire moyen net mensuel en \u00e9quivalent temps plein dans le transport maritime et fluvial, dont 40 % des salari\u00e9s sont des cadres. Le salaire moyen dans la R\u00e9gion est de 2 470 euros pour l\u2019ensemble de l\u2019\u00e9conomie.<\/p>\n<\/p><\/div>\n","protected":false},"excerpt":{"rendered":"Baign&eacute;e au Sud par la M&eacute;diterran&eacute;e, la r&eacute;gion Provence-Alpes-C&ocirc;te d&rsquo;Azur reste num&eacute;ro un dans le pays en termes d&rsquo;&eacute;conomie maritime. C&rsquo;est ce que confirme une &eacute;tude de &#8230;","protected":false},"author":1,"featured_media":36793,"comment_status":"open","ping_status":"open","sticky":false,"template":"","format":"standard","meta":{"footnotes":""},"categories":[3926,3925,338],"tags":[3577,10,302,387,93,222,962,31],"news-destination":[3944],"news-source":[475],"is_homepage":[],"ta_other":[],"class_list":["post-36792","post","type-post","status-publish","format-standard","has-post-thumbnail","hentry","category-accueil-merge","category-accueil-third","category-economie","tag-activites-industrielles","tag-bouches-du-rhone","tag-emploi","tag-femmes","tag-grand-port-maritime-de-marseille","tag-region-sud-paca","tag-salaries","tag-var","news-destination-homepage","news-source-website"],"_links":{"self":[{"href":"https:\/\/euapp01.newsmemory.com\/lamarseillaise\/news\/wp-json\/wp\/v2\/posts\/36792","targetHints":{"allow":["GET"]}}],"collection":[{"href":"https:\/\/euapp01.newsmemory.com\/lamarseillaise\/news\/wp-json\/wp\/v2\/posts"}],"about":[{"href":"https:\/\/euapp01.newsmemory.com\/lamarseillaise\/news\/wp-json\/wp\/v2\/types\/post"}],"author":[{"embeddable":true,"href":"https:\/\/euapp01.newsmemory.com\/lamarseillaise\/news\/wp-json\/wp\/v2\/users\/1"}],"replies":[{"embeddable":true,"href":"https:\/\/euapp01.newsmemory.com\/lamarseillaise\/news\/wp-json\/wp\/v2\/comments?post=36792"}],"version-history":[{"count":1,"href":"https:\/\/euapp01.newsmemory.com\/lamarseillaise\/news\/wp-json\/wp\/v2\/posts\/36792\/revisions"}],"predecessor-version":[{"id":36794,"href":"https:\/\/euapp01.newsmemory.com\/lamarseillaise\/news\/wp-json\/wp\/v2\/posts\/36792\/revisions\/36794"}],"wp:featuredmedia":[{"embeddable":true,"href":"https:\/\/euapp01.newsmemory.com\/lamarseillaise\/news\/wp-json\/wp\/v2\/media\/36793"}],"wp:attachment":[{"href":"https:\/\/euapp01.newsmemory.com\/lamarseillaise\/news\/wp-json\/wp\/v2\/media?parent=36792"}],"wp:term":[{"taxonomy":"category","embeddable":true,"href":"https:\/\/euapp01.newsmemory.com\/lamarseillaise\/news\/wp-json\/wp\/v2\/categories?post=36792"},{"taxonomy":"post_tag","embeddable":true,"href":"https:\/\/euapp01.newsmemory.com\/lamarseillaise\/news\/wp-json\/wp\/v2\/tags?post=36792"},{"taxonomy":"news-destination","embeddable":true,"href":"https:\/\/euapp01.newsmemory.com\/lamarseillaise\/news\/wp-json\/wp\/v2\/news-destination?post=36792"},{"taxonomy":"news-source","embeddable":true,"href":"https:\/\/euapp01.newsmemory.com\/lamarseillaise\/news\/wp-json\/wp\/v2\/news-source?post=36792"},{"taxonomy":"is_homepage","embeddable":true,"href":"https:\/\/euapp01.newsmemory.com\/lamarseillaise\/news\/wp-json\/wp\/v2\/is_homepage?post=36792"},{"taxonomy":"ta_other","embeddable":true,"href":"https:\/\/euapp01.newsmemory.com\/lamarseillaise\/news\/wp-json\/wp\/v2\/ta_other?post=36792"}],"curies":[{"name":"wp","href":"https:\/\/api.w.org\/{rel}","templated":true}]}}