{"id":36782,"date":"2026-07-19T22:37:00","date_gmt":"2026-07-19T20:37:00","guid":{"rendered":"https:\/\/euapp01.newsmemory.com\/lamarseillaise\/news\/?p=36782"},"modified":"2026-07-25T08:52:26","modified_gmt":"2026-07-25T06:52:26","slug":"un-violent-incendie-menace-la-commune-des-arcs","status":"publish","type":"post","link":"https:\/\/euapp01.newsmemory.com\/lamarseillaise\/news\/2026\/07\/19\/un-violent-incendie-menace-la-commune-des-arcs\/","title":{"rendered":"Des quartiers \u00e9vacu\u00e9s face \u00e0 un violent incendie aux Arcs"},"content":{"rendered":"<div class=\"paragraph\">\n<p>Le feu de for\u00eat s\u2019est d\u00e9clar\u00e9 aux alentours de 15h30, sur la commune de Taradeau, situ\u00e9e au nord de Vidauban et \u00e0 quelques kilom\u00e8tres \u00e0 l\u2019ouest des Arcs. Le d\u00e9partement du Var \u00e9tait d\u2019ailleurs en vigilance feux de for\u00eat, \u00e0 cause \u00e0 la fois de la canicule et des rafales de mistral, allant jusqu\u2019\u00e0 50\u00a0km\/h, l\u2019acc\u00e8s \u00e0 l\u2019ensemble des massifs forestiers \u00e9taient interdits.<\/p>\n<p>Le feu a \u00ab\u00a0<i>tr\u00e8s rapidement progress\u00e9, br\u00fblant 60<\/i><i>\u00a0<\/i><i>hectares de v\u00e9g\u00e9tation \u00e0 l\u2019est du village de Taradeau<\/i>, <i>une saute de feu a atteint la commune des Arcs, toute proche, o\u00f9 120<\/i><i>\u00a0<\/i><i>hectares ont br\u00fbl\u00e9<\/i><i>\u00a0<\/i>\u00bb, pr\u00e9cisait la pr\u00e9fecture dans un point de situation effectu\u00e9 en d\u00e9but de soir\u00e9e, dimanche. <br \/>\u00ab\u00a0<i>Il y a deux difficult\u00e9s pour le moment, <\/i>expliquait le pr\u00e9fet du Var, Simon Babre, au micro de nos confr\u00e8res de BFM\u00a0TV, <i>le feu a attaqu\u00e9 une zone p\u00e9riurbaine, et ce ne sont pas les m\u00eames techniques d\u2019intervention qu\u2019en for\u00eat. (&#8230;) Le travail des sapeurs-pompiers est compliqu\u00e9 de par la diss\u00e9mination des foyers et des fronts. Ensuite, nous avons eu des sautes de feu, de Taradeau aux Arcs, \u00e0 la voie ferr\u00e9e, ce qui a demand\u00e9 d\u2019interrompre la circulation des trains.<\/i>\u00a0\u00bb<\/p>\n<\/p><\/div>\n<div class=\"intext\"> Circulation des trains stopp\u00e9e\n              <\/div>\n<div class=\"paragraph\">\n<p>Des ordres d\u2019\u00e9vacuation ont \u00e9t\u00e9 lanc\u00e9s en d\u00e9but d\u2019apr\u00e8s-midi aux habitants de plusieurs hameaux et quartiers\u00a0: Ch\u00e2teau Saint-Pierre, Font du Loup et Plateau des Aires ont \u00e9t\u00e9 \u00e9vacu\u00e9s avec l\u2019aide des gendarmes. <span class=\"mln_uppercase_mln\">\u00e0<\/span> Taradeau, une dizaine de maisons l\u2019ont \u00e9galement \u00e9t\u00e9 et des centres d\u2019accueil ont \u00e9t\u00e9 ouverts dans chacune des communes. Les habitants ont pu rejoindre leur maison en milieu de soir\u00e9e.<\/p>\n<p>Outre la circulation des trains qui a \u00e9t\u00e9 coup\u00e9e entre Toulon et les Arcs dans les deux sens, plusieurs voies de circulation routi\u00e8re ont \u00e9galement \u00e9t\u00e9 coup\u00e9es autour des deux communes concern\u00e9es avec la mise en place d\u2019une d\u00e9viation.<\/p>\n<p>En fin d\u2019apr\u00e8s-midi, plus de 600\u00a0sapeurs-pompiers \u00e9taient \u00e0 pied d\u2019\u0153uvre, avec 210\u00a0v\u00e9hicules et le soutien de 5\u00a0canadairs, 4\u00a0h\u00e9licopt\u00e8res bombardiers d\u2019eau dont un h\u00e9licopt\u00e8re lourd et deux avions Dash. Des renforts des Alpes-de-Haute-Provence, des Hautes-Alpes, des Bouches-du-Rh\u00f4ne, et des Alpes-Maritimes avaient rejoint le dispositif de lutte.<\/p>\n<p>En d\u00e9but de soir\u00e9e, \u00ab\u00a0<i>le feu baisse en intensit\u00e9<\/i>\u00a0\u00bb, indiquait la pr\u00e9fecture du Var, consid\u00e9rant \u00ab\u00a0<i>l\u2019\u00e9volution favorable si les conditions m\u00e9t\u00e9o se maintiennent<\/i>\u00a0\u00bb, pr\u00e9cise-t-elle, prudente. Selon un premier bilan, quatre maisons ont \u00e9t\u00e9 br\u00fbl\u00e9es par les flammes et 9 ont \u00e9t\u00e9 impact\u00e9es. De plus, jusqu\u2019\u00e0 300\u00a0foyers ont \u00e9t\u00e9 priv\u00e9s d\u2019\u00e9lectricit\u00e9 sur la commune des Arcs, \u00ab<i>\u00a0<\/i><i>les \u00e9quipes d\u2019Enedis intervenant au fur et \u00e0 mesure de l\u2019\u00e9volution de la situation<\/i>\u00a0\u00bb, stipule la pr\u00e9fecture.<\/p>\n<p>Enfin, \u00e0 22h30, la situation \u00e9tait toujours \u00ab\u00a0<i>favorable<\/i>\u00a0\u00bb, mais le feu non encore fix\u00e9. \u00ab\u00a0<i>Les op\u00e9rations vont se poursuivre pendant toute la nuit pour \u00e9teindre tous les foyers r\u00e9siduels<\/i>\u00a0\u00bb, pr\u00e9cisait la pr\u00e9fecture.<\/p>\n<\/p><\/div>\n","protected":false},"excerpt":{"rendered":"Le feu de for&ecirc;t s&rsquo;est d&eacute;clar&eacute; aux alentours de 15h30, sur la commune de Taradeau, situ&eacute;e au nord de Vidauban et &agrave; quelques kilom&egrave;tres &agrave; l&rsquo;ouest des Arcs. Le d&eacute;partement du Var &#8230;","protected":false},"author":1,"featured_media":36783,"comment_status":"open","ping_status":"open","sticky":false,"template":"","format":"standard","meta":{"footnotes":""},"categories":[3926,3925,20],"tags":[319,6079,1397,31],"news-destination":[3944],"news-source":[475],"is_homepage":[],"ta_other":[],"class_list":["post-36782","post","type-post","status-publish","format-standard","has-post-thumbnail","hentry","category-accueil-merge","category-accueil-third","category-societe","tag-incendie","tag-les-arcs","tag-secheresse","tag-var","news-destination-homepage","news-source-website"],"_links":{"self":[{"href":"https:\/\/euapp01.newsmemory.com\/lamarseillaise\/news\/wp-json\/wp\/v2\/posts\/36782","targetHints":{"allow":["GET"]}}],"collection":[{"href":"https:\/\/euapp01.newsmemory.com\/lamarseillaise\/news\/wp-json\/wp\/v2\/posts"}],"about":[{"href":"https:\/\/euapp01.newsmemory.com\/lamarseillaise\/news\/wp-json\/wp\/v2\/types\/post"}],"author":[{"embeddable":true,"href":"https:\/\/euapp01.newsmemory.com\/lamarseillaise\/news\/wp-json\/wp\/v2\/users\/1"}],"replies":[{"embeddable":true,"href":"https:\/\/euapp01.newsmemory.com\/lamarseillaise\/news\/wp-json\/wp\/v2\/comments?post=36782"}],"version-history":[{"count":2,"href":"https:\/\/euapp01.newsmemory.com\/lamarseillaise\/news\/wp-json\/wp\/v2\/posts\/36782\/revisions"}],"predecessor-version":[{"id":36791,"href":"https:\/\/euapp01.newsmemory.com\/lamarseillaise\/news\/wp-json\/wp\/v2\/posts\/36782\/revisions\/36791"}],"wp:featuredmedia":[{"embeddable":true,"href":"https:\/\/euapp01.newsmemory.com\/lamarseillaise\/news\/wp-json\/wp\/v2\/media\/36783"}],"wp:attachment":[{"href":"https:\/\/euapp01.newsmemory.com\/lamarseillaise\/news\/wp-json\/wp\/v2\/media?parent=36782"}],"wp:term":[{"taxonomy":"category","embeddable":true,"href":"https:\/\/euapp01.newsmemory.com\/lamarseillaise\/news\/wp-json\/wp\/v2\/categories?post=36782"},{"taxonomy":"post_tag","embeddable":true,"href":"https:\/\/euapp01.newsmemory.com\/lamarseillaise\/news\/wp-json\/wp\/v2\/tags?post=36782"},{"taxonomy":"news-destination","embeddable":true,"href":"https:\/\/euapp01.newsmemory.com\/lamarseillaise\/news\/wp-json\/wp\/v2\/news-destination?post=36782"},{"taxonomy":"news-source","embeddable":true,"href":"https:\/\/euapp01.newsmemory.com\/lamarseillaise\/news\/wp-json\/wp\/v2\/news-source?post=36782"},{"taxonomy":"is_homepage","embeddable":true,"href":"https:\/\/euapp01.newsmemory.com\/lamarseillaise\/news\/wp-json\/wp\/v2\/is_homepage?post=36782"},{"taxonomy":"ta_other","embeddable":true,"href":"https:\/\/euapp01.newsmemory.com\/lamarseillaise\/news\/wp-json\/wp\/v2\/ta_other?post=36782"}],"curies":[{"name":"wp","href":"https:\/\/api.w.org\/{rel}","templated":true}]}}