{"id":36776,"date":"2026-07-19T08:29:00","date_gmt":"2026-07-19T06:29:00","guid":{"rendered":"https:\/\/euapp01.newsmemory.com\/lamarseillaise\/news\/?p=36776"},"modified":"2026-07-25T08:52:26","modified_gmt":"2026-07-25T06:52:26","slug":"a-marseille-gilberto-bosques-ouvrait-la-porte-de-lespoir-vers-le-mexique","status":"publish","type":"post","link":"https:\/\/euapp01.newsmemory.com\/lamarseillaise\/news\/2026\/07\/19\/a-marseille-gilberto-bosques-ouvrait-la-porte-de-lespoir-vers-le-mexique\/","title":{"rendered":"\u00c0 Marseille Gilberto Bosques ouvrait la porte de l\u2019espoir vers le Mexique"},"content":{"rendered":"<div class=\"paragraph\">\n<p>Il conna\u00eet parfaitement le parcours de Gilberto Bosques, le consul du Mexique en France, qui sauva des milliers de r\u00e9publicains espagnols en leur d\u00e9livrant des visas pour le Mexique entre 1939 et 1942.<\/p>\n<p><b>Qui \u00e9tait Gilberto Bosques<\/b><b>\u00a0<\/b><b>?<\/b><\/p>\n<p><b>Jos\u00e9 Luis Morro<\/b><b>\u00a0<\/b><b>:<\/b> Gilberto Bosques fut professeur, journaliste et diplomate mexicain, n\u00e9 en 1892 \u00e0 Chiautla de Tapia, Puebla. Il fut un combattant de la R\u00e9volution mexicaine et participa \u00e0 la r\u00e9daction de l\u2019article 3 de la Constitution mexicaine relatif \u00e0 l\u2019\u00c9ducation. Le Pr\u00e9sident du Mexique L\u00e1zaro C\u00e1rdenas, le nomma consul g\u00e9n\u00e9ral en France en 1938. Il prit ses fonctions le 1<sup>er<\/sup>\u00a0janvier\u00a01939. Avec l\u2019arriv\u00e9e de dizaines de milliers de r\u00e9publicains espagnols durant les mois de janvier et f\u00e9vrier 1939, il entreprit la mission de visiter les camps o\u00f9 ils avaient \u00e9t\u00e9 intern\u00e9s, les aidant \u00e0 en sortir et \u00e0 voyager vers le sol mexicain en leur d\u00e9livrant des visas. Environ 25\u00a0000 d\u2019entre eux purent ainsi se rendre au Mexique.<\/p>\n<p><b>\u00c0 Marseille quelle fut son action pour aider les Espagnols, juifs et autres \u00e9trangers antifascistes<\/b><b>\u00a0<\/b><b>?<\/b><\/p>\n<p><b>J.L.M.<\/b><b>\u00a0<\/b><b>:<\/b> Avec la d\u00e9b\u00e2cle en juin 1940, Bosques transf\u00e9ra le consulat g\u00e9n\u00e9ral \u00e0 Marseille, inaugurant une p\u00e9riode qui lui valut l\u2019admiration pour son courage, sa dignit\u00e9 et sa grande humanit\u00e9. <a href=\"https:\/\/www.lamarseillaise.fr\/international\/la-guerre-d-espagne-3-3-guerre-exil-et-resistance-antifasciste-FH20509783\">L\u2019accord franco-mexicain d\u2019ao\u00fbt 1940, fut utilis\u00e9 par le consul pour intensifier l\u2019aide envers ceux qui avaient tout perdu<\/a>. Il loua deux ch\u00e2teaux, La Reynarde et Montgrand, o\u00f9 des centaines de r\u00e9publicains, d\u2019antinazis et de juifs purent se mettre \u00e0 l\u2019abri des humiliations inflig\u00e9es par les collabos de Vichy et les phalangistes espagnols. Il parvint \u00e0 faire sortir de Marseille des dizaines d\u2019entre eux gr\u00e2ce \u00e0 la \u00ab\u00a0ligne de la Martinique\u00a0\u00bb. Varian Fry, journaliste am\u00e9ricain qui, depuis Marseille, a sauv\u00e9 des centaines de Juifs et militants antinazis en les aidant \u00e0 fuir, avait appris par Gilberto Bosques l\u2019existence de cette voie maritime de salut. Il cr\u00e9a alors les c\u00e9l\u00e8bres \u00ab\u00a0visas Bosques\u00a0\u00bb, un document indiquant que le r\u00e9fugi\u00e9 \u00e9tait autoris\u00e9 \u00e0 voyager au Mexique d\u00e8s que cela serait possible. Ce papier n\u2019avait aucune valeur l\u00e9gale, mais il renfor\u00e7ait l\u2019espoir des r\u00e9fugi\u00e9s de pouvoir embarquer vers une terre porteuse de nouvelles esp\u00e9rances.<\/p>\n<p><b>Quelles furent les circonstances de son arrestation par les Allemands<\/b><b>\u00a0<\/b><b>?<\/b><\/p>\n<p><b>J.L.M.<\/b><b>\u00a0<\/b><b>:<\/b> Tout cet engagement \u00e0 aider les autres, entra\u00eena son arrestation \u00e0 l\u2019ambassade de Vichy en novembre 1942, lorsque toute la France fut occup\u00e9e. Il fut envoy\u00e9 \u00e0 Bad Godesberg pr\u00e8s de Bonn, o\u00f9 il resta 14 mois. Il fut \u00e9chang\u00e9 en f\u00e9vrier 1944 contre des soldats allemands d\u00e9tenus aux \u00c9tats-Unis et au Mexique, puis envoy\u00e9 \u00e0 Lisbonne, o\u00f9 il embarqua sur un vapeur su\u00e9dois \u00e0 destination de Baltimore.<\/p>\n<p>Le 31 mars 1944, Gilberto Bosques, sa famille et les fonctionnaires diplomatiques arriv\u00e8rent \u00e0 la gare de Buenavista, au Mexique, o\u00f9 des milliers de personnes les attendaient. La plupart \u00e9taient des personnes que Bosques avait aid\u00e9es \u00e0 \u00e9chapper aux fascistes sur les terres dramatiques de la France de la Seconde Guerre mondiale.<\/p>\n<\/p><\/div>\n","protected":false},"excerpt":{"rendered":"Il conna&icirc;t parfaitement le parcours de Gilberto Bosques, le consul du Mexique en France, qui sauva des milliers de r&eacute;publicains espagnols en leur d&eacute;livrant des visas pour le Mexique entre 1939 et 1942. Qui &eacute;tait Gilberto &#8230;","protected":false},"author":1,"featured_media":36777,"comment_status":"open","ping_status":"open","sticky":false,"template":"","format":"standard","meta":{"footnotes":""},"categories":[3926,3925,337],"tags":[1220,6088,280,920,571,2938,988,2001],"news-destination":[3944],"news-source":[475],"is_homepage":[],"ta_other":[],"class_list":["post-36776","post","type-post","status-publish","format-standard","has-post-thumbnail","hentry","category-accueil-merge","category-accueil-third","category-international","tag-espagne","tag-guerre-despagne","tag-histoire","tag-memoire","tag-paris","tag-recit","tag-week-end","tag-weekend","news-destination-homepage","news-source-website"],"_links":{"self":[{"href":"https:\/\/euapp01.newsmemory.com\/lamarseillaise\/news\/wp-json\/wp\/v2\/posts\/36776","targetHints":{"allow":["GET"]}}],"collection":[{"href":"https:\/\/euapp01.newsmemory.com\/lamarseillaise\/news\/wp-json\/wp\/v2\/posts"}],"about":[{"href":"https:\/\/euapp01.newsmemory.com\/lamarseillaise\/news\/wp-json\/wp\/v2\/types\/post"}],"author":[{"embeddable":true,"href":"https:\/\/euapp01.newsmemory.com\/lamarseillaise\/news\/wp-json\/wp\/v2\/users\/1"}],"replies":[{"embeddable":true,"href":"https:\/\/euapp01.newsmemory.com\/lamarseillaise\/news\/wp-json\/wp\/v2\/comments?post=36776"}],"version-history":[{"count":1,"href":"https:\/\/euapp01.newsmemory.com\/lamarseillaise\/news\/wp-json\/wp\/v2\/posts\/36776\/revisions"}],"predecessor-version":[{"id":36778,"href":"https:\/\/euapp01.newsmemory.com\/lamarseillaise\/news\/wp-json\/wp\/v2\/posts\/36776\/revisions\/36778"}],"wp:featuredmedia":[{"embeddable":true,"href":"https:\/\/euapp01.newsmemory.com\/lamarseillaise\/news\/wp-json\/wp\/v2\/media\/36777"}],"wp:attachment":[{"href":"https:\/\/euapp01.newsmemory.com\/lamarseillaise\/news\/wp-json\/wp\/v2\/media?parent=36776"}],"wp:term":[{"taxonomy":"category","embeddable":true,"href":"https:\/\/euapp01.newsmemory.com\/lamarseillaise\/news\/wp-json\/wp\/v2\/categories?post=36776"},{"taxonomy":"post_tag","embeddable":true,"href":"https:\/\/euapp01.newsmemory.com\/lamarseillaise\/news\/wp-json\/wp\/v2\/tags?post=36776"},{"taxonomy":"news-destination","embeddable":true,"href":"https:\/\/euapp01.newsmemory.com\/lamarseillaise\/news\/wp-json\/wp\/v2\/news-destination?post=36776"},{"taxonomy":"news-source","embeddable":true,"href":"https:\/\/euapp01.newsmemory.com\/lamarseillaise\/news\/wp-json\/wp\/v2\/news-source?post=36776"},{"taxonomy":"is_homepage","embeddable":true,"href":"https:\/\/euapp01.newsmemory.com\/lamarseillaise\/news\/wp-json\/wp\/v2\/is_homepage?post=36776"},{"taxonomy":"ta_other","embeddable":true,"href":"https:\/\/euapp01.newsmemory.com\/lamarseillaise\/news\/wp-json\/wp\/v2\/ta_other?post=36776"}],"curies":[{"name":"wp","href":"https:\/\/api.w.org\/{rel}","templated":true}]}}