{"id":36773,"date":"2026-07-19T08:26:00","date_gmt":"2026-07-19T06:26:00","guid":{"rendered":"https:\/\/euapp01.newsmemory.com\/lamarseillaise\/news\/?p=36773"},"modified":"2026-07-25T08:52:26","modified_gmt":"2026-07-25T06:52:26","slug":"la-guerre-despagne-3-3-guerre-exil-et-resistance-antifasciste","status":"publish","type":"post","link":"https:\/\/euapp01.newsmemory.com\/lamarseillaise\/news\/2026\/07\/19\/la-guerre-despagne-3-3-guerre-exil-et-resistance-antifasciste\/","title":{"rendered":"[La guerre d\u2019Espagne 3\/3] Guerre, exil et r\u00e9sistance antifasciste"},"content":{"rendered":"<div class=\"paragraph\">\n<p>Du 18 juillet 1936 jusqu\u2019aux premi\u00e8res ann\u00e9es de la \u00ab\u00a0transition d\u00e9mocratique\u00a0\u00bb apr\u00e8s la mort de Franco le 20 novembre 1975, nombre de r\u00e9publicains espagnols exil\u00e9s en France n\u2019ont jamais cess\u00e9 de mener la lutte antifasciste, ceux qui sont rest\u00e9s en Espagne, apr\u00e8s la fin de la guerre ont subi la r\u00e9pression f\u00e9roce, les emprisonnements, la torture, des dizaines de milliers ont \u00e9t\u00e9 fusill\u00e9s. <a href=\"https:\/\/www.lamarseillaise.fr\/international\/a-marseille-gilberto-bosques-ouvrait-la-porte-de-l-espoir-vers-le-mexique-AH20509854\">Cette m\u00e9moire historique est racont\u00e9e et transmise essentiellement par les familles et les descendants des r\u00e9publicains espagnols, par les associations m\u00e9morielles, et des historiens<\/a>. Cependant, elle reste compl\u00e8tement occult\u00e9e dans les livres d\u2019histoire que ce soit en France ou en Espagne.<\/p>\n<p>\u00c0 90 ann\u00e9es de distance, la guerre pour abattre la R\u00e9publique espagnole, d\u00e9clench\u00e9e le 18 juillet 1936 par le fascisme international et des g\u00e9n\u00e9raux f\u00e9lons dont Franco, reste l\u2019\u00e9v\u00e9nement historique du XX<sup>e<\/sup>\u00a0si\u00e8cle \u00e0 propos duquel sont produits aujourd\u2019hui le plus d\u2019\u00e9tudes, de livres, de documentaires, qui soul\u00e8vent de nombreuses pol\u00e9miques et aussi qui fait l\u2019objet de diverses r\u00e9\u00e9critures de l\u2019histoire.<\/p>\n<p>Les historiens sont divis\u00e9s entre ceux qui consid\u00e8rent qu\u2019il s\u2019agissait d\u2019une guerre civile, d\u00e9signant les franquistes comme \u00ab\u00a0nationalistes\u00a0\u00bb mettant dos \u00e0 dos victimes et bourreaux, et ceux, qui pensent plut\u00f4t qu\u2019il s\u2019agissait bien du prologue de la seconde guerre mondiale. Cette guerre d\u2019Espagne, guerre d\u2019ind\u00e9pendance contre le fascisme disaient les communistes espagnols, portait en elle tout ce que peut produire l\u2019Humanit\u00e9 en bien ou en mal. La solidarit\u00e9 internationale avec les brigades internationales, la d\u00e9fense des valeurs de la R\u00e9publique, mais aussi les trahisons, les luttes intestines qui opposaient ceux qui donnaient la priorit\u00e9 \u00e0 l\u2019union pour combattre le fascisme, et ceux qui pensaient que l\u2019heure de la r\u00e9volution \u00e9tait arriv\u00e9e. Les uns, les communistes, \u00e9taient \u00e0 l\u2019origine de la constitution d\u2019une arm\u00e9e populaire, et fervents d\u00e9fenseurs du \u00ab\u00a0Frente Popular\u00a0\u00bb et de la lutte antifasciste, les autres, notamment anarchistes et POUM voulaient faire de cette guerre, une guerre r\u00e9volutionnaire.<\/p>\n<p>Mais, c\u2019est bien l\u2019intervention des forces fascistes et nazies, italiennes et allemandes en Espagne, accompagn\u00e9e par la politique criminelle de non-intervention de la France et l\u2019Angleterre, qui sont la principale cause de la chute de la R\u00e9publique espagnole.<\/p>\n<p>En f\u00e9vrier 1939, les troupes franquistes appuy\u00e9es par l\u2019aviation italienne bombardent les populations civiles qui se dirigent vers la fronti\u00e8re fran\u00e7aise. De janvier \u00e0 f\u00e9vrier un demi-million de r\u00e9publicains espagnols va traverser les Pyr\u00e9n\u00e9es. Plus de 200 000 vont \u00eatre enferm\u00e9s dans des camps de concentration sur les plages du Roussillon et en Afrique du Nord apr\u00e8s le 31 mars. La France de la troisi\u00e8me R\u00e9publique, va nommer P\u00e9tain comme ambassadeur aupr\u00e8s de Franco alors que la R\u00e9publique continue de r\u00e9sister \u00e0 Madrid et dans le centre. Le 31 mars 1939, apr\u00e8s trois ann\u00e9es de r\u00e9sistance h\u00e9ro\u00efque le peuple espagnol va basculer dans une terrible dictature qui fera davantage de morts pendant les ann\u00e9es d\u2019apr\u00e8s-guerre que pendant. On estime \u00e0 plus de 100 000 les victimes du franquisme qui gisent dans des fosses et dont les familles sont toujours \u00e0 la recherche.<\/p>\n<p>La nomination de P\u00e9tain \u00e0 Burgos a \u00e9t\u00e9 une ultime trahison de la France r\u00e9publicaine qui s\u2019appr\u00eate \u00e0 livrer le pays \u00e0 Hitler. Un visage de la France loin de l\u2019image qu\u2019avaient les r\u00e9publicains espagnols du pays des droits de l\u2019Homme. Comme il \u00e9tait pr\u00e9visible, les nazis vont occuper la France, les r\u00e9publicains espagnols seront parmi les premiers \u00e0 prendre les armes pour lib\u00e9rer le pays, aux c\u00f4t\u00e9s des r\u00e9sistants fran\u00e7ais poursuivant ainsi leur lutte contre le fascisme. Quelques d\u00e9cennies plus tard leur M\u00e9moire nous appelle \u00e0 la vigilance.<\/p>\n<\/p><\/div>\n","protected":false},"excerpt":{"rendered":"Du 18 juillet 1936 jusqu&rsquo;aux premi&egrave;res ann&eacute;es de la &laquo;&nbsp;transition d&eacute;mocratique&nbsp;&raquo; apr&egrave;s la mort de Franco le 20 novembre 1975, nombre de r&eacute;publicains espagnols exil&eacute;s en France &#8230;","protected":false},"author":1,"featured_media":36774,"comment_status":"open","ping_status":"open","sticky":false,"template":"","format":"standard","meta":{"footnotes":""},"categories":[3926,3925,337],"tags":[1220,3111,724,6088,280,16,920,97,2938,988,2001],"news-destination":[3944],"news-source":[475],"is_homepage":[],"ta_other":[],"class_list":["post-36773","post","type-post","status-publish","format-standard","has-post-thumbnail","hentry","category-accueil-merge","category-accueil-third","category-international","tag-espagne","tag-front-populaire","tag-guerre","tag-guerre-despagne","tag-histoire","tag-marseille","tag-memoire","tag-patrimoine","tag-recit","tag-week-end","tag-weekend","news-destination-homepage","news-source-website"],"_links":{"self":[{"href":"https:\/\/euapp01.newsmemory.com\/lamarseillaise\/news\/wp-json\/wp\/v2\/posts\/36773","targetHints":{"allow":["GET"]}}],"collection":[{"href":"https:\/\/euapp01.newsmemory.com\/lamarseillaise\/news\/wp-json\/wp\/v2\/posts"}],"about":[{"href":"https:\/\/euapp01.newsmemory.com\/lamarseillaise\/news\/wp-json\/wp\/v2\/types\/post"}],"author":[{"embeddable":true,"href":"https:\/\/euapp01.newsmemory.com\/lamarseillaise\/news\/wp-json\/wp\/v2\/users\/1"}],"replies":[{"embeddable":true,"href":"https:\/\/euapp01.newsmemory.com\/lamarseillaise\/news\/wp-json\/wp\/v2\/comments?post=36773"}],"version-history":[{"count":1,"href":"https:\/\/euapp01.newsmemory.com\/lamarseillaise\/news\/wp-json\/wp\/v2\/posts\/36773\/revisions"}],"predecessor-version":[{"id":36775,"href":"https:\/\/euapp01.newsmemory.com\/lamarseillaise\/news\/wp-json\/wp\/v2\/posts\/36773\/revisions\/36775"}],"wp:featuredmedia":[{"embeddable":true,"href":"https:\/\/euapp01.newsmemory.com\/lamarseillaise\/news\/wp-json\/wp\/v2\/media\/36774"}],"wp:attachment":[{"href":"https:\/\/euapp01.newsmemory.com\/lamarseillaise\/news\/wp-json\/wp\/v2\/media?parent=36773"}],"wp:term":[{"taxonomy":"category","embeddable":true,"href":"https:\/\/euapp01.newsmemory.com\/lamarseillaise\/news\/wp-json\/wp\/v2\/categories?post=36773"},{"taxonomy":"post_tag","embeddable":true,"href":"https:\/\/euapp01.newsmemory.com\/lamarseillaise\/news\/wp-json\/wp\/v2\/tags?post=36773"},{"taxonomy":"news-destination","embeddable":true,"href":"https:\/\/euapp01.newsmemory.com\/lamarseillaise\/news\/wp-json\/wp\/v2\/news-destination?post=36773"},{"taxonomy":"news-source","embeddable":true,"href":"https:\/\/euapp01.newsmemory.com\/lamarseillaise\/news\/wp-json\/wp\/v2\/news-source?post=36773"},{"taxonomy":"is_homepage","embeddable":true,"href":"https:\/\/euapp01.newsmemory.com\/lamarseillaise\/news\/wp-json\/wp\/v2\/is_homepage?post=36773"},{"taxonomy":"ta_other","embeddable":true,"href":"https:\/\/euapp01.newsmemory.com\/lamarseillaise\/news\/wp-json\/wp\/v2\/ta_other?post=36773"}],"curies":[{"name":"wp","href":"https:\/\/api.w.org\/{rel}","templated":true}]}}