{"id":36767,"date":"2026-07-19T08:16:00","date_gmt":"2026-07-19T06:16:00","guid":{"rendered":"https:\/\/euapp01.newsmemory.com\/lamarseillaise\/news\/?p=36767"},"modified":"2026-07-25T08:40:26","modified_gmt":"2026-07-25T06:40:26","slug":"un-ete-au-camping-on-plante-ses-sardines-a-lauberge-de-bois-luzy-a-marseille","status":"publish","type":"post","link":"https:\/\/euapp01.newsmemory.com\/lamarseillaise\/news\/2026\/07\/19\/un-ete-au-camping-on-plante-ses-sardines-a-lauberge-de-bois-luzy-a-marseille\/","title":{"rendered":"[Un \u00e9t\u00e9 au camping] On plante ses sardines \u00e0 l\u2019auberge de Bois Luzy \u00e0 Marseille"},"content":{"rendered":"<div class=\"paragraph\">\n<p>Nich\u00e9e sur la colline de Saint-Barnab\u00e9, l\u2019Auberge de jeunesse du Ch\u00e2teau Bois Luzy, dispose, en plus d\u2019une centaine de places dans ses 18\u00a0dortoirs, de 20\u00a0emplacements pour tentes, et depuis les JO, de trois pour les camping-cars, au pied d\u2019un ch\u00e2teau charg\u00e9 d\u2019histoire. On y vient, en groupe, entre amis ou en solo, pour une question de budget. Et on y revient pour \u00ab\u00a0<i>le cadre idyllique et l\u2019accueil extr\u00eamement chaleureux<\/i>\u00a0\u00bb assurent les amis de l\u2019ovalie toulousains. \u00ab\u00a0<i>On doit un grand merci \u00e0 la directrice<\/i>, avoue J\u00e9r\u00f4me, <i>je suis une quiche avec internet et au lieu de r\u00e9server une chambre pour six, j\u2019avais cliqu\u00e9 sur quatre places en tentes non \u00e9quip\u00e9es<\/i><i>\u00a0<\/i>\u00bb. Mais Fouzia Sujet, rod\u00e9e depuis des ann\u00e9es \u00e0 l\u2019accueil des Auberges de Jeunesse de Strasbourg \u00e0 Marseille, n\u2019est pas du genre \u00e0 tomber le sourire devant le d\u00e9sarroi de la petite bande. \u00ab\u00a0<i>On trouve toujours une solution en cas d\u2019urgence. On peut aller jusqu\u2019\u00e0 30<\/i><i>\u00a0<\/i><i>emplacements de tentes pour deux \u00e0 trois personnes, on a 15<\/i><i>\u00a0<\/i><i>tentes \u00e9quip\u00e9es. D\u2019ailleurs ici, on met tous la main \u00e0 la p\u00e2te<\/i>\u00a0\u00bb. Direction comprise.<\/p>\n<p>Aux man\u0153uvres de ce superbe domaine depuis deux ans et demi, Fouzia met un point d\u2019honneur \u00e0 perp\u00e9tuer \u00ab<i>\u00a0<\/i><i>l\u2019esprit de culture populaire des Auberges<\/i>\u00a0\u00bb, \u00e9paul\u00e9e par Eryne et une \u00e9quipe de huit saisonniers fid\u00e8les au poste. De mars \u00e0 octobre, Julien, Laur\u00e8ne et Marijn accueillent avec bienveillance, Kader, Lusine et Odette sont aux petits oignons pour les h\u00f4tes, quand Marie pr\u00e9pare les petits-d\u00e9jeuners et Nabil et Alla veillent sur leur sommeil. Bient\u00f4t, \u00ab\u00a0<i>un miel de nos ruches s\u2019\u00e9talera sur les tartines<\/i><i>\u00a0<\/i>\u00bb, annonce Fouzia devant une pancarte qui pr\u00e9vient de la pr\u00e9sence de nouvelles reines install\u00e9es au milieu des essences de la colline.<\/p>\n<p>Ouvert au quartier<\/p>\n<p>Sur la terrasse les h\u00e9berg\u00e9s d\u00e9barrassent les tables des derni\u00e8res reliques de leur repas. Les cuisines, la laverie, les sanitaires et la biblioth\u00e8que du ch\u00e2teau sont \u00e0 disposition. Et, le mascaron aux armoiries du comte, les mosa\u00efques du patio, les peintures des boiseries ou la ferronnerie des rampes d\u2019escaliers, le site \u00e9veille l\u2019int\u00e9r\u00eat patrimonial.<\/p>\n<p>Le camping, version vie de ch\u00e2teau \u00ab\u00a0<i>c\u2019est plus sympa que l\u2019h\u00f4tel, plus d\u00e9tendu, plus convivial. Hier, on a pass\u00e9 la soir\u00e9e avec des gens de Clermont-Ferrand<\/i>\u00a0\u00bb s\u2019enthousiasme J\u00e9r\u00f4me. C\u2019est encore une mani\u00e8re pour des voyageurs venus de tous pays de rencontrer des Marseillais\u00a0: \u00ab\u00a0<i>Fouzia ouvre les portes, pour des f\u00eates, des vide-greniers, du th\u00e9\u00e2tre, des concerts, des cours de pilate&#8230; on est chez nous, ici<\/i>\u00a0\u00bb pl\u00e9biscite Jo\u00eblle Rousson, enseignante retrait\u00e9e, membre de l\u2019Association Loisirs Bois Luzy. Sur le parking, un cycliste remonte en selle pour s\u2019engager sur la piste. Pour les plus sportifs les plateaux de handball, football et volleyball mitoyens compl\u00e8tent ce tableau dont la seule ombre tient \u00e0 une offre \u00ab\u00a0peuch\u00e8re\u00a0\u00bb de transports en commun de la M\u00e9tropole, d\u00e9plore Jo\u00eblle.<\/p>\n<\/p><\/div>\n<div class=\"paragraph\">\n<p><i>Tarifs en tente \u00e0 partir de<\/i><\/p>\n<p><i>32,50<\/i><i>\u00a0<\/i><i>euros par jour pour une personne, 40 pour deux, petit-d\u00e9jeuner inclus. <\/i><\/p>\n<\/p><\/div>\n","protected":false},"excerpt":{"rendered":"Nich&eacute;e sur la colline de Saint-Barnab&eacute;, l&rsquo;Auberge de jeunesse du Ch&acirc;teau Bois Luzy, dispose, en plus d&rsquo;une centaine de places dans ses 18&nbsp;dortoirs, de 20&nbsp;emplacements pour tentes, et depuis les JO, de trois &#8230;","protected":false},"author":1,"featured_media":36768,"comment_status":"open","ping_status":"open","sticky":false,"template":"","format":"standard","meta":{"footnotes":""},"categories":[3926,3925,20],"tags":[10,5238,336,16,97,988,2001],"news-destination":[3944],"news-source":[475],"is_homepage":[],"ta_other":[],"class_list":["post-36767","post","type-post","status-publish","format-standard","has-post-thumbnail","hentry","category-accueil-merge","category-accueil-third","category-societe","tag-bouches-du-rhone","tag-camping","tag-ete","tag-marseille","tag-patrimoine","tag-week-end","tag-weekend","news-destination-homepage","news-source-website"],"_links":{"self":[{"href":"https:\/\/euapp01.newsmemory.com\/lamarseillaise\/news\/wp-json\/wp\/v2\/posts\/36767","targetHints":{"allow":["GET"]}}],"collection":[{"href":"https:\/\/euapp01.newsmemory.com\/lamarseillaise\/news\/wp-json\/wp\/v2\/posts"}],"about":[{"href":"https:\/\/euapp01.newsmemory.com\/lamarseillaise\/news\/wp-json\/wp\/v2\/types\/post"}],"author":[{"embeddable":true,"href":"https:\/\/euapp01.newsmemory.com\/lamarseillaise\/news\/wp-json\/wp\/v2\/users\/1"}],"replies":[{"embeddable":true,"href":"https:\/\/euapp01.newsmemory.com\/lamarseillaise\/news\/wp-json\/wp\/v2\/comments?post=36767"}],"version-history":[{"count":1,"href":"https:\/\/euapp01.newsmemory.com\/lamarseillaise\/news\/wp-json\/wp\/v2\/posts\/36767\/revisions"}],"predecessor-version":[{"id":36769,"href":"https:\/\/euapp01.newsmemory.com\/lamarseillaise\/news\/wp-json\/wp\/v2\/posts\/36767\/revisions\/36769"}],"wp:featuredmedia":[{"embeddable":true,"href":"https:\/\/euapp01.newsmemory.com\/lamarseillaise\/news\/wp-json\/wp\/v2\/media\/36768"}],"wp:attachment":[{"href":"https:\/\/euapp01.newsmemory.com\/lamarseillaise\/news\/wp-json\/wp\/v2\/media?parent=36767"}],"wp:term":[{"taxonomy":"category","embeddable":true,"href":"https:\/\/euapp01.newsmemory.com\/lamarseillaise\/news\/wp-json\/wp\/v2\/categories?post=36767"},{"taxonomy":"post_tag","embeddable":true,"href":"https:\/\/euapp01.newsmemory.com\/lamarseillaise\/news\/wp-json\/wp\/v2\/tags?post=36767"},{"taxonomy":"news-destination","embeddable":true,"href":"https:\/\/euapp01.newsmemory.com\/lamarseillaise\/news\/wp-json\/wp\/v2\/news-destination?post=36767"},{"taxonomy":"news-source","embeddable":true,"href":"https:\/\/euapp01.newsmemory.com\/lamarseillaise\/news\/wp-json\/wp\/v2\/news-source?post=36767"},{"taxonomy":"is_homepage","embeddable":true,"href":"https:\/\/euapp01.newsmemory.com\/lamarseillaise\/news\/wp-json\/wp\/v2\/is_homepage?post=36767"},{"taxonomy":"ta_other","embeddable":true,"href":"https:\/\/euapp01.newsmemory.com\/lamarseillaise\/news\/wp-json\/wp\/v2\/ta_other?post=36767"}],"curies":[{"name":"wp","href":"https:\/\/api.w.org\/{rel}","templated":true}]}}