{"id":36764,"date":"2026-07-19T08:20:00","date_gmt":"2026-07-19T06:20:00","guid":{"rendered":"https:\/\/euapp01.newsmemory.com\/lamarseillaise\/news\/?p=36764"},"modified":"2026-07-25T08:40:26","modified_gmt":"2026-07-25T06:40:26","slug":"lesprit-de-1936-marseille-comme-un-laboratoire","status":"publish","type":"post","link":"https:\/\/euapp01.newsmemory.com\/lamarseillaise\/news\/2026\/07\/19\/lesprit-de-1936-marseille-comme-un-laboratoire\/","title":{"rendered":"[L\u2019esprit de 1936] Marseille, comme un laboratoire"},"content":{"rendered":"<div class=\"paragraph\">\n<p>Marseille est un laboratoire dans le sens o\u00f9 le processus de r\u00e9unification syndicale se nourrit des nombreux conflits qui \u00e9clatent \u00e0 partir de f\u00e9vrier 1934 et anticipe la r\u00e9unification nationale. Deux conflits jouent un r\u00f4le particuli\u00e8rement important \u00e0 cet \u00e9gard\u00a0:<\/p>\n<p>\u00ab<i>\u00a0<\/i><i>La marche de la faim<\/i><i>\u00a0<\/i>\u00bb des gueules noires du bassin minier de Gardanne (1935). Un millier de mineurs se rend en train \u00e0 Aubagne, lieu de d\u00e9part r\u00e9el de la marche, aux cris de \u00ab\u00a0<i>du travail et du pain<\/i><i>\u00a0<\/i>\u00bb. Selon les rapports de police, elle rassemble pr\u00e8s de 3\u00a0000\u00a0personnes. Cette marche a \u00e9t\u00e9 suivie par un nombre non n\u00e9gligeable de militants CGT et par de nombreux \u00e9lus socialistes et communistes du bassin\u00a0: Deleuil, Ami, Moustier, Julien, N\u00e9grel, Laget, Vidal, David etc. Une fois arriv\u00e9s \u00e0 Marseille, salle Ferrer, les ouvriers mineurs votent une motion demandant \u00ab\u00a0<i>\u00e0 l\u2019Union d\u00e9partementale conf\u00e9d\u00e9r\u00e9e, \u00e0 la F\u00e9d\u00e9ration r\u00e9gionale et \u00e0 la F\u00e9d\u00e9ration nationale conf\u00e9d\u00e9r\u00e9e du sous-sol, de s\u2019unir sans retard avec les organisations unitaires pour la d\u00e9fense des ouvriers mineurs<\/i>\u00a0\u00bb. D\u00e8s le 27\u00a0octobre 1935, la CGT et la CGTU de Biver-Gardanne fusionnent\u00a0; le 5\u00a0novembre, un processus identique se produit \u00e0 Meyreuil\u00a0; le 1<sup>er<\/sup>\u00a0d\u00e9cembre, les mineurs de Gr\u00e9asque r\u00e9unissent \u00e0 leur tour leurs syndicats. La gr\u00e8ve des mineurs est la matrice de la r\u00e9unification de la CGT.<\/p>\n<p>Le conflit du personnel de la manutention portuaire. Le 9\u00a0d\u00e9cembre 1935, 2\u00a0100\u00a0dockers se mettent en gr\u00e8ve pour protester contre la diminution des revenus, justifi\u00e9e, selon le patronat, par la r\u00e9duction du co\u00fbt de la vie. Tr\u00e8s vite, les dockers de la CGTU, sous la direction de Victor Gagnaire, deviennent les \u00e9l\u00e9ments les plus actifs du conflit et \u00e9cartent les deux anciens responsables sabianistes Nazzi et Ciavaldini. Ils mettent en place des piquets de gr\u00e8ve pour \u00e9viter l\u2019emploi de \u00ab\u00a0<i>jaunes<\/i>\u00a0\u00bb, obtiennent l\u2019appui des dockers de Port-de-Bouc et de Port-Saint-Louis-du-Rh\u00f4ne qui d\u00e9braient \u00e0 leur tour et paralysent ainsi l\u2019ensemble du trafic portuaire. La situation est tellement tendue que le pr\u00e9fet d\u00e9cide d\u2019intervenir. Le 16\u00a0d\u00e9cembre, \u00e0 sa demande, il r\u00e9unit la Commission charg\u00e9e de mesurer l\u2019\u00e9volution du co\u00fbt de la vie et ses conclusions aboutissent \u00e0 rejeter les baisses de salaires initialement pr\u00e9vues. L\u2019issue favorable de ce conflit restructure le paysage syndical du port. Le 2\u00a0janvier 1936, le Syndicat unique des dockers est cr\u00e9\u00e9 et c\u2019est l\u2019ex-unitaire Victor Gagnaire qui devient son premier secr\u00e9taire g\u00e9n\u00e9ral. Le mouvement social portuaire se trouve ainsi radicalis\u00e9, et pour longtemps. Il devient, pour l\u2019ensemble des salari\u00e9s de la r\u00e9gion, une r\u00e9f\u00e9rence essentielle, sans que pour autant tous les probl\u00e8mes soient r\u00e9gl\u00e9s.<\/p>\n<p>Malgr\u00e9 les tensions qui subsistent entre les instances d\u00e9partementales des deux CGT, la vigueur du mouvement social favorise la fusion syndicale qui para\u00eet, d\u00e9sormais, in\u00e9luctable. Elle se produit officiellement les 4 et 5\u00a0janvier 1936, deux mois avant le congr\u00e8s de r\u00e9unification nationale qui se tient \u00e0 Toulouse du 2 au 5\u00a0mars 1936. C\u2019est en ce sens que l\u2019on peut parler de la r\u00e9gion marseillaise comme d\u2019un laboratoire qui anticipe l\u2019accord national.<\/p>\n<\/p><\/div>\n","protected":false},"excerpt":{"rendered":"Marseille est un laboratoire dans le sens o&ugrave; le processus de r&eacute;unification syndicale se nourrit des nombreux conflits qui &eacute;clatent &agrave; partir de f&eacute;vrier 1934 et anticipe la r&eacute;unification nationale. Deux &#8230;","protected":false},"author":1,"featured_media":36765,"comment_status":"open","ping_status":"open","sticky":false,"template":"","format":"standard","meta":{"footnotes":""},"categories":[3926,3925,20],"tags":[10,3111,280,16,988,2001],"news-destination":[3944],"news-source":[475],"is_homepage":[],"ta_other":[],"class_list":["post-36764","post","type-post","status-publish","format-standard","has-post-thumbnail","hentry","category-accueil-merge","category-accueil-third","category-societe","tag-bouches-du-rhone","tag-front-populaire","tag-histoire","tag-marseille","tag-week-end","tag-weekend","news-destination-homepage","news-source-website"],"_links":{"self":[{"href":"https:\/\/euapp01.newsmemory.com\/lamarseillaise\/news\/wp-json\/wp\/v2\/posts\/36764","targetHints":{"allow":["GET"]}}],"collection":[{"href":"https:\/\/euapp01.newsmemory.com\/lamarseillaise\/news\/wp-json\/wp\/v2\/posts"}],"about":[{"href":"https:\/\/euapp01.newsmemory.com\/lamarseillaise\/news\/wp-json\/wp\/v2\/types\/post"}],"author":[{"embeddable":true,"href":"https:\/\/euapp01.newsmemory.com\/lamarseillaise\/news\/wp-json\/wp\/v2\/users\/1"}],"replies":[{"embeddable":true,"href":"https:\/\/euapp01.newsmemory.com\/lamarseillaise\/news\/wp-json\/wp\/v2\/comments?post=36764"}],"version-history":[{"count":1,"href":"https:\/\/euapp01.newsmemory.com\/lamarseillaise\/news\/wp-json\/wp\/v2\/posts\/36764\/revisions"}],"predecessor-version":[{"id":36766,"href":"https:\/\/euapp01.newsmemory.com\/lamarseillaise\/news\/wp-json\/wp\/v2\/posts\/36764\/revisions\/36766"}],"wp:featuredmedia":[{"embeddable":true,"href":"https:\/\/euapp01.newsmemory.com\/lamarseillaise\/news\/wp-json\/wp\/v2\/media\/36765"}],"wp:attachment":[{"href":"https:\/\/euapp01.newsmemory.com\/lamarseillaise\/news\/wp-json\/wp\/v2\/media?parent=36764"}],"wp:term":[{"taxonomy":"category","embeddable":true,"href":"https:\/\/euapp01.newsmemory.com\/lamarseillaise\/news\/wp-json\/wp\/v2\/categories?post=36764"},{"taxonomy":"post_tag","embeddable":true,"href":"https:\/\/euapp01.newsmemory.com\/lamarseillaise\/news\/wp-json\/wp\/v2\/tags?post=36764"},{"taxonomy":"news-destination","embeddable":true,"href":"https:\/\/euapp01.newsmemory.com\/lamarseillaise\/news\/wp-json\/wp\/v2\/news-destination?post=36764"},{"taxonomy":"news-source","embeddable":true,"href":"https:\/\/euapp01.newsmemory.com\/lamarseillaise\/news\/wp-json\/wp\/v2\/news-source?post=36764"},{"taxonomy":"is_homepage","embeddable":true,"href":"https:\/\/euapp01.newsmemory.com\/lamarseillaise\/news\/wp-json\/wp\/v2\/is_homepage?post=36764"},{"taxonomy":"ta_other","embeddable":true,"href":"https:\/\/euapp01.newsmemory.com\/lamarseillaise\/news\/wp-json\/wp\/v2\/ta_other?post=36764"}],"curies":[{"name":"wp","href":"https:\/\/api.w.org\/{rel}","templated":true}]}}