{"id":36758,"date":"2026-07-19T08:06:00","date_gmt":"2026-07-19T06:06:00","guid":{"rendered":"https:\/\/euapp01.newsmemory.com\/lamarseillaise\/news\/?p=36758"},"modified":"2026-07-24T11:22:37","modified_gmt":"2026-07-24T09:22:37","slug":"patrimoine-la-double-mission-des-remparts-davignon","status":"publish","type":"post","link":"https:\/\/euapp01.newsmemory.com\/lamarseillaise\/news\/2026\/07\/19\/patrimoine-la-double-mission-des-remparts-davignon\/","title":{"rendered":"[Patrimoine] La double mission des remparts d\u2019Avignon"},"content":{"rendered":"<div class=\"paragraph\">\n<p>Il y a quelques semaines, 14\u00a0pupitres de lecture ont fait leur apparition tout le long des 4,6km des remparts d\u2019Avignon. Ce \u00ab\u00a0<i>projet de mise en lumi\u00e8re historique et culturelle vise \u00e0 r\u00e9int\u00e9grer dans la m\u00e9moire collective ce monument essentiel d\u2019Avignon que constitue son enceinte m\u00e9di\u00e9vale et en faire une source de connaissance d\u00e9passant le seul caract\u00e8re historique de cette architecture<\/i><i>\u00a0<\/i>\u00bb, nous indique la municipalit\u00e9. Un parcours o\u00f9 les \u00ab<i>\u00a0<\/i><i>contenus \u00e9voquent l\u2019histoire du monument mais \u00e9galement tous les usages qui s\u2019y attachent, rappelant sa dimension sociale au sein de la Ville (foires et march\u00e9s, constructions adoss\u00e9es, \u00e9pisodes des crues&#8230;)<\/i><i>\u00a0<\/i>\u00bb.<\/p>\n<p>Mani\u00e8re pour les habitants, comme pour les touristes, d\u2019en apprendre davantage sur ce joyau, progressivement class\u00e9 Monument historique entre 1906 et 1937 avant d\u2019\u00eatre int\u00e9gr\u00e9 au patrimoine mondial de l\u2019Unesco en 1995 avec l\u2019ensemble du centre-ville. De 8\u00a0m\u00e8tres de haut, dot\u00e9es de 36 tours et 55\u00a0\u00e9chauguettes (tourelles) et de 27 points de passages (portes et poternes confondues), les remparts sont aujourd\u2019hui une forteresse m\u00e9di\u00e9vale parmi les mieux conserv\u00e9es. D\u2019abord circonscrites dans un p\u00e9rim\u00e8tre du Rocher des Doms o\u00f9 se sont install\u00e9es les premi\u00e8res populations, les forteresses se sont progressivement \u00e9tendues en franchissant \u00e0 partir de 1320 le canal de la Sorgue. La configuration actuelle a n\u00e9cessit\u00e9 16 ans de travaux de 1357 \u00e0 1373, principalement sous le pontificat d\u2019Innocent VI.<\/p>\n<p>\u00ab\u00a0<i>La fonction initiale des remparts est la d\u00e9fense de la ville contre les attaques militaires ext\u00e9rieures<\/i><i>\u00a0<\/i>\u00bb, stipule la municipalit\u00e9. Le symbole en est le Ch\u00e2telet. Situ\u00e9 \u00e0 l\u2019entr\u00e9e du pont Saint-B\u00e9n\u00e9zet, ce b\u00e2timent constitue le point strat\u00e9gique du contr\u00f4le de la ville. \u00c9rig\u00e9 au XIV<sup>e<\/sup>\u00a0si\u00e8cle, il est reconstruit en 1414 suite aux d\u00e9g\u00e2ts subis lors du deuxi\u00e8me si\u00e8ge du palais apostolique, au d\u00e9but du XV<sup>e<\/sup> si\u00e8cle.<\/p>\n<p>Une armure en bois comme endiguement<\/p>\n<p>Le second r\u00f4le des remparts, toujours pr\u00e9pond\u00e9rant, est de lutter contre les crues du Rh\u00f4ne. L\u2019\u00e9pisode le plus marquant remonte \u00e0 juin 1856, o\u00f9 une vague de 1,50m fait c\u00e9der plus de 30m de remparts au niveau de la porte Saint-Dominique et p\u00e9n\u00e8tre en centre-ville. Place Saint-Didier ou encore rue des Teinturiers de discrets t\u00e9moins de cette crue permettent de mesurer le niveau d\u2019eau. \u00c0 l\u2019\u00e9poque, Napol\u00e9on III \u00e9tait venu en barque constater les d\u00e9g\u00e2ts. D\u00e9sormais, la Ville veille \u00e0 d\u00e9velopper la culture du risque et familiariser la population au risque de crue. Depuis 2003 et la derni\u00e8re grosse crue, le Rh\u00f4ne est r\u00e9guli\u00e8rement sorti de son lit sans non plus aller jusqu\u2019\u00e0 l\u00e9cher les remparts. Tr\u00e8s r\u00e9guli\u00e8rement, les services municipaux s\u2019entra\u00eenent \u00e0 disposer des batardeaux. Sur un peu plus de 2km, de la porte Saint-Lazare au passage pi\u00e9ton de la Petite-H\u00f4tesse, chacune des portes et poterne poss\u00e8de sa propre armure\u00a0: une double rang\u00e9e de madriers mis dans des encoches d\u00e9di\u00e9es \u00e0 l\u2019int\u00e9rieur de laquelle est ensuite garni un m\u00e9lange de terre et de fumier pour favoriser l\u2019\u00e9tanch\u00e9it\u00e9.<\/p>\n<p>Lieu de vie (foires, et parking jusqu\u2019\u00e0 il y a dix ans), le tour des remparts a \u00e9t\u00e9 transform\u00e9 en voie douce v\u00e9g\u00e9talis\u00e9e. Un tel patrimoine n\u00e9cessite un entretien permanent, un peu comme pour la Tour Eiffel dont le chantier ne s\u2019arr\u00eate jamais.<a rel=\"noopener noreferrer\" href=\"https:\/\/www.lamarseillaise.fr\/societe\/des-remparts-d-avignon-en-pleine-phase-de-restauration-IE14987483\" target=\"_blank\"> Il y a 5\u00a0<\/a><a rel=\"noopener noreferrer\" href=\"https:\/\/www.lamarseillaise.fr\/societe\/des-remparts-d-avignon-en-pleine-phase-de-restauration-IE14987483\" target=\"_blank\">ans, les remparts ont fait l\u2019objet d\u2019un diagnostic sanitaire, structurel et historique, par une \u00e9quipe compos\u00e9e d\u2019architectes du patrimoine,<\/a> d\u2019un \u00e9conomiste de la construction et d\u2019une historienne. Mani\u00e8re pour la Ville d\u2019\u00e9tablir un programme pluriannuel de travaux d\u2019entretien et de restauration sur au moins 10 ans.<a rel=\"noopener noreferrer\" href=\"https:\/\/www.lamarseillaise.fr\/societe\/des-morceaux-de-remparts-se-sont-effondres-quartier-saint-lazare-GE17641698\" target=\"_blank\"> Il y a un an et demi par exemple, des morceaux de remparts s\u2019\u00e9taient d\u00e9tach\u00e9s<\/a> c\u00f4t\u00e9 extra-muros \u00e0 Saint-Lazare, sans faire de victime. Dans les projets \u00e0 long terme, jamais vraiment dat\u00e9s, il est toujours pr\u00e9vu de rouvrir partiellement au public le chemin de ronde.<\/p>\n<\/p><\/div>\n","protected":false},"excerpt":{"rendered":"Il y a quelques semaines, 14&nbsp;pupitres de lecture ont fait leur apparition tout le long des 4,6km des remparts d&rsquo;Avignon. Ce &laquo;&nbsp;projet de mise en lumi&egrave;re historique et culturelle vise &agrave; r&eacute;int&eacute;grer dans &#8230;","protected":false},"author":1,"featured_media":36759,"comment_status":"open","ping_status":"open","sticky":false,"template":"","format":"standard","meta":{"footnotes":""},"categories":[3926,3925,20],"tags":[495,174,97,6119,171,988,2001],"news-destination":[3944],"news-source":[475],"is_homepage":[],"ta_other":[],"class_list":["post-36758","post","type-post","status-publish","format-standard","has-post-thumbnail","hentry","category-accueil-merge","category-accueil-third","category-societe","tag-495","tag-avignon","tag-patrimoine","tag-remparts","tag-vaucluse","tag-week-end","tag-weekend","news-destination-homepage","news-source-website"],"_links":{"self":[{"href":"https:\/\/euapp01.newsmemory.com\/lamarseillaise\/news\/wp-json\/wp\/v2\/posts\/36758","targetHints":{"allow":["GET"]}}],"collection":[{"href":"https:\/\/euapp01.newsmemory.com\/lamarseillaise\/news\/wp-json\/wp\/v2\/posts"}],"about":[{"href":"https:\/\/euapp01.newsmemory.com\/lamarseillaise\/news\/wp-json\/wp\/v2\/types\/post"}],"author":[{"embeddable":true,"href":"https:\/\/euapp01.newsmemory.com\/lamarseillaise\/news\/wp-json\/wp\/v2\/users\/1"}],"replies":[{"embeddable":true,"href":"https:\/\/euapp01.newsmemory.com\/lamarseillaise\/news\/wp-json\/wp\/v2\/comments?post=36758"}],"version-history":[{"count":1,"href":"https:\/\/euapp01.newsmemory.com\/lamarseillaise\/news\/wp-json\/wp\/v2\/posts\/36758\/revisions"}],"predecessor-version":[{"id":36760,"href":"https:\/\/euapp01.newsmemory.com\/lamarseillaise\/news\/wp-json\/wp\/v2\/posts\/36758\/revisions\/36760"}],"wp:featuredmedia":[{"embeddable":true,"href":"https:\/\/euapp01.newsmemory.com\/lamarseillaise\/news\/wp-json\/wp\/v2\/media\/36759"}],"wp:attachment":[{"href":"https:\/\/euapp01.newsmemory.com\/lamarseillaise\/news\/wp-json\/wp\/v2\/media?parent=36758"}],"wp:term":[{"taxonomy":"category","embeddable":true,"href":"https:\/\/euapp01.newsmemory.com\/lamarseillaise\/news\/wp-json\/wp\/v2\/categories?post=36758"},{"taxonomy":"post_tag","embeddable":true,"href":"https:\/\/euapp01.newsmemory.com\/lamarseillaise\/news\/wp-json\/wp\/v2\/tags?post=36758"},{"taxonomy":"news-destination","embeddable":true,"href":"https:\/\/euapp01.newsmemory.com\/lamarseillaise\/news\/wp-json\/wp\/v2\/news-destination?post=36758"},{"taxonomy":"news-source","embeddable":true,"href":"https:\/\/euapp01.newsmemory.com\/lamarseillaise\/news\/wp-json\/wp\/v2\/news-source?post=36758"},{"taxonomy":"is_homepage","embeddable":true,"href":"https:\/\/euapp01.newsmemory.com\/lamarseillaise\/news\/wp-json\/wp\/v2\/is_homepage?post=36758"},{"taxonomy":"ta_other","embeddable":true,"href":"https:\/\/euapp01.newsmemory.com\/lamarseillaise\/news\/wp-json\/wp\/v2\/ta_other?post=36758"}],"curies":[{"name":"wp","href":"https:\/\/api.w.org\/{rel}","templated":true}]}}