{"id":36754,"date":"2026-07-19T15:12:00","date_gmt":"2026-07-19T13:12:00","guid":{"rendered":"https:\/\/euapp01.newsmemory.com\/lamarseillaise\/news\/?p=36754"},"modified":"2026-07-25T08:52:26","modified_gmt":"2026-07-25T06:52:26","slug":"renaud-muselier-porte-plainte-contre-nice-matin-pour-diffamation","status":"publish","type":"post","link":"https:\/\/euapp01.newsmemory.com\/lamarseillaise\/news\/2026\/07\/19\/renaud-muselier-porte-plainte-contre-nice-matin-pour-diffamation\/","title":{"rendered":"Renaud Muselier porte plainte contre Nice Matin pour diffamation"},"content":{"rendered":"<div class=\"paragraph\">\n<p>Renaud Muselier, pr\u00e9sident de la R\u00e9gion Sud, annonce ce samedi porter plainte contre le quotidien <i>Nice Matin<\/i>. Celle-ci fait suite \u00e0 l\u2019affaire dite du<i> <\/i>\u00ab\u00a0<i>chalet<\/i><i>\u00a0<\/i>\u00bb. Pour rappel, le 15\u00a0juillet dernier, le journal faisait para\u00eetre un article rapportant l\u2019ouverture \u00e0 Marseille d\u2019une enqu\u00eate pour prise ill\u00e9gale d\u2019int\u00e9r\u00eat<i> <\/i>\u00ab\u00a0<i>concernant l\u2019employ\u00e9 de maison de Renaud Muselier<\/i>\u00a0\u00bb. L\u2019article fait suite \u00e0 un pr\u00e9c\u00e9dent, paru le 5\u00a0juillet, le quotidien avait d\u00e9j\u00e0 r\u00e9v\u00e9l\u00e9 \u00ab\u00a0<i>un signalement adress\u00e9 au procureur de la R\u00e9publique de Marseille accuse Renaud Muselier, le pr\u00e9sident de la R\u00e9gion Sud-Paca d\u2019avoir fait salarier l\u2019employ\u00e9 de son chalet par une agence de communication attributaire d\u2019un march\u00e9 public<\/i>\u00a0\u00bb. Des faits que Renaud Muselier a maintes fois contest\u00e9s. L\u2019affaire, a ensuite \u00e9t\u00e9 largement reprise par la presse locale et internationale. \u00ab\u00a0<i>J\u2019ai mis en demeure tous les m\u00e9dias qui ont relay\u00e9 de fausses informations de les retirer, <\/i>annonce Renaud Muselier par voie de communiqu\u00e9 de presse. <i>J\u2019ai enfin demand\u00e9 des dommages et int\u00e9r\u00eats de 2<\/i><i>\u00a0<\/i><i>millions d\u2019euros \u00e0 Nice Matin pour propagation de fausses informations et 1<\/i><i>\u00a0<\/i><i>million d\u2019euros \u00e0 tous les m\u00e9dias qui les ont relay\u00e9es.<\/i><i>\u00a0<\/i>\u00bb Le pr\u00e9sident de R\u00e9gion indique, dans un second communiqu\u00e9 \u00ab\u00a0<i>prendre l\u2019engagement public que les sommes dont devront s\u2019acquitter les diffamateurs seront int\u00e9gralement revers\u00e9es aux associations agissant dans les sports paralympiques.<\/i><i>\u00a0<\/i>\u00bb<i> <\/i>Dans un autre communiqu\u00e9, ce jeudi 16\u00a0juillet, la R\u00e9gion rappelait \u00ab\u00a0<i>faire de la pr\u00e9vention et de la lutte contre les atteintes \u00e0 la probit\u00e9 une priorit\u00e9 de son action publique<\/i>\u00a0\u00bb. \u00ab\u00a0<i>Je r\u00e9affirme toute ma confiance dans notre r\u00e9daction, son professionnalisme et sa rigueur<\/i><i>\u00a0<\/i>\u00bb<i>, <\/i>a officiellement d\u00e9clar\u00e9 de son c\u00f4t\u00e9 Simon Perrot, directeur g\u00e9n\u00e9ral du groupe <i>Nice-Matin<\/i>. \u00ab\u00a0<i>Nous laissons d\u00e9sormais la justice faire son travail.<\/i>\u00a0\u00bb<i><\/i><\/p>\n<\/p><\/div>\n","protected":false},"excerpt":{"rendered":"Renaud Muselier, pr&eacute;sident de la R&eacute;gion Sud, annonce ce samedi porter plainte contre le quotidien Nice Matin. Celle-ci fait suite &agrave; l&rsquo;affaire dite du &laquo;&nbsp;chalet&nbsp;&raquo;. Pour rappel, le 15&nbsp;juillet &#8230;","protected":false},"author":1,"featured_media":36755,"comment_status":"open","ping_status":"open","sticky":false,"template":"","format":"standard","meta":{"footnotes":""},"categories":[3926,3925,330],"tags":[10,526,203,2242,2948,2361,2946,1186,2265,2316,714,222,708],"news-destination":[3944],"news-source":[475],"is_homepage":[],"ta_other":[],"class_list":["post-36754","post","type-post","status-publish","format-standard","has-post-thumbnail","hentry","category-accueil-merge","category-accueil-third","category-politique","tag-bouches-du-rhone","tag-corruption","tag-diffamation","tag-journalisme","tag-liberte-de-la-presse","tag-plainte","tag-pluralisme","tag-presse","tag-presse-locale","tag-presse-regionale","tag-region-sud","tag-region-sud-paca","tag-renaud-muselier","news-destination-homepage","news-source-website"],"_links":{"self":[{"href":"https:\/\/euapp01.newsmemory.com\/lamarseillaise\/news\/wp-json\/wp\/v2\/posts\/36754","targetHints":{"allow":["GET"]}}],"collection":[{"href":"https:\/\/euapp01.newsmemory.com\/lamarseillaise\/news\/wp-json\/wp\/v2\/posts"}],"about":[{"href":"https:\/\/euapp01.newsmemory.com\/lamarseillaise\/news\/wp-json\/wp\/v2\/types\/post"}],"author":[{"embeddable":true,"href":"https:\/\/euapp01.newsmemory.com\/lamarseillaise\/news\/wp-json\/wp\/v2\/users\/1"}],"replies":[{"embeddable":true,"href":"https:\/\/euapp01.newsmemory.com\/lamarseillaise\/news\/wp-json\/wp\/v2\/comments?post=36754"}],"version-history":[{"count":2,"href":"https:\/\/euapp01.newsmemory.com\/lamarseillaise\/news\/wp-json\/wp\/v2\/posts\/36754\/revisions"}],"predecessor-version":[{"id":36798,"href":"https:\/\/euapp01.newsmemory.com\/lamarseillaise\/news\/wp-json\/wp\/v2\/posts\/36754\/revisions\/36798"}],"wp:featuredmedia":[{"embeddable":true,"href":"https:\/\/euapp01.newsmemory.com\/lamarseillaise\/news\/wp-json\/wp\/v2\/media\/36755"}],"wp:attachment":[{"href":"https:\/\/euapp01.newsmemory.com\/lamarseillaise\/news\/wp-json\/wp\/v2\/media?parent=36754"}],"wp:term":[{"taxonomy":"category","embeddable":true,"href":"https:\/\/euapp01.newsmemory.com\/lamarseillaise\/news\/wp-json\/wp\/v2\/categories?post=36754"},{"taxonomy":"post_tag","embeddable":true,"href":"https:\/\/euapp01.newsmemory.com\/lamarseillaise\/news\/wp-json\/wp\/v2\/tags?post=36754"},{"taxonomy":"news-destination","embeddable":true,"href":"https:\/\/euapp01.newsmemory.com\/lamarseillaise\/news\/wp-json\/wp\/v2\/news-destination?post=36754"},{"taxonomy":"news-source","embeddable":true,"href":"https:\/\/euapp01.newsmemory.com\/lamarseillaise\/news\/wp-json\/wp\/v2\/news-source?post=36754"},{"taxonomy":"is_homepage","embeddable":true,"href":"https:\/\/euapp01.newsmemory.com\/lamarseillaise\/news\/wp-json\/wp\/v2\/is_homepage?post=36754"},{"taxonomy":"ta_other","embeddable":true,"href":"https:\/\/euapp01.newsmemory.com\/lamarseillaise\/news\/wp-json\/wp\/v2\/ta_other?post=36754"}],"curies":[{"name":"wp","href":"https:\/\/api.w.org\/{rel}","templated":true}]}}