{"id":36751,"date":"2026-07-18T13:15:00","date_gmt":"2026-07-18T11:15:00","guid":{"rendered":"https:\/\/euapp01.newsmemory.com\/lamarseillaise\/news\/?p=36751"},"modified":"2026-07-24T08:46:39","modified_gmt":"2026-07-24T06:46:39","slug":"a-saint-hilaire-dans-le-gard-les-plus-pauvres-dans-le-viseur","status":"publish","type":"post","link":"https:\/\/euapp01.newsmemory.com\/lamarseillaise\/news\/2026\/07\/18\/a-saint-hilaire-dans-le-gard-les-plus-pauvres-dans-le-viseur\/","title":{"rendered":"\u00c0 Saint-Hilaire dans le Gard, les plus pauvres dans le viseur"},"content":{"rendered":"<div class=\"paragraph\">\n<p>Depuis leur \u00e9lection en mars, tous les maires d\u2019extr\u00eame droite adoptent la m\u00eame strat\u00e9gie. D\u2019abord, ils d\u00e9noncent la gestion financi\u00e8re de la pr\u00e9c\u00e9dente majorit\u00e9 et affirment que la commune est proche de la ruine. Cette premi\u00e8re \u00e9tape permet ensuite de voter des coupes dans les subventions aux associations et des hausses de certains tarifs. L\u2019objectif est ensuite de lib\u00e9rer un budget pour recruter des policiers municipaux&#8230;<\/p>\n<p>Saint-Hilaire de Brethmas, commune de 4\u00a0600\u00a0habitants pr\u00e8s d\u2019Al\u00e8s, ne fait pas exception. Le nouveau maire Ga\u00ebl Mancuso l\u2019a annonc\u00e9\u00a0: il souhaite un policier pour 1\u00a0000\u00a0habitants. Il vient d\u2019ailleurs de d\u00e9poser la premi\u00e8re offre d\u2019emploi pour le recrutement d\u2019un policier municipal tout en critiquant les finances laiss\u00e9es par la pr\u00e9c\u00e9dente majorit\u00e9. \u00ab\u00a0<i>On continue \u00e0 d\u00e9gager un exc\u00e9dent de fonctionnement. La situation financi\u00e8re de la commune<\/i> <i>en l\u2019\u00e9tat est bonne. Les choix politiques et les marges qui sont g\u00e9n\u00e9r\u00e9es permettent en r\u00e9alit\u00e9 de financer d\u2019autres id\u00e9es, notamment le recrutement de policiers municipaux, d\u2019un directeur de cabinet et de communicants<\/i>\u00a0\u00bb, s\u2019agace l\u2019\u00e9lu socialiste d\u2019opposition Nicolas Ferri\u00e8re.<\/p>\n<\/p><\/div>\n<div class=\"intext\"> Hausse de 90 centimes\n              <\/div>\n<div class=\"paragraph\">\n<p>Car lors du dernier conseil municipal du 29\u00a0juin, la majorit\u00e9 a vot\u00e9 les changements de tarifs de la cantine, avec des augmentations plus ou moins \u00e9lev\u00e9es selon les revenus des foyers. Ainsi, la tranche A, celle des foyers les plus modestes, devra encaisser en septembre une hausse de 90 centimes, le repas passant de 3 \u00e0 3,90\u00a0euros. Les tranches B et C conna\u00eetront une augmentation de 20 centimes, la tranche D de 30 centimes. \u00ab\u00a0<i>Je ne veux pas que la solidarit\u00e9 soit toujours pay\u00e9e par les m\u00eames. Pourquoi toujours taxer ceux qui travaillent<\/i><i>\u00a0<\/i><i>?<\/i>\u00a0\u00bb a alors soutenu le maire qui a pr\u00e9cis\u00e9 que les parents sans emploi, concern\u00e9s donc par la hausse de 90 centimes, \u00ab\u00a0<i>peuvent r\u00e9cup\u00e9rer leurs enfants \u00e0 midi<\/i><i>\u00a0<\/i>\u00bb.<\/p>\n<p>\u00ab\u00a0<i>C\u2019est de l\u2019argumentaire caricatural pour se d\u00e9fausser et qui sert un objectif politique de droite dure. Il s\u2019inscrit dans tous les poncifs qui sont aujourd\u2019hui ceux d\u2019une droite extr\u00e9mis\u00e9e et de l\u2019extr\u00eame droite de mani\u00e8re g\u00e9n\u00e9rale. Derri\u00e8re, il y a des situations personnelles et familiales tr\u00e8s vari\u00e9es et des cons\u00e9quences pour les gens. Il y a aussi eu une baisse de la dotation par \u00e9l\u00e8ve et il veut virer une association dont le si\u00e8ge n\u2019est pas sur la commune<\/i><i>\u00a0<\/i>\u00bb, fustige Nicolas Ferri\u00e8re.<\/p>\n<\/p><\/div>\n","protected":false},"excerpt":{"rendered":"Depuis leur &eacute;lection en mars, tous les maires d&rsquo;extr&ecirc;me droite adoptent la m&ecirc;me strat&eacute;gie. D&rsquo;abord, ils d&eacute;noncent la gestion financi&egrave;re de la pr&eacute;c&eacute;dente majorit&eacute; et affirment &#8230;","protected":false},"author":1,"featured_media":36752,"comment_status":"open","ping_status":"open","sticky":false,"template":"","format":"standard","meta":{"footnotes":""},"categories":[3926,3925,330],"tags":[247,168,2135,441,238,734,191,439,6118,1110],"news-destination":[3944],"news-source":[475],"is_homepage":[],"ta_other":[],"class_list":["post-36751","post","type-post","status-publish","format-standard","has-post-thumbnail","hentry","category-accueil-merge","category-accueil-third","category-politique","tag-247","tag-association","tag-cantine","tag-extreme-droite","tag-gard","tag-police-municipale","tag-politique","tag-rn","tag-saint-hilaire-de-brethmas","tag-tarifs","news-destination-homepage","news-source-website"],"_links":{"self":[{"href":"https:\/\/euapp01.newsmemory.com\/lamarseillaise\/news\/wp-json\/wp\/v2\/posts\/36751","targetHints":{"allow":["GET"]}}],"collection":[{"href":"https:\/\/euapp01.newsmemory.com\/lamarseillaise\/news\/wp-json\/wp\/v2\/posts"}],"about":[{"href":"https:\/\/euapp01.newsmemory.com\/lamarseillaise\/news\/wp-json\/wp\/v2\/types\/post"}],"author":[{"embeddable":true,"href":"https:\/\/euapp01.newsmemory.com\/lamarseillaise\/news\/wp-json\/wp\/v2\/users\/1"}],"replies":[{"embeddable":true,"href":"https:\/\/euapp01.newsmemory.com\/lamarseillaise\/news\/wp-json\/wp\/v2\/comments?post=36751"}],"version-history":[{"count":1,"href":"https:\/\/euapp01.newsmemory.com\/lamarseillaise\/news\/wp-json\/wp\/v2\/posts\/36751\/revisions"}],"predecessor-version":[{"id":36753,"href":"https:\/\/euapp01.newsmemory.com\/lamarseillaise\/news\/wp-json\/wp\/v2\/posts\/36751\/revisions\/36753"}],"wp:featuredmedia":[{"embeddable":true,"href":"https:\/\/euapp01.newsmemory.com\/lamarseillaise\/news\/wp-json\/wp\/v2\/media\/36752"}],"wp:attachment":[{"href":"https:\/\/euapp01.newsmemory.com\/lamarseillaise\/news\/wp-json\/wp\/v2\/media?parent=36751"}],"wp:term":[{"taxonomy":"category","embeddable":true,"href":"https:\/\/euapp01.newsmemory.com\/lamarseillaise\/news\/wp-json\/wp\/v2\/categories?post=36751"},{"taxonomy":"post_tag","embeddable":true,"href":"https:\/\/euapp01.newsmemory.com\/lamarseillaise\/news\/wp-json\/wp\/v2\/tags?post=36751"},{"taxonomy":"news-destination","embeddable":true,"href":"https:\/\/euapp01.newsmemory.com\/lamarseillaise\/news\/wp-json\/wp\/v2\/news-destination?post=36751"},{"taxonomy":"news-source","embeddable":true,"href":"https:\/\/euapp01.newsmemory.com\/lamarseillaise\/news\/wp-json\/wp\/v2\/news-source?post=36751"},{"taxonomy":"is_homepage","embeddable":true,"href":"https:\/\/euapp01.newsmemory.com\/lamarseillaise\/news\/wp-json\/wp\/v2\/is_homepage?post=36751"},{"taxonomy":"ta_other","embeddable":true,"href":"https:\/\/euapp01.newsmemory.com\/lamarseillaise\/news\/wp-json\/wp\/v2\/ta_other?post=36751"}],"curies":[{"name":"wp","href":"https:\/\/api.w.org\/{rel}","templated":true}]}}