{"id":36748,"date":"2026-07-18T13:16:00","date_gmt":"2026-07-18T11:16:00","guid":{"rendered":"https:\/\/euapp01.newsmemory.com\/lamarseillaise\/news\/?p=36748"},"modified":"2026-07-24T08:46:39","modified_gmt":"2026-07-24T06:46:39","slug":"luttopia-prepareun-nouveau-depart-a-montpellier","status":"publish","type":"post","link":"https:\/\/euapp01.newsmemory.com\/lamarseillaise\/news\/2026\/07\/18\/luttopia-prepareun-nouveau-depart-a-montpellier\/","title":{"rendered":"Luttopia pr\u00e9pare un nouveau d\u00e9part \u00e0 Montpellier"},"content":{"rendered":"<div class=\"paragraph\">\n<p>Pour pallier la baisse de subventions, l\u2019\u00e9ch\u00e9ance de la convention d\u2019occupation de ses locaux et refaire sa tr\u00e9sorerie, l\u2019organisation de lutte contre la pr\u00e9carisation Luttopia s\u2019est vue oblig\u00e9e de fermer provisoirement ses portes. Un coup de massue pour l\u2019action sociale \u00e0 Montpellier. L\u2019association s\u2019est empress\u00e9e de rencontrer l\u2019adjointe aux solidarit\u00e9s Muriel Ressiguier. Fin mai, l\u2019\u00e9lue a accord\u00e9 un sursis de trois mois suppl\u00e9mentaires, lui permettant de conserver ses locaux dans l\u2019avenue de Toulouse jusqu\u2019\u00e0 la fin de l\u2019ann\u00e9e 2026. <i>\u00ab<\/i><i>\u00a0<\/i><i>Ce n\u2019est pas pour autant que \u00e7a nous permet de reprendre nos activit\u00e9s, \u00e7a ne r\u00e8gle pas tout<\/i><i>\u00a0<\/i><i>\u00bb<\/i> explique la directrice de l\u2019organisation Gwen Lasne qui s\u2019active \u00e0 pr\u00e9parer la suite.<\/p>\n<p>Luttopia appelle aux dons depuis le d\u00e9but des difficult\u00e9s et a rebaptis\u00e9 sa cagnotte <i>\u00ab<\/i><i>\u00a0<\/i><i>\u00e9crivons une nouvelle page ensemble<\/i><i>\u00a0<\/i><i>\u00bb<\/i>\u00a0: il n\u2019est plus question de rouvrir dans l\u2019urgence mais bien de rebondir pour faire perdurer le projet. L\u2019organisme recherche d\u00e9sormais un nouveau site avec l\u2019ambition d\u2019acc\u00e9der \u00e0 la propri\u00e9t\u00e9 des lieux pour assurer une s\u00e9curit\u00e9 et une p\u00e9rennit\u00e9 \u00e0 ses b\u00e9n\u00e9ficiaires. <i>\u00ab<\/i><i>\u00a0<\/i><i>Le public est au rendez-vous<\/i><i>\u00a0<\/i><i>\u00bb<\/i> se f\u00e9licite la directrice de l\u2019association qui a r\u00e9uni un peu plus de 16 000 euros via Hello Asso et affiche un objectif de 100\u00a0000 euros pour <i>\u00ab<\/i><i>\u00a0<\/i><i>cr\u00e9er un Luttopia 0.0.5.<\/i><i>\u00a0<\/i><i>\u00bb<\/i> Si l\u2019\u00e9quipe esp\u00e8re d\u00e9m\u00e9nager d\u2019ici d\u00e9cembre, elle reste prudente\u00a0: <i>\u00ab<\/i><i>\u00a0<\/i><i>On est \u00e0 l\u2019\u00e9tat embryonnaire du projet et les activit\u00e9s sociales ne pourront pas reprendre imm\u00e9diatement.<\/i><i>\u00a0<\/i><i>\u00bb<\/i> Gwen Lasne d\u00e9nonce un probl\u00e8me structurel\u00a0: les restrictions budg\u00e9taires touchent toutes les structures associatives. Luttopia s\u2019inscrit donc dans une dynamique de long terme et projette de cr\u00e9er une activit\u00e9 \u00e9conomique lui garantissant une certaine ind\u00e9pendance des subventions publiques. <i>\u00ab<\/i><i>\u00a0<\/i><i>La soci\u00e9t\u00e9 civile ne peut pas porter le poids des carences \u00e9tatiques, ces mod\u00e8les vont s\u2019essouffler<\/i><i>\u00a0<\/i><i>\u00bb <\/i>alerte-t-elle,<i> \u00ab<\/i><i>\u00a0<\/i><i>il faut trouver des solutions.<\/i><i>\u00a0<\/i><i>\u00bb<\/i><\/p>\n<p>Luttopia compte toujours sur la solidarit\u00e9 des Montpelli\u00e9rains et organise plusieurs \u00e9v\u00e9nements caritatifs cet \u00e9t\u00e9. Rendez-vous ce samedi 11 juillet pour un vide-maison et le 1<sup>er<\/sup> ao\u00fbt pour une soir\u00e9e musicale et artistique.<\/p>\n<\/p><\/div>\n","protected":false},"excerpt":{"rendered":"Pour pallier la baisse de subventions, l&rsquo;&eacute;ch&eacute;ance de la convention d&rsquo;occupation de ses locaux et refaire sa tr&eacute;sorerie, l&rsquo;organisation de lutte contre la pr&eacute;carisation Luttopia s&rsquo;est vue &#8230;","protected":false},"author":1,"featured_media":36749,"comment_status":"open","ping_status":"open","sticky":false,"template":"","format":"standard","meta":{"footnotes":""},"categories":[3926,3925,20],"tags":[1383,138,239,6117,3183,240,271,194,916],"news-destination":[3944],"news-source":[475],"is_homepage":[],"ta_other":[],"class_list":["post-36748","post","type-post","status-publish","format-standard","has-post-thumbnail","hentry","category-accueil-merge","category-accueil-third","category-societe","tag-aide-sociale","tag-associations","tag-herault","tag-luttopia","tag-mal-logement","tag-montpellier","tag-precarite","tag-social","tag-subventions","news-destination-homepage","news-source-website"],"_links":{"self":[{"href":"https:\/\/euapp01.newsmemory.com\/lamarseillaise\/news\/wp-json\/wp\/v2\/posts\/36748","targetHints":{"allow":["GET"]}}],"collection":[{"href":"https:\/\/euapp01.newsmemory.com\/lamarseillaise\/news\/wp-json\/wp\/v2\/posts"}],"about":[{"href":"https:\/\/euapp01.newsmemory.com\/lamarseillaise\/news\/wp-json\/wp\/v2\/types\/post"}],"author":[{"embeddable":true,"href":"https:\/\/euapp01.newsmemory.com\/lamarseillaise\/news\/wp-json\/wp\/v2\/users\/1"}],"replies":[{"embeddable":true,"href":"https:\/\/euapp01.newsmemory.com\/lamarseillaise\/news\/wp-json\/wp\/v2\/comments?post=36748"}],"version-history":[{"count":2,"href":"https:\/\/euapp01.newsmemory.com\/lamarseillaise\/news\/wp-json\/wp\/v2\/posts\/36748\/revisions"}],"predecessor-version":[{"id":36757,"href":"https:\/\/euapp01.newsmemory.com\/lamarseillaise\/news\/wp-json\/wp\/v2\/posts\/36748\/revisions\/36757"}],"wp:featuredmedia":[{"embeddable":true,"href":"https:\/\/euapp01.newsmemory.com\/lamarseillaise\/news\/wp-json\/wp\/v2\/media\/36749"}],"wp:attachment":[{"href":"https:\/\/euapp01.newsmemory.com\/lamarseillaise\/news\/wp-json\/wp\/v2\/media?parent=36748"}],"wp:term":[{"taxonomy":"category","embeddable":true,"href":"https:\/\/euapp01.newsmemory.com\/lamarseillaise\/news\/wp-json\/wp\/v2\/categories?post=36748"},{"taxonomy":"post_tag","embeddable":true,"href":"https:\/\/euapp01.newsmemory.com\/lamarseillaise\/news\/wp-json\/wp\/v2\/tags?post=36748"},{"taxonomy":"news-destination","embeddable":true,"href":"https:\/\/euapp01.newsmemory.com\/lamarseillaise\/news\/wp-json\/wp\/v2\/news-destination?post=36748"},{"taxonomy":"news-source","embeddable":true,"href":"https:\/\/euapp01.newsmemory.com\/lamarseillaise\/news\/wp-json\/wp\/v2\/news-source?post=36748"},{"taxonomy":"is_homepage","embeddable":true,"href":"https:\/\/euapp01.newsmemory.com\/lamarseillaise\/news\/wp-json\/wp\/v2\/is_homepage?post=36748"},{"taxonomy":"ta_other","embeddable":true,"href":"https:\/\/euapp01.newsmemory.com\/lamarseillaise\/news\/wp-json\/wp\/v2\/ta_other?post=36748"}],"curies":[{"name":"wp","href":"https:\/\/api.w.org\/{rel}","templated":true}]}}