{"id":36745,"date":"2026-07-18T13:16:00","date_gmt":"2026-07-18T11:16:00","guid":{"rendered":"https:\/\/euapp01.newsmemory.com\/lamarseillaise\/news\/?p=36745"},"modified":"2026-07-18T18:52:57","modified_gmt":"2026-07-18T16:52:57","slug":"sous-les-etoiles-les-nuits-musicales-duzes","status":"publish","type":"post","link":"https:\/\/euapp01.newsmemory.com\/lamarseillaise\/news\/2026\/07\/18\/sous-les-etoiles-les-nuits-musicales-duzes\/","title":{"rendered":"Sous les \u00e9toiles, les Nuits musicales d\u2019Uz\u00e8s"},"content":{"rendered":"<div class=\"paragraph\">\n<p>Quand le jour tombe sur la cit\u00e9 ducale, les vieilles pierres changent de partition. Du 18 au 29\u00a0juillet, les Nuits musicales d\u2019Uz\u00e8s c\u00e9l\u00e8brent leur 55<sup>e<\/sup> \u00e9dition entre les cours du Duch\u00e9 et de l\u2019\u00c9v\u00each\u00e9 ainsi qu\u2019\u00e0 L\u2019Ombri\u00e8re. Huit concerts composent une affiche cousue main, fid\u00e8le au triptyque d\u00e9fendu par \u00c9ric Desnoues\u00a0: artistes, \u0153uvres et lieux.<\/p>\n<p>La jeunesse donnera le premier accord avec <i>Didon et \u00c9n\u00e9e<\/i> de Purcell, interpr\u00e9t\u00e9 par le Jeune Orchestre baroque europ\u00e9en. Seize musiciens, s\u00e9lectionn\u00e9s parmi plus de 400\u00a0candidats, participeront \u00e0 ce dispositif d\u2019insertion professionnelle. Le lendemain, le sopraniste Samuel Mari\u00f1o fera r\u00e9sonner Vivaldi et Haendel.<\/p>\n<p>Du classique<br \/>aux musiques de l\u2019exil<\/p>\n<p>Alexandre Tharaud jouera Mozart avec l\u2019Orchestre national Avignon-Provence, avant que Benjamin Grosvenor ne traverse Beethoven, Schumann, Scriabine et Chopin. Jean-Christophe Spinosi dirigera l\u2019Ensemble Matheus dans un voyage symphonique tourn\u00e9 vers l\u2019Italie.<\/p>\n<p>Puis les fronti\u00e8res s\u2019effaceront. Avec <i>La Sultane<\/i>, Andr\u00e9 Manoukian puisera dans ses racines arm\u00e9niennes pour m\u00ealer jazz, classique et musiques sacr\u00e9es. Stochelo et Mozes Rosenberg feront glisser Charlie Chaplin vers le jazz manouche. Enfin, les anciens musiciens de Ces\u00e1ria \u00c9vora refermeront le festival en faisant revivre la morna de la <i>Diva aux pieds nus.<\/i><\/p>\n<\/p><\/div>\n<div class=\"paragraph\">\n<p><b><span class=\"mln_small-caps_mln\"><\/span><\/b><\/p>\n<p><i>Un tarif \u00e0 10<\/i><i>\u00a0<\/i><i>euros est propos\u00e9 pour les moins de 25 ans.<\/i><\/p>\n<\/p><\/div>\n","protected":false},"excerpt":{"rendered":"Quand le jour tombe sur la cit&eacute; ducale, les vieilles pierres changent de partition. Du 18 au 29&nbsp;juillet, les Nuits musicales d&rsquo;Uz&egrave;s c&eacute;l&egrave;brent leur 55e &eacute;dition entre les cours du Duch&eacute; et de &#8230;","protected":false},"author":1,"featured_media":36746,"comment_status":"open","ping_status":"open","sticky":false,"template":"","format":"standard","meta":{"footnotes":""},"categories":[3926,3924,32],"tags":[400,329,238,40,325,1310,1242],"news-destination":[3944],"news-source":[475],"is_homepage":[],"ta_other":[],"class_list":["post-36745","post","type-post","status-publish","format-standard","has-post-thumbnail","hentry","category-accueil-merge","category-accueil-second","category-culture","tag-concerts","tag-festival","tag-gard","tag-jazz","tag-musique","tag-musique-classique","tag-uzes","news-destination-homepage","news-source-website"],"_links":{"self":[{"href":"https:\/\/euapp01.newsmemory.com\/lamarseillaise\/news\/wp-json\/wp\/v2\/posts\/36745","targetHints":{"allow":["GET"]}}],"collection":[{"href":"https:\/\/euapp01.newsmemory.com\/lamarseillaise\/news\/wp-json\/wp\/v2\/posts"}],"about":[{"href":"https:\/\/euapp01.newsmemory.com\/lamarseillaise\/news\/wp-json\/wp\/v2\/types\/post"}],"author":[{"embeddable":true,"href":"https:\/\/euapp01.newsmemory.com\/lamarseillaise\/news\/wp-json\/wp\/v2\/users\/1"}],"replies":[{"embeddable":true,"href":"https:\/\/euapp01.newsmemory.com\/lamarseillaise\/news\/wp-json\/wp\/v2\/comments?post=36745"}],"version-history":[{"count":1,"href":"https:\/\/euapp01.newsmemory.com\/lamarseillaise\/news\/wp-json\/wp\/v2\/posts\/36745\/revisions"}],"predecessor-version":[{"id":36747,"href":"https:\/\/euapp01.newsmemory.com\/lamarseillaise\/news\/wp-json\/wp\/v2\/posts\/36745\/revisions\/36747"}],"wp:featuredmedia":[{"embeddable":true,"href":"https:\/\/euapp01.newsmemory.com\/lamarseillaise\/news\/wp-json\/wp\/v2\/media\/36746"}],"wp:attachment":[{"href":"https:\/\/euapp01.newsmemory.com\/lamarseillaise\/news\/wp-json\/wp\/v2\/media?parent=36745"}],"wp:term":[{"taxonomy":"category","embeddable":true,"href":"https:\/\/euapp01.newsmemory.com\/lamarseillaise\/news\/wp-json\/wp\/v2\/categories?post=36745"},{"taxonomy":"post_tag","embeddable":true,"href":"https:\/\/euapp01.newsmemory.com\/lamarseillaise\/news\/wp-json\/wp\/v2\/tags?post=36745"},{"taxonomy":"news-destination","embeddable":true,"href":"https:\/\/euapp01.newsmemory.com\/lamarseillaise\/news\/wp-json\/wp\/v2\/news-destination?post=36745"},{"taxonomy":"news-source","embeddable":true,"href":"https:\/\/euapp01.newsmemory.com\/lamarseillaise\/news\/wp-json\/wp\/v2\/news-source?post=36745"},{"taxonomy":"is_homepage","embeddable":true,"href":"https:\/\/euapp01.newsmemory.com\/lamarseillaise\/news\/wp-json\/wp\/v2\/is_homepage?post=36745"},{"taxonomy":"ta_other","embeddable":true,"href":"https:\/\/euapp01.newsmemory.com\/lamarseillaise\/news\/wp-json\/wp\/v2\/ta_other?post=36745"}],"curies":[{"name":"wp","href":"https:\/\/api.w.org\/{rel}","templated":true}]}}