{"id":36741,"date":"2026-07-19T08:07:00","date_gmt":"2026-07-19T06:07:00","guid":{"rendered":"https:\/\/euapp01.newsmemory.com\/lamarseillaise\/news\/?p=36741"},"modified":"2026-07-24T12:51:54","modified_gmt":"2026-07-24T10:51:54","slug":"aix-en-provence-la-premiere-etape-de-transformation-de-lechangeur-du-pont-de-larc-lancee","status":"publish","type":"post","link":"https:\/\/euapp01.newsmemory.com\/lamarseillaise\/news\/2026\/07\/19\/aix-en-provence-la-premiere-etape-de-transformation-de-lechangeur-du-pont-de-larc-lancee\/","title":{"rendered":"Aix-en-Provence, la premi\u00e8re \u00e9tape de transformation de l\u2019\u00e9changeur du Pont de l\u2019Arc lanc\u00e9e"},"content":{"rendered":"<div class=\"paragraph\">\n<p>Les travaux pr\u00e9paratoires de l\u2019\u00e9changeur du Pont de l\u2019Arc sont lanc\u00e9s depuis ce 15\u00a0juillet. Il s\u2019agit, pour la Ville, d\u2019une \u00ab\u00a0<i>premi\u00e8re \u00e9tape op\u00e9rationnelle d\u2019un projet structurant destin\u00e9 \u00e0 am\u00e9liorer durablement les d\u00e9placements et la fluidit\u00e9 du trafic sur cet axe majeur reliant le centre-ville aux quartiers sud (Pont de l\u2019Arc, Luynes, Les Milles)<\/i><i>\u00a0<\/i>\u00bb<i>. <\/i>Situ\u00e9 juste au-dessus de l\u2019A8, \u00ab\u00a0<i>le projet de r\u00e9am\u00e9nagement de l\u2019\u00e9changeur autoroutier du Pont de l\u2019Arc s\u2019inscrit dans une volont\u00e9 de renforcer les liens urbains entre le centre-ville d\u2019Aix-en-Provence et ses quartiers sud (&#8230;) cet \u00e9changeur constitue un axe strat\u00e9gique de la ville, aujourd\u2019hui peu adapt\u00e9 aux mobilit\u00e9s douces<\/i><i>\u00a0<\/i>\u00bb<i>, <\/i>rappelait toujours la Ville <a href=\"https:\/\/www.lamarseillaise.fr\/societe\/enieme-concertation-autour-de-l-echangeur-du-pont-de-l-arc-NM18278317\">\u00e0 l\u2019issue des concertations publiques lanc\u00e9es autour du sujet. <\/a>Il avait suscit\u00e9 des tensions chez les riverains. Les op\u00e9rations en cours, pr\u00e9vues jusqu\u2019au 31\u00a0juillet, pr\u00e9voient la d\u00e9molition des bordures existantes du rond-point et l\u2019\u00e9vacuation des terres de l\u2019anneau central, la mise en \u0153uvre d\u2019une structure en grave bitume, la pose d\u2019un nouvel enrob\u00e9 et l\u2019installation de dispositifs provisoires en b\u00e9ton en vue du futur anneau central temporaire. Pour limiter l\u2019impact de la circulation, dense aux heures de pointe sur cet axe de la ville, les travaux se feront de nuit, entre 21h et 6h du matin. Toujours selon la Ville, ces travaux \u00ab\u00a0<i>ont pour objectif de pr\u00e9parer les futures interventions des concessionnaires de r\u00e9seaux (Orange, GRDF, etc.) qui pr\u00e9c\u00e9deront la d\u00e9molition du rond-point actuel et le lancement du chantier principal de l\u2019\u00e9changeur. Ils permettront notamment de reconfigurer provisoirement l\u2019anneau central afin d\u2019accompagner les prochaines \u00e9tapes du projet<\/i>\u00a0\u00bb.<i><\/i><\/p>\n<\/p><\/div>\n","protected":false},"excerpt":{"rendered":"Les travaux pr&eacute;paratoires de l&rsquo;&eacute;changeur du Pont de l&rsquo;Arc sont lanc&eacute;s depuis ce 15&nbsp;juillet. Il s&rsquo;agit, pour la Ville, d&rsquo;une &laquo;&nbsp;premi&egrave;re &eacute;tape op&eacute;rationnelle d&rsquo;un &#8230;","protected":false},"author":1,"featured_media":36742,"comment_status":"open","ping_status":"open","sticky":false,"template":"","format":"standard","meta":{"footnotes":""},"categories":[3926,3925,20],"tags":[556,10,1619,6116,752,4217,166],"news-destination":[3944],"news-source":[475],"is_homepage":[],"ta_other":[],"class_list":["post-36741","post","type-post","status-publish","format-standard","has-post-thumbnail","hentry","category-accueil-merge","category-accueil-third","category-societe","tag-aix-en-provence","tag-bouches-du-rhone","tag-chantier","tag-echangeur-autoroutier","tag-maire","tag-pont","tag-travaux","news-destination-homepage","news-source-website"],"_links":{"self":[{"href":"https:\/\/euapp01.newsmemory.com\/lamarseillaise\/news\/wp-json\/wp\/v2\/posts\/36741","targetHints":{"allow":["GET"]}}],"collection":[{"href":"https:\/\/euapp01.newsmemory.com\/lamarseillaise\/news\/wp-json\/wp\/v2\/posts"}],"about":[{"href":"https:\/\/euapp01.newsmemory.com\/lamarseillaise\/news\/wp-json\/wp\/v2\/types\/post"}],"author":[{"embeddable":true,"href":"https:\/\/euapp01.newsmemory.com\/lamarseillaise\/news\/wp-json\/wp\/v2\/users\/1"}],"replies":[{"embeddable":true,"href":"https:\/\/euapp01.newsmemory.com\/lamarseillaise\/news\/wp-json\/wp\/v2\/comments?post=36741"}],"version-history":[{"count":1,"href":"https:\/\/euapp01.newsmemory.com\/lamarseillaise\/news\/wp-json\/wp\/v2\/posts\/36741\/revisions"}],"predecessor-version":[{"id":36743,"href":"https:\/\/euapp01.newsmemory.com\/lamarseillaise\/news\/wp-json\/wp\/v2\/posts\/36741\/revisions\/36743"}],"wp:featuredmedia":[{"embeddable":true,"href":"https:\/\/euapp01.newsmemory.com\/lamarseillaise\/news\/wp-json\/wp\/v2\/media\/36742"}],"wp:attachment":[{"href":"https:\/\/euapp01.newsmemory.com\/lamarseillaise\/news\/wp-json\/wp\/v2\/media?parent=36741"}],"wp:term":[{"taxonomy":"category","embeddable":true,"href":"https:\/\/euapp01.newsmemory.com\/lamarseillaise\/news\/wp-json\/wp\/v2\/categories?post=36741"},{"taxonomy":"post_tag","embeddable":true,"href":"https:\/\/euapp01.newsmemory.com\/lamarseillaise\/news\/wp-json\/wp\/v2\/tags?post=36741"},{"taxonomy":"news-destination","embeddable":true,"href":"https:\/\/euapp01.newsmemory.com\/lamarseillaise\/news\/wp-json\/wp\/v2\/news-destination?post=36741"},{"taxonomy":"news-source","embeddable":true,"href":"https:\/\/euapp01.newsmemory.com\/lamarseillaise\/news\/wp-json\/wp\/v2\/news-source?post=36741"},{"taxonomy":"is_homepage","embeddable":true,"href":"https:\/\/euapp01.newsmemory.com\/lamarseillaise\/news\/wp-json\/wp\/v2\/is_homepage?post=36741"},{"taxonomy":"ta_other","embeddable":true,"href":"https:\/\/euapp01.newsmemory.com\/lamarseillaise\/news\/wp-json\/wp\/v2\/ta_other?post=36741"}],"curies":[{"name":"wp","href":"https:\/\/api.w.org\/{rel}","templated":true}]}}