{"id":36735,"date":"2026-07-18T13:01:00","date_gmt":"2026-07-18T11:01:00","guid":{"rendered":"https:\/\/euapp01.newsmemory.com\/lamarseillaise\/news\/?p=36735"},"modified":"2026-07-24T08:03:34","modified_gmt":"2026-07-24T06:03:34","slug":"christophe-bouillon-ne-pas-faire-limpasse-sur-les-petites-villes","status":"publish","type":"post","link":"https:\/\/euapp01.newsmemory.com\/lamarseillaise\/news\/2026\/07\/18\/christophe-bouillon-ne-pas-faire-limpasse-sur-les-petites-villes\/","title":{"rendered":"Christophe Bouillon : \u00ab&nbsp;Ne pas faire l\u2019impasse sur les petites villes&nbsp;\u00bb"},"content":{"rendered":"<div class=\"paragraph\">\n<p>Le maire (DVG) de Barentin (Seine-Maritime) \u00e9tait jeudi soir \u00e0 Avignon pour une rencontre avec des maires et \u00e9lus vauclusiens. L\u2019occasion de poser leurs attentes avant la pr\u00e9sidentielle.<\/p>\n<p><b>La Marseillaise :<\/b><b> Quel r\u00f4le joue l\u2019APVF et quel est le sens de votre venue \u00e0 Avignon ? <\/b><\/p>\n<p>Christophe Bouillon : L\u2019association est un r\u00e9seau qui s\u2019adresse aux communes entre 2 500 et 25\u00a0000\u00a0habitants. C\u2019est un lieu de ressources qui permet de se nourrir de l\u2019exp\u00e9rience des territoires que l\u2019on repr\u00e9sente. On n\u2019est pas simplement du c\u00f4t\u00e9 des probl\u00e8mes, on est aussi du c\u00f4t\u00e9 des solutions. Les solutions, je m\u2019en nourris tous les jours, mais d\u2019abord aupr\u00e8s de mes coll\u00e8gues, ici \u00e0 Avignon mais aussi demain [vendredi] dans le Gard ou l\u2019H\u00e9rault. La force d\u2019un r\u00e9seau c\u2019est important. \u00c7a permet aussi \u00e0 des maires de dire \u00ab\u00a0<i>je ne suis pas tout seul<\/i>\u00a0\u00bb. Je suis \u00e9lu en Normandie mais heureux de savoir qu\u2019ici, on a quasiment les m\u00eames sujets, les m\u00eames centres d\u2019int\u00e9r\u00eat et sans doute les m\u00eames solutions.<\/p>\n<p><b>Vous avez engag\u00e9 un tour de France en vue d\u2019interpeller les candidats \u00e0 la pr\u00e9sidentielle. Quelles sont vos priorit\u00e9s<\/b><b>\u00a0<\/b><b>?<\/b><\/p>\n<p>C.B. : La conviction que l\u2019on a, c\u2019est que les d\u00e9fis se jouent dans les petites ou moyennes villes, o\u00f9 vivent 26\u00a0millions de Fran\u00e7ais. On ne peut pas traiter la question du vieillissement de la population, des enjeux d\u2019acc\u00e8s aux soins, de transition \u00e9cologique et \u00e9nerg\u00e9tique, de mobilit\u00e9&#8230; si on ne passe pas par les petites villes. C\u2019est m\u00eame l\u00e0 que se joue le basculement de ce pays\u00a0: le sentiment d\u2019abandon, de m\u00e9pris y est tr\u00e8s fort et nourrit une certaine forme d\u2019extr\u00eame. Si on se destine \u00e0 devenir pr\u00e9sident, on ne peut pas faire l\u2019impasse sur les petites villes, il faut \u00eatre dans les radars des diff\u00e9rents candidats \u00e0 la pr\u00e9sidentielle. En ce moment, ils nous font la danse du ventre en disant \u00ab\u00a0parrainez-nous\u00a0\u00bb, nous, on a envie de dire \u00ab\u00a0<i>engagez-vous pour les petites villes<\/i>\u00a0\u00bb. Le but c\u2019est d\u2019ici \u00e0 octobre de mettre sur la table des premi\u00e8res propositions. S\u2019il y avait une priorit\u00e9, ce serait d\u2019avoir plus de libert\u00e9. Le prochain pr\u00e9sident devra poser un acte de confiance vis-\u00e0-vis des territoires, en disant \u00ab\u00a0<i>on sait qu\u2019un euro d\u00e9pens\u00e9 sera un euro utile, on vous donne les marges de man\u0153uvre suffisantes pour adapter le pays<\/i>\u00a0\u00bb. Il y a besoin de simplifications, aujourd\u2019hui, on cr\u00e8ve des proc\u00e9dures trop longues et la multiplication des normes.<\/p>\n<p><b>Vous parliez aussi de \u00ab<\/b><b>\u00a0<\/b><b>situations kafka\u00efennes<\/b><b>\u00a0<\/b><b>\u00bb mais aussi qu\u2019\u00eatre maire \u00e9tait \u00ab<\/b><b>\u00a0<\/b><b>\u00e9panouissant<\/b><b>\u00a0<\/b><b>\u00bb. <br \/>Ce n\u2019est pas contradictoire<\/b><b>\u00a0<\/b><b>?<\/b><\/p>\n<p>C.B. : Maire, c\u2019est l\u2019anagramme d\u2019aimer. M\u00eame s\u2019il y a des violences faites aux \u00e9lus, on reste parmi les \u00e9lus qui sont les plus appr\u00e9ci\u00e9s. On ne fait pas \u00e7a par hasard, il y a un lien tr\u00e8s fort avec le territoire. La plus belle des r\u00e9compenses, c\u2019est quand on voit que tel ou tel projet a rempli sa fonction. Le c\u00f4t\u00e9 d\u00e9courageant, en effet, c\u2019est quand on est confront\u00e9 \u00e0 un \u00c9tat tatillon, \u00e0 des proc\u00e9dures \u00e0 n\u2019en plus finir. Il y a des risques parfois qui sont r\u00e9els. Mais quand on fait la balance, \u00e7a penche plut\u00f4t c\u00f4t\u00e9 \u00e9panouissement que c\u00f4t\u00e9 d\u00e9couragement.<\/p>\n<\/p><\/div>\n","protected":false},"excerpt":{"rendered":"Le maire (DVG) de Barentin (Seine-Maritime) &eacute;tait jeudi soir &agrave; Avignon pour une rencontre avec des maires et &eacute;lus vauclusiens. L&rsquo;occasion de poser leurs attentes avant la pr&eacute;sidentielle.La Marseillaise : Quel &#8230;","protected":false},"author":1,"featured_media":36736,"comment_status":"open","ping_status":"open","sticky":false,"template":"","format":"standard","meta":{"footnotes":""},"categories":[3926,3925,330],"tags":[495,697,2161,171],"news-destination":[3944],"news-source":[475],"is_homepage":[],"ta_other":[],"class_list":["post-36735","post","type-post","status-publish","format-standard","has-post-thumbnail","hentry","category-accueil-merge","category-accueil-third","category-politique","tag-495","tag-elus","tag-maires","tag-vaucluse","news-destination-homepage","news-source-website"],"_links":{"self":[{"href":"https:\/\/euapp01.newsmemory.com\/lamarseillaise\/news\/wp-json\/wp\/v2\/posts\/36735","targetHints":{"allow":["GET"]}}],"collection":[{"href":"https:\/\/euapp01.newsmemory.com\/lamarseillaise\/news\/wp-json\/wp\/v2\/posts"}],"about":[{"href":"https:\/\/euapp01.newsmemory.com\/lamarseillaise\/news\/wp-json\/wp\/v2\/types\/post"}],"author":[{"embeddable":true,"href":"https:\/\/euapp01.newsmemory.com\/lamarseillaise\/news\/wp-json\/wp\/v2\/users\/1"}],"replies":[{"embeddable":true,"href":"https:\/\/euapp01.newsmemory.com\/lamarseillaise\/news\/wp-json\/wp\/v2\/comments?post=36735"}],"version-history":[{"count":1,"href":"https:\/\/euapp01.newsmemory.com\/lamarseillaise\/news\/wp-json\/wp\/v2\/posts\/36735\/revisions"}],"predecessor-version":[{"id":36737,"href":"https:\/\/euapp01.newsmemory.com\/lamarseillaise\/news\/wp-json\/wp\/v2\/posts\/36735\/revisions\/36737"}],"wp:featuredmedia":[{"embeddable":true,"href":"https:\/\/euapp01.newsmemory.com\/lamarseillaise\/news\/wp-json\/wp\/v2\/media\/36736"}],"wp:attachment":[{"href":"https:\/\/euapp01.newsmemory.com\/lamarseillaise\/news\/wp-json\/wp\/v2\/media?parent=36735"}],"wp:term":[{"taxonomy":"category","embeddable":true,"href":"https:\/\/euapp01.newsmemory.com\/lamarseillaise\/news\/wp-json\/wp\/v2\/categories?post=36735"},{"taxonomy":"post_tag","embeddable":true,"href":"https:\/\/euapp01.newsmemory.com\/lamarseillaise\/news\/wp-json\/wp\/v2\/tags?post=36735"},{"taxonomy":"news-destination","embeddable":true,"href":"https:\/\/euapp01.newsmemory.com\/lamarseillaise\/news\/wp-json\/wp\/v2\/news-destination?post=36735"},{"taxonomy":"news-source","embeddable":true,"href":"https:\/\/euapp01.newsmemory.com\/lamarseillaise\/news\/wp-json\/wp\/v2\/news-source?post=36735"},{"taxonomy":"is_homepage","embeddable":true,"href":"https:\/\/euapp01.newsmemory.com\/lamarseillaise\/news\/wp-json\/wp\/v2\/is_homepage?post=36735"},{"taxonomy":"ta_other","embeddable":true,"href":"https:\/\/euapp01.newsmemory.com\/lamarseillaise\/news\/wp-json\/wp\/v2\/ta_other?post=36735"}],"curies":[{"name":"wp","href":"https:\/\/api.w.org\/{rel}","templated":true}]}}