{"id":36728,"date":"2026-07-18T12:57:00","date_gmt":"2026-07-18T10:57:00","guid":{"rendered":"https:\/\/euapp01.newsmemory.com\/lamarseillaise\/news\/?p=36728"},"modified":"2026-07-18T18:52:57","modified_gmt":"2026-07-18T16:52:57","slug":"lassociation-marseillaise-residence-collectif-celebre-ses-3-ans","status":"publish","type":"post","link":"https:\/\/euapp01.newsmemory.com\/lamarseillaise\/news\/2026\/07\/18\/lassociation-marseillaise-residence-collectif-celebre-ses-3-ans\/","title":{"rendered":"L\u2019association marseillaise R\u00e9sidence Collectif c\u00e9l\u00e8bre ses 3&nbsp;ans"},"content":{"rendered":"<div class=\"paragraph\">\n<p>Trois ans apr\u00e8s sa cr\u00e9ation, l\u2019association d\u2019\u00e9ducation populaire R\u00e9sidence Collectif f\u00eate son anniversaire ce samedi au Couvent (3<sup>e<\/sup>\u00a0arrondissement). Une soir\u00e9e \u00e0 prix libre, de 18h \u00e0 23h30, pens\u00e9e comme le reflet de son engagement. \u00ab\u00a0<i>Le temps fort sera la table ronde autour de la question<\/i><i>\u00a0<\/i><i>: &#8220;Peut-on devenir ce que l\u2019on n\u2019a jamais vu<\/i><i>\u00a0<\/i><i>?&#8221; On est pile dans le c\u0153ur de l\u2019association et la question de la repr\u00e9sentation<\/i>\u00a0\u00bb, r\u00e9sume In\u00e8s Svartz, responsable de projet de l\u2019association. Viviane Nora Adjutor, basketteuse et fondatrice de Balle en main, la r\u00e9alisatrice et directrice de casting Samia Kadiri et le danseur Nadim Bel Lallahom partageront leurs parcours. \u00ab\u00a0<i>Ils ont connu ces probl\u00e8mes de repr\u00e9sentation et sont devenus des mod\u00e8les<\/i>\u00a0\u00bb<i>, <\/i>souligne In\u00e8s Svartz.<\/p>\n<\/p><\/div>\n<div class=\"intext\"> La harpiste<br \/>\n               <br \/>Sophye Soliveau en guest\n              <\/div>\n<div class=\"paragraph\">\n<p>Cr\u00e9\u00e9e pour \u00ab\u00a0<i>diffuser de nouveaux r\u00e9cits<\/i>\u00a0\u00bb, R\u00e9sidence Collectif est n\u00e9e d\u2019un constat\u00a0: \u00ab\u00a0<i>Beaucoup de jeunes sont peu ou mal repr\u00e9sent\u00e9s et n\u2019acc\u00e8dent pas aux milieux de l\u2019audiovisuel, du journalisme ou de la cr\u00e9ation num\u00e9rique.<\/i>\u00a0\u00bb<i> <\/i>Toute l\u2019ann\u00e9e, l\u2019association accompagne ces jeunes lors d\u2019ateliers pratiques, anim\u00e9s par des professionnels \u00ab\u00a0<i>qui ont eu un parcours similaire au leur<\/i>\u00a0\u00bb<i>.<\/i><\/p>\n<p>La soir\u00e9e se poursuivra avec \u00ab\u00a0<i>le classico de l\u2019\u00e9loquence marseillaise<\/i>\u00a0\u00bb entre Eloquentia et Project\u2019toi, avant des concerts. La harpiste Sophye Soliveau, nouvelle \u00e9toile de la sc\u00e8ne soul et RnB fran\u00e7aise, proposera un solo harpe-voix. \u00ab\u00a0<i>C\u2019est un symbole fort car la harpe est un instrument socialement situ\u00e9<\/i>\u00a0\u00bb, note In\u00e8s Svartz<i>. <\/i>Le DJ\u00a0set sera assur\u00e9 par Sabria B, qui anime un atelier de cr\u00e9ation sonore au sein de l\u2019association. \u00ab\u00a0<i>L\u2019objectif, c\u2019est que les participants de l\u2019atelier la rejoignent sur sc\u00e8ne<\/i>\u00a0\u00bb, conclut In\u00e8s Svartz.<\/p>\n<\/p><\/div>\n","protected":false},"excerpt":{"rendered":"Trois ans apr&egrave;s sa cr&eacute;ation, l&rsquo;association d&rsquo;&eacute;ducation populaire R&eacute;sidence Collectif f&ecirc;te son anniversaire ce samedi au Couvent (3e&nbsp;arrondissement). Une soir&eacute;e &agrave; prix libre, de 18h &#8230;","protected":false},"author":1,"featured_media":36729,"comment_status":"open","ping_status":"open","sticky":false,"template":"","format":"standard","meta":{"footnotes":""},"categories":[3926,3924,20],"tags":[168,10,102,400,4629,16,524,2191],"news-destination":[3944],"news-source":[475],"is_homepage":[],"ta_other":[],"class_list":["post-36728","post","type-post","status-publish","format-standard","has-post-thumbnail","hentry","category-accueil-merge","category-accueil-second","category-societe","tag-association","tag-bouches-du-rhone","tag-collectif","tag-concerts","tag-couvent","tag-marseille","tag-residence","tag-table-ronde","news-destination-homepage","news-source-website"],"_links":{"self":[{"href":"https:\/\/euapp01.newsmemory.com\/lamarseillaise\/news\/wp-json\/wp\/v2\/posts\/36728","targetHints":{"allow":["GET"]}}],"collection":[{"href":"https:\/\/euapp01.newsmemory.com\/lamarseillaise\/news\/wp-json\/wp\/v2\/posts"}],"about":[{"href":"https:\/\/euapp01.newsmemory.com\/lamarseillaise\/news\/wp-json\/wp\/v2\/types\/post"}],"author":[{"embeddable":true,"href":"https:\/\/euapp01.newsmemory.com\/lamarseillaise\/news\/wp-json\/wp\/v2\/users\/1"}],"replies":[{"embeddable":true,"href":"https:\/\/euapp01.newsmemory.com\/lamarseillaise\/news\/wp-json\/wp\/v2\/comments?post=36728"}],"version-history":[{"count":1,"href":"https:\/\/euapp01.newsmemory.com\/lamarseillaise\/news\/wp-json\/wp\/v2\/posts\/36728\/revisions"}],"predecessor-version":[{"id":36730,"href":"https:\/\/euapp01.newsmemory.com\/lamarseillaise\/news\/wp-json\/wp\/v2\/posts\/36728\/revisions\/36730"}],"wp:featuredmedia":[{"embeddable":true,"href":"https:\/\/euapp01.newsmemory.com\/lamarseillaise\/news\/wp-json\/wp\/v2\/media\/36729"}],"wp:attachment":[{"href":"https:\/\/euapp01.newsmemory.com\/lamarseillaise\/news\/wp-json\/wp\/v2\/media?parent=36728"}],"wp:term":[{"taxonomy":"category","embeddable":true,"href":"https:\/\/euapp01.newsmemory.com\/lamarseillaise\/news\/wp-json\/wp\/v2\/categories?post=36728"},{"taxonomy":"post_tag","embeddable":true,"href":"https:\/\/euapp01.newsmemory.com\/lamarseillaise\/news\/wp-json\/wp\/v2\/tags?post=36728"},{"taxonomy":"news-destination","embeddable":true,"href":"https:\/\/euapp01.newsmemory.com\/lamarseillaise\/news\/wp-json\/wp\/v2\/news-destination?post=36728"},{"taxonomy":"news-source","embeddable":true,"href":"https:\/\/euapp01.newsmemory.com\/lamarseillaise\/news\/wp-json\/wp\/v2\/news-source?post=36728"},{"taxonomy":"is_homepage","embeddable":true,"href":"https:\/\/euapp01.newsmemory.com\/lamarseillaise\/news\/wp-json\/wp\/v2\/is_homepage?post=36728"},{"taxonomy":"ta_other","embeddable":true,"href":"https:\/\/euapp01.newsmemory.com\/lamarseillaise\/news\/wp-json\/wp\/v2\/ta_other?post=36728"}],"curies":[{"name":"wp","href":"https:\/\/api.w.org\/{rel}","templated":true}]}}