{"id":36724,"date":"2026-07-18T12:35:00","date_gmt":"2026-07-18T10:35:00","guid":{"rendered":"https:\/\/euapp01.newsmemory.com\/lamarseillaise\/news\/?p=36724"},"modified":"2026-07-24T07:42:51","modified_gmt":"2026-07-24T05:42:51","slug":"yamal-le-digne-successeur-du-grand-messi","status":"publish","type":"post","link":"https:\/\/euapp01.newsmemory.com\/lamarseillaise\/news\/2026\/07\/18\/yamal-le-digne-successeur-du-grand-messi\/","title":{"rendered":"Yamal, le digne successeur du grand Messi"},"content":{"rendered":"<div class=\"paragraph\">\n<p>On ne peut pas en \u00eatre encore s\u00fbr, mais Lamine Yamal marche sur les pas de Leo Messi. Talent pr\u00e9coce comme la Pulga, le jeune catalan de 19\u00a0ans impressionne par sa vitesse d\u2019ex\u00e9cution, sa technicit\u00e9 et sa pointe de vitesse. \u00ab\u00a0<i>Il fait la fiert\u00e9 de La Masia<\/i>\u00a0\u00bb, a d\u00e9clar\u00e9 Laporta \u00e0 la radio espagnole RAC1. \u00ab\u00a0<i>Messi, c\u2019est le pass\u00e9 et le pr\u00e9sent, tandis que Lamine, c\u2019est le pr\u00e9sent et l\u2019avenir. Nous sommes tr\u00e8s heureux de disposer de ce qui constitue le v\u00e9ritable style de jeu du Bar\u00e7a. En tant que pr\u00e9sident, je suis fier d\u2019avoir form\u00e9 ces deux joueurs chez nous, et si l\u2019on ajoute Joan Garcia, Eric Garcia, [Pau] Cubarsi, qui r\u00e9alise une Coupe du monde spectaculaire, [Dani] Olmo, Gavi, Pedri, Ferran [Torres]&#8230; C\u2019est spectaculaire<\/i>\u00a0\u00bb, ajoute-t-il. D\u2019ailleurs, 25 des 52\u00a0joueurs qui fouleront la pelouse avant le coup d\u2019envoi de la finale sont sous contrat avec un club de Liga. Deuxi\u00e8me plus repr\u00e9sent\u00e9, le Bar\u00e7a comptera huit joueurs &#8211;\u00a0tous espagnols\u00a0&#8211; dans cet ultime match.<\/p>\n<\/p><\/div>\n<div class=\"intext\"> Incertain \u00e0 cause d\u2019une blessure\n              <\/div>\n<div class=\"paragraph\">\n<p>Comme son compatriote Pedro Porro, Lamine Yamal a manqu\u00e9 l\u2019entra\u00eenement et a \u00e9t\u00e9 aper\u00e7u avec un bandage autour de la cuisse. L\u2019attaquant du FC\u00a0Barcelone avait d\u00e9j\u00e0 \u00e9t\u00e9 touch\u00e9 \u00e0 cet endroit en avril dernier, alimentant les interrogations \u00e0 quelques jours de la finale. Sa pr\u00e9sence face \u00e0 l\u2019Argentine ne semble toutefois pas remise en cause \u00e0 ce stade, m\u00eame si son \u00e9tat physique sera suivi de pr\u00e8s par le staff.<\/p>\n<\/p><\/div>\n","protected":false},"excerpt":{"rendered":"On ne peut pas en &ecirc;tre encore s&ucirc;r, mais Lamine Yamal marche sur les pas de Leo Messi. Talent pr&eacute;coce comme la Pulga, le jeune catalan de 19&nbsp;ans impressionne par sa vitesse d&rsquo;ex&eacute;cution, sa technicit&eacute; et sa &#8230;","protected":false},"author":1,"featured_media":36725,"comment_status":"open","ping_status":"open","sticky":false,"template":"","format":"standard","meta":{"footnotes":""},"categories":[3926,3925,4069,7],"tags":[13],"news-destination":[3944],"news-source":[475],"is_homepage":[],"ta_other":[],"class_list":["post-36724","post","type-post","status-publish","format-standard","has-post-thumbnail","hentry","category-accueil-merge","category-accueil-third","category-sport","category-sports","tag-football","news-destination-homepage","news-source-website"],"_links":{"self":[{"href":"https:\/\/euapp01.newsmemory.com\/lamarseillaise\/news\/wp-json\/wp\/v2\/posts\/36724","targetHints":{"allow":["GET"]}}],"collection":[{"href":"https:\/\/euapp01.newsmemory.com\/lamarseillaise\/news\/wp-json\/wp\/v2\/posts"}],"about":[{"href":"https:\/\/euapp01.newsmemory.com\/lamarseillaise\/news\/wp-json\/wp\/v2\/types\/post"}],"author":[{"embeddable":true,"href":"https:\/\/euapp01.newsmemory.com\/lamarseillaise\/news\/wp-json\/wp\/v2\/users\/1"}],"replies":[{"embeddable":true,"href":"https:\/\/euapp01.newsmemory.com\/lamarseillaise\/news\/wp-json\/wp\/v2\/comments?post=36724"}],"version-history":[{"count":1,"href":"https:\/\/euapp01.newsmemory.com\/lamarseillaise\/news\/wp-json\/wp\/v2\/posts\/36724\/revisions"}],"predecessor-version":[{"id":36726,"href":"https:\/\/euapp01.newsmemory.com\/lamarseillaise\/news\/wp-json\/wp\/v2\/posts\/36724\/revisions\/36726"}],"wp:featuredmedia":[{"embeddable":true,"href":"https:\/\/euapp01.newsmemory.com\/lamarseillaise\/news\/wp-json\/wp\/v2\/media\/36725"}],"wp:attachment":[{"href":"https:\/\/euapp01.newsmemory.com\/lamarseillaise\/news\/wp-json\/wp\/v2\/media?parent=36724"}],"wp:term":[{"taxonomy":"category","embeddable":true,"href":"https:\/\/euapp01.newsmemory.com\/lamarseillaise\/news\/wp-json\/wp\/v2\/categories?post=36724"},{"taxonomy":"post_tag","embeddable":true,"href":"https:\/\/euapp01.newsmemory.com\/lamarseillaise\/news\/wp-json\/wp\/v2\/tags?post=36724"},{"taxonomy":"news-destination","embeddable":true,"href":"https:\/\/euapp01.newsmemory.com\/lamarseillaise\/news\/wp-json\/wp\/v2\/news-destination?post=36724"},{"taxonomy":"news-source","embeddable":true,"href":"https:\/\/euapp01.newsmemory.com\/lamarseillaise\/news\/wp-json\/wp\/v2\/news-source?post=36724"},{"taxonomy":"is_homepage","embeddable":true,"href":"https:\/\/euapp01.newsmemory.com\/lamarseillaise\/news\/wp-json\/wp\/v2\/is_homepage?post=36724"},{"taxonomy":"ta_other","embeddable":true,"href":"https:\/\/euapp01.newsmemory.com\/lamarseillaise\/news\/wp-json\/wp\/v2\/ta_other?post=36724"}],"curies":[{"name":"wp","href":"https:\/\/api.w.org\/{rel}","templated":true}]}}