{"id":36721,"date":"2026-07-18T12:45:00","date_gmt":"2026-07-18T10:45:00","guid":{"rendered":"https:\/\/euapp01.newsmemory.com\/lamarseillaise\/news\/?p=36721"},"modified":"2026-07-24T07:50:48","modified_gmt":"2026-07-24T05:50:48","slug":"grand-entretien-tatou-la-course-de-baignoires-un-clin-doeil-a-lhistoire-de-la-ciotat","status":"publish","type":"post","link":"https:\/\/euapp01.newsmemory.com\/lamarseillaise\/news\/2026\/07\/18\/grand-entretien-tatou-la-course-de-baignoires-un-clin-doeil-a-lhistoire-de-la-ciotat\/","title":{"rendered":"[Grand entretien] Tatou : \u00ab&nbsp;La course de baignoires, un clin d\u2019\u0153il \u00e0 l\u2019histoire de La Ciotat \u00bb"},"content":{"rendered":"<div class=\"paragraph\">\n<p><b>La Marseillaise<\/b><b>\u00a0<\/b><b>:<\/b><b> Qu\u2019est-ce que symbolise pour vous cette course de baignoires organis\u00e9e par Ciotat Chourmo<\/b><b>\u00a0<\/b><b>?<\/b><\/p>\n<p><b>Tatou<\/b><b>\u00a0<\/b><b>:<\/b> C\u2019est un clin d\u2019\u0153il \u00e0 l\u2019histoire de La Ciotat. On \u00e9tait, et on est toujours un peu, une ville de constructeurs de bateaux. Avec un grand chantier naval qui a malheureusement ferm\u00e9 ses portes [en 1988], m\u00eame si gr\u00e2ce \u00e0 la lutte des types qui \u00e9taient sur le site, on a pu conserver l\u2019activit\u00e9 navale. Mais bon, on n\u2019a plus de p\u00e9troliers, de m\u00e9thaniers, d\u2019immenses navires qui \u00e9taient un peu l\u2019\u00e2me de la cit\u00e9. Donc, cette id\u00e9e de continuer \u00e0 construire des trucs qui flottent, des baignoires, avec nos petites mains, c\u2019\u00e9tait un clin d\u2019\u0153il aux anciens. C\u2019est aussi l\u2019occasion de faire une f\u00eate populaire, qui draine de plus en plus de monde. \u00c7a ressemble un peu aux 24\u00a0heures du Mans, il y a des stands avec les baignoires, chacun peut admirer l\u2019inventivit\u00e9 de ceux qui les construisent. Ensuite, tu as la course et \u00e7a finit toujours par un concert.<\/p>\n<p><b>Comment expliquez-vous l\u2019engouement autour de cette course<\/b><b>\u00a0<\/b><b>?<\/b><\/p>\n<p><b>Tatou<\/b><b>\u00a0<\/b><b>: <\/b>C\u2019est sympa, populaire, gratuit, festif. Et on c\u00e9l\u00e8bre notre amour pour la ville. Chacun y met un peu de fiert\u00e9.<\/p>\n<p><b>Sur le titre \u00ab<\/b><b>\u00a0<\/b><b>Lo Chaple \u00bb, en 2008, vous chantiez<\/b><b>\u00a0<\/b><b>: \u00ab<\/b><b>\u00a0<\/b><b>Qu\u2019ont-ils fait \u00e0 ma ville, ils l\u2019ont d\u00e9sh\u00e9rit\u00e9e, tu vois. Ils ont ferm\u00e9 l\u2019usine, ont rang\u00e9 les bateaux pendant qu\u2019on n\u2019y \u00e9tait pas.<\/b><b>\u00a0<\/b><b>\u00bb Quel est votre regard sur l\u2019\u00e9volution de La Ciotat<\/b><b>\u00a0<\/b><b>? <\/b><\/p>\n<p><b>Tatou<\/b><b>\u00a0<\/b><b>: <\/b>D\u00e9j\u00e0, le temps passant, on est sortis du traumatisme. Apr\u00e8s la fermeture du chantier, on n\u2019a pas eu le moral pendant 25 ans. Cette fermeture a touch\u00e9 toutes les familles de la ville. \u00ab\u00a0Lo Chalpe\u00a0\u00bb, \u00e7a veut dire la catastrophe en proven\u00e7al. Apr\u00e8s, il faut relever la t\u00eate. Il y a eu beaucoup d\u2019initiatives associatives pour se remonter le moral comme celles de La Chourmo. Sinon, il y a aussi pour moi une d\u00e9rive tourismatique, m\u00eame si elle n\u2019est pas propre \u00e0 La Ciotat\u00a0: la multiplication des Airbnb, le tourisme de masse qui fait que, m\u00eame si nous sommes des Ciotadens ouverts et qui aimons voir d\u00e9barquer du monde d\u2019ailleurs, \u00e7a nous gonfle un peu parfois. Pour la jeunesse ciotadenne, \u00e7a manque aussi un peu de d\u00e9bouch\u00e9s, d\u2019avenir. M\u00eame si les villes changent, \u00e7a ne doit pas nous emp\u00eacher de proposer \u00e0 nos jeunes un horizon un peu sympa. C\u2019est aussi la ran\u00e7on de la d\u00e9sindustrialisation. Mais le fait que la lutte, ici, ou au moins la conservation du patrimoine industriel et de la place que tient l\u2019usine dans la ville, nous sauve un peu de la gentrification.<\/p>\n<p><b>Fin 2025, vous avez r\u00e9\u00e9dit\u00e9 en vinyle le premier album de Moussu T, \u00ab<\/b><b>\u00a0<\/b><b>Mademoiselle Marseille<\/b><b>\u00a0<\/b><b>\u00bb, reflet du bouillonnement culturel de la ville dans les ann\u00e9es 1920-1930, des op\u00e9rettes marseillaises aux musiques afro-am\u00e9ricaines. \u00c0 quel point l\u2019\u0153uvre de <a href=\"https:\/\/www.lamarseillaise.fr\/culture\/sans-limites-sur-sa-propre-identite-claude-mckay-en-avance-sur-son-temps-LH14460748\">Claude McKay, po\u00e8te jama\u00efcain et figure du Harlem Renaissance t\u00e9moin de cette effusion<\/a>, vous a marqu\u00e9<\/b><b>\u00a0<\/b><b>?<\/b><\/p>\n<p><b>Tatou<\/b><b>\u00a0<\/b><b>: <\/b>J\u2019ai fond\u00e9 Massilia Sound System au Panier. Je d\u00e9couvre Claude McKay, un auteur jama\u00efcain qui \u00e9crit sur le quartier d\u00e9truit pendant la guerre par les nazis et l\u2019\u00c9tat fran\u00e7ais. En plus, un livre qui parle de musiciens. \u00c7a a \u00e9t\u00e9 ma porte d\u2019entr\u00e9e sur les rapports entre Marseille et le jazz. Et je suis retomb\u00e9 sur l\u2019op\u00e9rette marseillaise que je connaissais avant juste comme \u00e7a. Avec Massilia, on l\u2019avait repris par clin d\u2019\u0153il. Comme c\u2019est un monument de l\u2019histoire musicale de Marseille, on est oblig\u00e9s d\u2019y passer. Mais je l\u2019ai red\u00e9couvert sous une autre facette\u00a0: le fait que \u00e7a soit du jazz en quelque sorte. Scotto, Sarvil, Sellers \u00e9taient des grands fans de jazz. Sellers, qui vient de Martigues, est l\u2019arrangeur de Scotto mais aussi celui de Jos\u00e9phine Baker. \u00c7a cr\u00e9e plein de ponts. C\u2019\u00e9tait parfait pour nous qui avions envie d\u2019avoir une ville diverse et ouverte\u00a0: alors que beaucoup pensent que c\u2019est le summum du terroir, ces op\u00e9rettes marseillaises, c\u2019\u00e9tait quand m\u00eame de la musique black. \u00c7a fait comprendre que ces histoires de puret\u00e9 musicale ou culturelle n\u2019ont aucun sens.<\/p>\n<p><b>Il a beau \u00eatre <a href=\"https:\/\/www.lamarseillaise.fr\/culture\/grand-entretien-maurice-gouiran-le-polar-marseillais-est-une-invention-KH20275087\">contemporain d\u2019un Marcel Pagnol, tous deux ne d\u00e9peignent pas le m\u00eame Marseille.<\/a> McKay a su, lui, saisir son esprit&#8230;<\/b><\/p>\n<p><b>Tatou<\/b><b>\u00a0<\/b><b>: <\/b>McKay fait partie du <a href=\"https:\/\/www.lamarseillaise.fr\/culture\/a-la-memoire-de-langston-hughes-IELM059274\">Harlem renaissance, dont une autre grande figure est Langston Hughes<\/a> qui va se retrouver dans les brigades internationales en Espagne. Ce sont des types qui vivent. On le voit dans son autobiographie <i>Un sacr\u00e9 bout de chemin<\/i>, toutes les aventures possibles de son \u00e9poque, McKay les vit\u00a0: en Russie pendant la R\u00e9volution comme dans des studios cin\u00e9ma \u00e0 Nice&#8230; Fatalement, il \u00e9crit son \u00e9poque. C\u2019est marrant que vous parliez de Pagnol car moi, la premi\u00e8re chose qui m\u2019est venue quand j\u2019ai lu<i> Banjo<\/i> (1929), c\u2019\u00e9tait de le comparer \u00e0 <i>Bagatouni<\/i> de Val\u00e8re Bernard, ce grand \u00e9crivain marseillais qui \u00e9crit en proven\u00e7al, lui. Ils ont la m\u00eame fa\u00e7on de d\u00e9crire depuis la rue. McKay a parfaitement saisi la place des Marseillais dans le monde. Si on le compare aux \u00e9crivains de son \u00e9poque qui \u00e9crivent sur Marseille, la diff\u00e9rence et encore plus grande qu\u2019avec Pagnol car il y a tout ce d\u00e9lire, presque colonial, d\u2019\u00e9crivains fran\u00e7ais sur Marseille. McKay vit et comprend fort bien Marseille mais aussi ce qu\u2019est la renaissance culturelle noire. Il est \u00e0 la fois noir, communiste, bisexuel et a donc beaucoup de probl\u00e8mes dans la soci\u00e9t\u00e9. McKay nous donne une le\u00e7on d\u2019alt\u00e9rit\u00e9\u00a0: on peut \u00eatre autre et \u00eatre ensemble. Et il raconte des trucs qu\u2019aucun intellectuel fran\u00e7ais n\u2019a racont\u00e9 sur nous\u00a0: des mecs en bleu de chine, des peintres marseillais&#8230; pour nous, c\u2019est une arme. Le mec qui a \u00e9crit le plus beau roman sur Marseille est un Jama\u00efcain.<\/p>\n<p><b>Pour revenir \u00e0 la musique, quelle est votre actualit\u00e9<\/b><b>\u00a0<\/b><b>? Des projets avec Massilia ou Moussu T e lei Jovents<\/b><b>\u00a0<\/b><b>?<\/b><\/p>\n<p><b>Tatou<\/b><b>\u00a0<\/b><b>: <\/b>Avec Moussu T pas grand-chose, avec Massilia, non plus. Tu sais, on est les vieux membres d\u2019un vieux groupe. Je m\u2019int\u00e9resse \u00e0 plein de choses \u00e0 c\u00f4t\u00e9. Demain, je suis par exemple en studio, mais pour conseiller. Je vais \u00e9couter le DJ de Massilia, Kayalik, qui est en train de construire un truc super int\u00e9ressant avec un groupe traditionnel du Tarn. Une rencontre entre la dance music et la danse bal\u00e8ti. Sinon, je viens de finir de donner quelques avis sur un disque de mon coll\u00e8gue, Louis Pastorelli, chanteur du groupe Nux Vomica. Et je continue aussi bien s\u00fbr \u00e0 me r\u00e9galer avec DJ Kayalik en faisant du sound system en essayant de recr\u00e9er la soir\u00e9e dansante jama\u00efcaine on va dire. C\u2019est le bal\u00e8ti \u00e0 la jama\u00efcaine.<\/p>\n<p><b>Vendredi dernier, vous \u00e9tiez aussi en concert avec Massilia Sound System \u00e0 Vitrolles. Toujours un refuge \u00e0 la morosit\u00e9 ambiante pour le public qui a communi\u00e9 avec vous&#8230;<\/b><\/p>\n<p><b>Tatou<\/b><b>\u00a0<\/b><b>: <\/b>L\u2019id\u00e9e de chanter pour une communaut\u00e9 a toujours \u00e9t\u00e9 dans notre cahier des charges. On chante pour nos voisins, les gens de nos quartiers et villes. On a toujours dit qu\u2019on avait envie d\u2019\u00eatre des chanteurs folkloriques mais au vrai sens du mot du folklore, c\u2019est-\u00e0-dire le langage du peuple. C\u2019est notre grande fiert\u00e9. Massilia, c\u2019est le truc rep\u00e8re de toute la famille, le disque que peuvent \u00e9couter des parents comme des enfants. Les jeunes et les vieux s\u2019y retrouvent, tout en restant jeunes et vieux. Et l\u00e0, avec Moussu T \u00e0 La Ciotat, on va jouer avec une formation tr\u00e8s simpliste qui rappelle les premi\u00e8res heures du jazz \u00e0 La Nouvelle-Orl\u00e9ans, il n\u2019y a que du banjo, une batterie r\u00e9duite a sa plus simple expression, des percussions. C\u2019est formidable.<\/p>\n<p><b><span class=\"mln_small-caps_mln\">Entretien r\u00e9alis\u00e9 par Philippe Amsellem<\/span><\/b><\/p>\n<\/p><\/div>\n<div class=\"paragraph\">\n<p><i>Exposition des baignoires \u00e0 14h, course \u00e0 16h et d\u00e9but du concert vers 19h30<\/i><\/p>\n<\/p><\/div>\n","protected":false},"excerpt":{"rendered":"La Marseillaise&nbsp;: Qu&rsquo;est-ce que symbolise pour vous cette course de baignoires organis&eacute;e par Ciotat Chourmo&nbsp;?","protected":false},"author":1,"featured_media":36722,"comment_status":"open","ping_status":"open","sticky":false,"template":"","format":"standard","meta":{"footnotes":""},"categories":[3923,3926,32],"tags":[987,10,34,743,325,191,988,2001],"news-destination":[3944],"news-source":[475],"is_homepage":[],"ta_other":[],"class_list":["post-36721","post","type-post","status-publish","format-standard","has-post-thumbnail","hentry","category-accueil-first","category-accueil-merge","category-culture","tag-987","tag-bouches-du-rhone","tag-concert","tag-la-ciotat","tag-musique","tag-politique","tag-week-end","tag-weekend","news-destination-homepage","news-source-website"],"_links":{"self":[{"href":"https:\/\/euapp01.newsmemory.com\/lamarseillaise\/news\/wp-json\/wp\/v2\/posts\/36721","targetHints":{"allow":["GET"]}}],"collection":[{"href":"https:\/\/euapp01.newsmemory.com\/lamarseillaise\/news\/wp-json\/wp\/v2\/posts"}],"about":[{"href":"https:\/\/euapp01.newsmemory.com\/lamarseillaise\/news\/wp-json\/wp\/v2\/types\/post"}],"author":[{"embeddable":true,"href":"https:\/\/euapp01.newsmemory.com\/lamarseillaise\/news\/wp-json\/wp\/v2\/users\/1"}],"replies":[{"embeddable":true,"href":"https:\/\/euapp01.newsmemory.com\/lamarseillaise\/news\/wp-json\/wp\/v2\/comments?post=36721"}],"version-history":[{"count":1,"href":"https:\/\/euapp01.newsmemory.com\/lamarseillaise\/news\/wp-json\/wp\/v2\/posts\/36721\/revisions"}],"predecessor-version":[{"id":36723,"href":"https:\/\/euapp01.newsmemory.com\/lamarseillaise\/news\/wp-json\/wp\/v2\/posts\/36721\/revisions\/36723"}],"wp:featuredmedia":[{"embeddable":true,"href":"https:\/\/euapp01.newsmemory.com\/lamarseillaise\/news\/wp-json\/wp\/v2\/media\/36722"}],"wp:attachment":[{"href":"https:\/\/euapp01.newsmemory.com\/lamarseillaise\/news\/wp-json\/wp\/v2\/media?parent=36721"}],"wp:term":[{"taxonomy":"category","embeddable":true,"href":"https:\/\/euapp01.newsmemory.com\/lamarseillaise\/news\/wp-json\/wp\/v2\/categories?post=36721"},{"taxonomy":"post_tag","embeddable":true,"href":"https:\/\/euapp01.newsmemory.com\/lamarseillaise\/news\/wp-json\/wp\/v2\/tags?post=36721"},{"taxonomy":"news-destination","embeddable":true,"href":"https:\/\/euapp01.newsmemory.com\/lamarseillaise\/news\/wp-json\/wp\/v2\/news-destination?post=36721"},{"taxonomy":"news-source","embeddable":true,"href":"https:\/\/euapp01.newsmemory.com\/lamarseillaise\/news\/wp-json\/wp\/v2\/news-source?post=36721"},{"taxonomy":"is_homepage","embeddable":true,"href":"https:\/\/euapp01.newsmemory.com\/lamarseillaise\/news\/wp-json\/wp\/v2\/is_homepage?post=36721"},{"taxonomy":"ta_other","embeddable":true,"href":"https:\/\/euapp01.newsmemory.com\/lamarseillaise\/news\/wp-json\/wp\/v2\/ta_other?post=36721"}],"curies":[{"name":"wp","href":"https:\/\/api.w.org\/{rel}","templated":true}]}}