{"id":36718,"date":"2026-07-19T08:07:01","date_gmt":"2026-07-19T06:07:01","guid":{"rendered":"https:\/\/euapp01.newsmemory.com\/lamarseillaise\/news\/?p=36718"},"modified":"2026-07-25T08:01:03","modified_gmt":"2026-07-25T06:01:03","slug":"des-gendarmes-en-renfort-pour-lete-sur-la-cote-bleue","status":"publish","type":"post","link":"https:\/\/euapp01.newsmemory.com\/lamarseillaise\/news\/2026\/07\/19\/des-gendarmes-en-renfort-pour-lete-sur-la-cote-bleue\/","title":{"rendered":"Au Rove, des gendarmes en renfort pour l\u2019\u00e9t\u00e9 sur la C\u00f4te Bleue"},"content":{"rendered":"<div class=\"paragraph\">\n<p>Install\u00e9s \u00e0 l\u2019h\u00f4tel Rovotel, r\u00e9cemment r\u00e9nov\u00e9 et rouvert, les militaires b\u00e9n\u00e9ficieront de \u00ab\u00a0conditions d\u2019h\u00e9bergement optimales\u00a0\u00bb gr\u00e2ce \u00e0 la participation financi\u00e8re des quatre communes concern\u00e9es\u00a0: Le\u00a0Rove, Ensu\u00e8s-la-Redonne, Carry-le-Rouet et Sausset-les-Pins. Un effort commun qui t\u00e9moigne de la volont\u00e9 des \u00e9lus locaux \u00ab<i>\u00a0<\/i><i>d\u2019accompagner le renforcement des moyens de s\u00e9curit\u00e9 sur leur territoire<\/i>\u00a0\u00bb.<\/p>\n<\/p><\/div>\n<div class=\"intext\"> Une \u00ab\u00a0pr\u00e9sence essentielle\u00a0\u00bb\n              <\/div>\n<div class=\"paragraph\">\n<p>Le dispositif comptera 13\u00a0gendarmes. Parmi eux figure un capitaine de gendarmerie en provenance de Roumanie, dont l\u2019arriv\u00e9e est attendue ce 18\u00a0juillet. \u00c0 ces effectifs s\u2019ajoutent 6\u00a0gendarmes r\u00e9servistes mobilis\u00e9s sur le terrain. Leur mission consistera \u00e0 assurer des patrouilles de pr\u00e9vention et des op\u00e9rations de contr\u00f4le, y compris dans les trains desservant le secteur.<\/p>\n<p>Pour marquer le lancement de cette campagne estivale, une r\u00e9ception d\u2019accueil s\u2019est tenue lundi au Rovotel \u00e0 l\u2019initiative du maire (PCF) du Rove, Paul Sabatino. Les maires d\u2019Ensu\u00e8s-la-Redonne, Michel Illac, de Carry-le-Rouet, Ren\u00e9-Francis Carpentier, et de Sausset-les-Pins, Maxime Marchand, \u00e9taient pr\u00e9sents aux c\u00f4t\u00e9s des repr\u00e9sentants des forces de s\u00e9curit\u00e9 et de secours. Ont notamment particip\u00e9 \u00e0 cette rencontre le g\u00e9n\u00e9ral Baillargeat, commandant le groupement de gendarmerie des Bouches-du-Rh\u00f4ne, le commandant Curci, le capitaine Salagnac, le lieutenant Molnar ainsi que les repr\u00e9sentants des polices municipales des quatre communes et les responsables du centre de secours de la C\u00f4te Bleue.<\/p>\n<p>Souhaitant la bienvenue aux militaires, Paul Sabatino a soulign\u00e9 l\u2019importance de leur pr\u00e9sence durant la saison estivale. \u00ab\u00a0<i>Votre pr\u00e9sence sur notre territoire et celui de la C\u00f4te Bleue est essentielle. Elle contribuera \u00e0 renforcer la tranquillit\u00e9 publique et la s\u00e9curit\u00e9 de nos habitants comme de nos nombreux visiteurs, en particulier dans nos calanques<\/i>\u00a0\u00bb, a-t-il d\u00e9clar\u00e9. Un message de soutien partag\u00e9 par l\u2019ensemble des \u00e9lus, alors que la C\u00f4te Bleue s\u2019appr\u00eate \u00e0 accueillir plusieurs milliers de touristes dans les semaines \u00e0 venir.<\/p>\n<\/p><\/div>\n","protected":false},"excerpt":{"rendered":"Install&eacute;s &agrave; l&rsquo;h&ocirc;tel Rovotel, r&eacute;cemment r&eacute;nov&eacute; et rouvert, les militaires b&eacute;n&eacute;ficieront de &laquo;&nbsp;conditions d&rsquo;h&eacute;bergement optimales&nbsp;&raquo; gr&acirc;ce &agrave; la &#8230;","protected":false},"author":1,"featured_media":36719,"comment_status":"open","ping_status":"open","sticky":false,"template":"","format":"standard","meta":{"footnotes":""},"categories":[3926,3925,20],"tags":[10,1798,2237,1654],"news-destination":[3944],"news-source":[475],"is_homepage":[],"ta_other":[],"class_list":["post-36718","post","type-post","status-publish","format-standard","has-post-thumbnail","hentry","category-accueil-merge","category-accueil-third","category-societe","tag-bouches-du-rhone","tag-gendarmerie","tag-gendarmes","tag-le-rove","news-destination-homepage","news-source-website"],"_links":{"self":[{"href":"https:\/\/euapp01.newsmemory.com\/lamarseillaise\/news\/wp-json\/wp\/v2\/posts\/36718","targetHints":{"allow":["GET"]}}],"collection":[{"href":"https:\/\/euapp01.newsmemory.com\/lamarseillaise\/news\/wp-json\/wp\/v2\/posts"}],"about":[{"href":"https:\/\/euapp01.newsmemory.com\/lamarseillaise\/news\/wp-json\/wp\/v2\/types\/post"}],"author":[{"embeddable":true,"href":"https:\/\/euapp01.newsmemory.com\/lamarseillaise\/news\/wp-json\/wp\/v2\/users\/1"}],"replies":[{"embeddable":true,"href":"https:\/\/euapp01.newsmemory.com\/lamarseillaise\/news\/wp-json\/wp\/v2\/comments?post=36718"}],"version-history":[{"count":2,"href":"https:\/\/euapp01.newsmemory.com\/lamarseillaise\/news\/wp-json\/wp\/v2\/posts\/36718\/revisions"}],"predecessor-version":[{"id":36731,"href":"https:\/\/euapp01.newsmemory.com\/lamarseillaise\/news\/wp-json\/wp\/v2\/posts\/36718\/revisions\/36731"}],"wp:featuredmedia":[{"embeddable":true,"href":"https:\/\/euapp01.newsmemory.com\/lamarseillaise\/news\/wp-json\/wp\/v2\/media\/36719"}],"wp:attachment":[{"href":"https:\/\/euapp01.newsmemory.com\/lamarseillaise\/news\/wp-json\/wp\/v2\/media?parent=36718"}],"wp:term":[{"taxonomy":"category","embeddable":true,"href":"https:\/\/euapp01.newsmemory.com\/lamarseillaise\/news\/wp-json\/wp\/v2\/categories?post=36718"},{"taxonomy":"post_tag","embeddable":true,"href":"https:\/\/euapp01.newsmemory.com\/lamarseillaise\/news\/wp-json\/wp\/v2\/tags?post=36718"},{"taxonomy":"news-destination","embeddable":true,"href":"https:\/\/euapp01.newsmemory.com\/lamarseillaise\/news\/wp-json\/wp\/v2\/news-destination?post=36718"},{"taxonomy":"news-source","embeddable":true,"href":"https:\/\/euapp01.newsmemory.com\/lamarseillaise\/news\/wp-json\/wp\/v2\/news-source?post=36718"},{"taxonomy":"is_homepage","embeddable":true,"href":"https:\/\/euapp01.newsmemory.com\/lamarseillaise\/news\/wp-json\/wp\/v2\/is_homepage?post=36718"},{"taxonomy":"ta_other","embeddable":true,"href":"https:\/\/euapp01.newsmemory.com\/lamarseillaise\/news\/wp-json\/wp\/v2\/ta_other?post=36718"}],"curies":[{"name":"wp","href":"https:\/\/api.w.org\/{rel}","templated":true}]}}