{"id":36715,"date":"2026-07-18T12:22:00","date_gmt":"2026-07-18T10:22:00","guid":{"rendered":"https:\/\/euapp01.newsmemory.com\/lamarseillaise\/news\/?p=36715"},"modified":"2026-07-24T07:42:51","modified_gmt":"2026-07-24T05:42:51","slug":"dans-le-var-la-ministre-de-la-mer-catherine-chabaud-appelle-a-cohabiter-avec-la-faune-marine","status":"publish","type":"post","link":"https:\/\/euapp01.newsmemory.com\/lamarseillaise\/news\/2026\/07\/18\/dans-le-var-la-ministre-de-la-mer-catherine-chabaud-appelle-a-cohabiter-avec-la-faune-marine\/","title":{"rendered":"Dans le Var, la ministre de la Mer Catherine Chabaud appelle \u00e0 cohabiter avec la faune marine"},"content":{"rendered":"<div class=\"paragraph\">\n<p>Si elle confesse volontiers avoir appr\u00e9ci\u00e9 ces trois jours \u00ab\u00a0<i>dans (son) \u00e9l\u00e9ment<\/i>\u00a0\u00bb, Catherine Chabaud n\u2019\u00e9tait pas en vacances dans le Var. La ministre d\u00e9l\u00e9gu\u00e9e en charge de la Mer et de la P\u00eache, ancienne navigatrice &#8211;\u00a0elle fut la premi\u00e8re femme \u00e0 terminer un tour du monde \u00e0 la voile, en 1996-1997, sur le Vend\u00e9e Globe\u00a0&#8211; est arriv\u00e9e mercredi dans le d\u00e9partement, pour <a rel=\"noopener noreferrer\" href=\"https:\/\/www.lamarseillaise.fr\/societe\/ile-des-embiez-inauguration-d-une-plateforme-scientifique-FH20500252\" target=\"_blank\">l\u2019inauguration de la plateforme scientifique de l\u2019institut oc\u00e9anographique Paul Ricard<\/a>, sur l\u2019\u00eele des Embiez. Cet outil, d\u00e9di\u00e9 \u00e0 la recherche dans diff\u00e9rents domaines (aquaculture innovante, s\u00e9curit\u00e9 alimentaire, conservation d\u2019esp\u00e8ces menac\u00e9es&#8230;) avec l\u2019objectif de sensibiliser les d\u00e9cideurs politiques, a particuli\u00e8rement plu \u00e0 la ministre\u00a0: \u00ab\u00a0<i>On a besoin de vision, et Patricia Ricard <\/i>[pr\u00e9sidente de l\u2019institut, ndlr]<i> fait partie des visionnaires. Cette plateforme permet de faire de la recherche et d\u2019identifier les sujets d\u2019urgence comme le fait de d\u00e9velopper une aquaculture plus durable, et de les exp\u00e9rimenter<\/i>\u00a0\u00bb, dans un esprit de \u00ab\u00a0<i>mobilisation collective des entreprises, des scientifiques et des ONG<\/i><i>\u00a0<\/i>\u00bb qui lui est cher.<\/p>\n<p>Jeudi, elle a embarqu\u00e9 \u00e0 bord du catamaran <i>We Explore<\/i> de son confr\u00e8re navigateur Roland Jourdain, double vainqueur de la Route du Rhum, fabriqu\u00e9 \u00e0 50\u00a0% en fibre de lin. Ils y ont rep\u00e9r\u00e9 un cachalot bless\u00e9 par une h\u00e9lice de bateau aux abords du Parc national de Port-Cros. Un sujet qu\u2019a abord\u00e9 le navigateur vendredi, lors d\u2019une s\u00e9rie d\u2019\u00e9changes consacr\u00e9s \u00e0 la protection de la m\u00e9gafaune marine vendredi au Fort du Pradeau, \u00e0 Hy\u00e8res.<\/p>\n<\/p><\/div>\n<div class=\"intext\"> \u00ab\u00a0Nous sommes colocataires de la plan\u00e8te\u00a0\u00bb\n              <\/div>\n<div class=\"paragraph\">\n<p>\u00ab\u00a0<i>On raconte les histoires des courses, des quarts de seconde d\u00e9cisifs, mais la victoire peut se faire \u00e0 vitesse r\u00e9duite. Il faut inventer le mod\u00e8le de demain<\/i>\u00a0\u00bb, milite-t-il. Car la vitesse demeure un v\u00e9ritable sujet, sur lequel une forme de l\u00e9gislation existe par endroits, notamment dans le cadre de la Zone maritime particuli\u00e8rement vuln\u00e9rable (ZMPV) \u00e9tablie entre la France et l\u2019Espagne en 2023, avec une r\u00e9duction entre 10 et 13\u00a0n\u0153uds dans certains espaces sensibles. \u00ab\u00a0<i>Il faut trouver le bon curseur, la mer ce n\u2019est pas la route<\/i>\u00a0\u00bb, temporise Catherine Chabaud, qui reconna\u00eet toutefois \u00ab\u00a0<i>d\u2019autres enjeux comme la r\u00e9duction des \u00e9missions de CO2 et une opportunit\u00e9 \u00e0 mieux conna\u00eetre le milieu marin<\/i>\u00a0\u00bb.<\/p>\n<p>Et \u00e0 \u00ab\u00a0<i>cohabiter<\/i>\u00a0\u00bb. \u00ab\u00a0<i>Il faut se rendre compte que nous sommes colocataires de cette plan\u00e8te<\/i>\u00a0\u00bb, clame, avec v\u00e9h\u00e9mence, l\u2019oc\u00e9anologue Fran\u00e7ois Sarano en conclusion des \u00e9changes de vendredi, au cours desquels la cohabitation a pris une large place. D\u2019abord, \u00e0 travers des discussions sur les cons\u00e9quences des bruits anthropiques sur la megafaune, qui peuvent entraver, entre autres, la chasse pour les animaux marins. Ensuite, sur les effets des sports nautiques, m\u00eame ceux qui ne polluent pas ou peu directement (wingfoil, voile). Enfin, sur le r\u00f4le des collectivit\u00e9s, engag\u00e9es dans des d\u00e9marches collectives comme le sanctuaire Pelagos, espace maritime de 87\u00a0500\u00a0km\u00b2 \u00e9tabli entre l\u2019Italie, Monaco et la France pour la protection de la biodiversit\u00e9 marine, et le programme Caret, men\u00e9 par le Parc National de Port-Cros, visant \u00e0 prot\u00e9ger et restaurer les \u00e9cosyst\u00e8mes littoraux sableux, pour favoriser la reproduction de la tortue caouanne.<\/p>\n<p>Une approche qui doit, selon la ministre, permettre de sensibiliser les individus\u00a0: \u00ab\u00a0<i>La probl\u00e9matique, c\u2019est la capacit\u00e9 des citoyens \u00e0 changer de comportement. On est en train de rentrer dans la partie exponentielle des courbes du GIEC<\/i>\u00a0\u00bb. Et pour cela \u00ab\u00a0<i>il faut aussi des d\u00e9cisions politiques fermes<\/i><i>\u00a0<\/i>\u00bb. \u00c0 l\u2019oppos\u00e9 de la <a rel=\"noopener noreferrer\" href=\"https:\/\/www.lamarseillaise.fr\/environnement\/pres-de-2-millions-de-non-un-elan-citoyen-inedit-contre-la-loi-duplomb-OE18580482\" target=\"_blank\">loi Duplomb<\/a> ou de la loi d\u2019urgence agricole dont le texte, assoupli en commission mixte paritaire jeudi sur le volet de la r\u00e9introduction de pesticides interdits et du stockage d\u2019eau, doit \u00eatre pr\u00e9sent\u00e9 au S\u00e9nat et \u00e0 l\u2019Assembl\u00e9e nationale lundi et mardi.<\/p>\n<\/p><\/div>\n","protected":false},"excerpt":{"rendered":"Si elle confesse volontiers avoir appr&eacute;ci&eacute; ces trois jours &laquo;&nbsp;dans (son) &eacute;l&eacute;ment&nbsp;&raquo;, Catherine Chabaud n&rsquo;&eacute;tait pas en vacances dans le Var. La ministre d&eacute;l&eacute;gu&eacute;e en &#8230;","protected":false},"author":1,"featured_media":36716,"comment_status":"open","ping_status":"open","sticky":false,"template":"","format":"standard","meta":{"footnotes":""},"categories":[3926,3925,333],"tags":[182,354,84,6112,2976,208,1904,2618,5779,4032,6111,27,1737,2299,2851,134,1404,1173,1224,537,1770,2872,2432,31],"news-destination":[3944],"news-source":[475],"is_homepage":[],"ta_other":[],"class_list":["post-36715","post","type-post","status-publish","format-standard","has-post-thumbnail","hentry","category-accueil-merge","category-accueil-third","category-environnement","tag-animaux","tag-biodiveriste","tag-biodiversite","tag-catamaran","tag-co2","tag-collectivites","tag-conservation","tag-ecosysteme","tag-ecosysteme-marins","tag-especes-protegees","tag-giec","tag-hyeres","tag-legislation","tag-loi-duplomb","tag-marins","tag-mobilisation","tag-parc-national","tag-paul-ricard","tag-port","tag-protection","tag-sanctuaire","tag-scientifiques","tag-sports-nautiques","tag-var","news-destination-homepage","news-source-website"],"_links":{"self":[{"href":"https:\/\/euapp01.newsmemory.com\/lamarseillaise\/news\/wp-json\/wp\/v2\/posts\/36715","targetHints":{"allow":["GET"]}}],"collection":[{"href":"https:\/\/euapp01.newsmemory.com\/lamarseillaise\/news\/wp-json\/wp\/v2\/posts"}],"about":[{"href":"https:\/\/euapp01.newsmemory.com\/lamarseillaise\/news\/wp-json\/wp\/v2\/types\/post"}],"author":[{"embeddable":true,"href":"https:\/\/euapp01.newsmemory.com\/lamarseillaise\/news\/wp-json\/wp\/v2\/users\/1"}],"replies":[{"embeddable":true,"href":"https:\/\/euapp01.newsmemory.com\/lamarseillaise\/news\/wp-json\/wp\/v2\/comments?post=36715"}],"version-history":[{"count":1,"href":"https:\/\/euapp01.newsmemory.com\/lamarseillaise\/news\/wp-json\/wp\/v2\/posts\/36715\/revisions"}],"predecessor-version":[{"id":36717,"href":"https:\/\/euapp01.newsmemory.com\/lamarseillaise\/news\/wp-json\/wp\/v2\/posts\/36715\/revisions\/36717"}],"wp:featuredmedia":[{"embeddable":true,"href":"https:\/\/euapp01.newsmemory.com\/lamarseillaise\/news\/wp-json\/wp\/v2\/media\/36716"}],"wp:attachment":[{"href":"https:\/\/euapp01.newsmemory.com\/lamarseillaise\/news\/wp-json\/wp\/v2\/media?parent=36715"}],"wp:term":[{"taxonomy":"category","embeddable":true,"href":"https:\/\/euapp01.newsmemory.com\/lamarseillaise\/news\/wp-json\/wp\/v2\/categories?post=36715"},{"taxonomy":"post_tag","embeddable":true,"href":"https:\/\/euapp01.newsmemory.com\/lamarseillaise\/news\/wp-json\/wp\/v2\/tags?post=36715"},{"taxonomy":"news-destination","embeddable":true,"href":"https:\/\/euapp01.newsmemory.com\/lamarseillaise\/news\/wp-json\/wp\/v2\/news-destination?post=36715"},{"taxonomy":"news-source","embeddable":true,"href":"https:\/\/euapp01.newsmemory.com\/lamarseillaise\/news\/wp-json\/wp\/v2\/news-source?post=36715"},{"taxonomy":"is_homepage","embeddable":true,"href":"https:\/\/euapp01.newsmemory.com\/lamarseillaise\/news\/wp-json\/wp\/v2\/is_homepage?post=36715"},{"taxonomy":"ta_other","embeddable":true,"href":"https:\/\/euapp01.newsmemory.com\/lamarseillaise\/news\/wp-json\/wp\/v2\/ta_other?post=36715"}],"curies":[{"name":"wp","href":"https:\/\/api.w.org\/{rel}","templated":true}]}}