{"id":36712,"date":"2026-07-18T12:21:00","date_gmt":"2026-07-18T10:21:00","guid":{"rendered":"https:\/\/euapp01.newsmemory.com\/lamarseillaise\/news\/?p=36712"},"modified":"2026-07-24T07:42:51","modified_gmt":"2026-07-24T05:42:51","slug":"nocturnes-au-camp-des-milles-une-experience-personnelle","status":"publish","type":"post","link":"https:\/\/euapp01.newsmemory.com\/lamarseillaise\/news\/2026\/07\/18\/nocturnes-au-camp-des-milles-une-experience-personnelle\/","title":{"rendered":"Nocturnes au Camp des Milles, une exp\u00e9rience \u00ab&nbsp;personnelle&nbsp;\u00bb"},"content":{"rendered":"<div class=\"paragraph\">\n<p>Plusieurs facteurs ont pouss\u00e9 au lancement des visites nocturnes du site m\u00e9morial. <span class=\"mln_uppercase_mln\">\u00e0<\/span> commencer par la canicule<i>. <\/i>\u00ab\u00a0<i>I<\/i><i>l fait tr\u00e8s chaud en journ\u00e9e, on se dit que les vacanciers qui viennent dans la r\u00e9gion ont envie de faire des activit\u00e9s ailleurs qu\u2019\u00e0 la plage en fin de journ\u00e9e<\/i>\u00a0\u00bb<i>,<\/i> commence L\u00e9na Casiez, responsable du p\u00f4le culture et \u00e9ducation de la Fondation Camp des Milles. Sur le fond, des visites nocturnes \u00ab\u00a0<i>c\u2019est une autre ambiance, plus intimiste, plus propice \u00e0 la r\u00e9flexion, aux \u00e9motions, quand on est \u00e0 l\u2019int\u00e9rieur du b\u00e2timent. C\u2019est l\u2019occasion de proposer une exp\u00e9rience plus personnelle<\/i>\u00a0\u00bb<i>,<\/i> pr\u00e9cise L\u00e9na Casiez. Pour la premi\u00e8re fois, le Camp des Milles propose chaque jeudi soir, d\u00e8s 19h, des visites nocturnes de cette ancienne tuilerie qui porte encore les traces de prisonniers politiques et de fran\u00e7ais juifs enferm\u00e9s ici avant leur d\u00e9portation. Le programme se d\u00e9cline autour de quatre th\u00e9matiques propos\u00e9es en alternance chaque jeudi\u00a0:<i> Cr\u00e9er pour r\u00e9sister,<\/i> les 9\u00a0juillet et 27\u00a0ao\u00fbt, <i>Musique et t\u00e9moignages,<\/i> les 16\u00a0juillet et 6\u00a0ao\u00fbt, <i>\u00c0 la recherche du mot pr\u00e9cieux,<\/i> session qui cible les familles, les 23\u00a0juillet et 20\u00a0ao\u00fbt, et <i>Memory Beyond Borders<\/i>, propos\u00e9e en anglais et en allemand, les 30\u00a0juillet et 13\u00a0ao\u00fbt.<\/p>\n<\/p><\/div>\n<div class=\"intext\"> Pour r\u00e9fl\u00e9chir ensemble\n              <\/div>\n<div class=\"paragraph\">\n<p>En parall\u00e8le des visites th\u00e9matis\u00e9es et guid\u00e9es, les visites libres du Camp des Milles et de son wagon des souvenirs sont maintenues avec une derni\u00e8re entr\u00e9e pr\u00e9vue pour 20h30. Si cette initiative est une premi\u00e8re, le Camp des Milles avait d\u00e9j\u00e0 test\u00e9 les visites de nuit, en participant tous les ans notamment aux Nuits Europ\u00e9ennes des Mus\u00e9es, en organisant des visites \u00e0 la bougie ou \u00e0 la lampe torche.<i> <\/i>\u00ab\u00a0<i>Sur les murs <\/i>(du Camp des Milles)<i> il y a beaucoup de traces, de dessins et de peintures dat\u00e9es des p\u00e9riodes d\u2019internement et avant les d\u00e9portations,<\/i> pr\u00e9cise L\u00e9na Casiez, faisant allusion \u00e0 l\u2019ancienne salle des gardiens du camp.<i> Dans ce sens, on a aussi une visite sp\u00e9cifiquement familiale le mercredi, autour des myst\u00e8res de la salle des peintures autour de l\u2019art, la r\u00e9sistance, la libert\u00e9 d\u2019expression.<\/i><i>\u00a0<\/i>\u00bb Toute la programmation estivale du Camp des Milles a \u00e9t\u00e9 pens\u00e9e pour une visite en famille. Et s\u2019inscrit dans un travail de r\u00e9flexion contre les haines et discriminations port\u00e9 par le long terme par la Fondation du Camp des Milles. \u00ab\u00a0<i>On va donc penser des actions de sensibilisation qui permettent \u00e0 chacun de r\u00e9fl\u00e9chir par lui-m\u00eame d\u2019\u00eatre vigilant face aux indicateurs qu\u2019il va voir dans la soci\u00e9t\u00e9 actuelle (&#8230;) et toutes les activit\u00e9s vont \u00eatre li\u00e9es \u00e0 ces questions<\/i>\u00a0\u00bb, conclut L\u00e9na Casiez. Toutes les informations sont \u00e0 retrouver sur le site du Camp des Milles.<\/p>\n<\/p><\/div>\n","protected":false},"excerpt":{"rendered":"Plusieurs facteurs ont pouss&eacute; au lancement des visites nocturnes du site m&eacute;morial. &agrave; commencer par la canicule. &laquo;&nbsp;Il fait tr&egrave;s chaud en journ&eacute;e, on se dit que les vacanciers qui viennent dans la &#8230;","protected":false},"author":1,"featured_media":36713,"comment_status":"open","ping_status":"open","sticky":false,"template":"","format":"standard","meta":{"footnotes":""},"categories":[3926,3925,20],"tags":[556,2095,336,3391,159,167],"news-destination":[3944],"news-source":[475],"is_homepage":[],"ta_other":[],"class_list":["post-36712","post","type-post","status-publish","format-standard","has-post-thumbnail","hentry","category-accueil-merge","category-accueil-third","category-societe","tag-aix-en-provence","tag-camp-des-milles","tag-ete","tag-nuit","tag-touristes","tag-visites","news-destination-homepage","news-source-website"],"_links":{"self":[{"href":"https:\/\/euapp01.newsmemory.com\/lamarseillaise\/news\/wp-json\/wp\/v2\/posts\/36712","targetHints":{"allow":["GET"]}}],"collection":[{"href":"https:\/\/euapp01.newsmemory.com\/lamarseillaise\/news\/wp-json\/wp\/v2\/posts"}],"about":[{"href":"https:\/\/euapp01.newsmemory.com\/lamarseillaise\/news\/wp-json\/wp\/v2\/types\/post"}],"author":[{"embeddable":true,"href":"https:\/\/euapp01.newsmemory.com\/lamarseillaise\/news\/wp-json\/wp\/v2\/users\/1"}],"replies":[{"embeddable":true,"href":"https:\/\/euapp01.newsmemory.com\/lamarseillaise\/news\/wp-json\/wp\/v2\/comments?post=36712"}],"version-history":[{"count":1,"href":"https:\/\/euapp01.newsmemory.com\/lamarseillaise\/news\/wp-json\/wp\/v2\/posts\/36712\/revisions"}],"predecessor-version":[{"id":36714,"href":"https:\/\/euapp01.newsmemory.com\/lamarseillaise\/news\/wp-json\/wp\/v2\/posts\/36712\/revisions\/36714"}],"wp:featuredmedia":[{"embeddable":true,"href":"https:\/\/euapp01.newsmemory.com\/lamarseillaise\/news\/wp-json\/wp\/v2\/media\/36713"}],"wp:attachment":[{"href":"https:\/\/euapp01.newsmemory.com\/lamarseillaise\/news\/wp-json\/wp\/v2\/media?parent=36712"}],"wp:term":[{"taxonomy":"category","embeddable":true,"href":"https:\/\/euapp01.newsmemory.com\/lamarseillaise\/news\/wp-json\/wp\/v2\/categories?post=36712"},{"taxonomy":"post_tag","embeddable":true,"href":"https:\/\/euapp01.newsmemory.com\/lamarseillaise\/news\/wp-json\/wp\/v2\/tags?post=36712"},{"taxonomy":"news-destination","embeddable":true,"href":"https:\/\/euapp01.newsmemory.com\/lamarseillaise\/news\/wp-json\/wp\/v2\/news-destination?post=36712"},{"taxonomy":"news-source","embeddable":true,"href":"https:\/\/euapp01.newsmemory.com\/lamarseillaise\/news\/wp-json\/wp\/v2\/news-source?post=36712"},{"taxonomy":"is_homepage","embeddable":true,"href":"https:\/\/euapp01.newsmemory.com\/lamarseillaise\/news\/wp-json\/wp\/v2\/is_homepage?post=36712"},{"taxonomy":"ta_other","embeddable":true,"href":"https:\/\/euapp01.newsmemory.com\/lamarseillaise\/news\/wp-json\/wp\/v2\/ta_other?post=36712"}],"curies":[{"name":"wp","href":"https:\/\/api.w.org\/{rel}","templated":true}]}}