{"id":36709,"date":"2026-07-18T12:34:00","date_gmt":"2026-07-18T10:34:00","guid":{"rendered":"https:\/\/euapp01.newsmemory.com\/lamarseillaise\/news\/?p=36709"},"modified":"2026-07-24T07:37:30","modified_gmt":"2026-07-24T05:37:30","slug":"des-jeunes-gerent-leur-propre-entreprise-cet-ete-a-manosque","status":"publish","type":"post","link":"https:\/\/euapp01.newsmemory.com\/lamarseillaise\/news\/2026\/07\/18\/des-jeunes-gerent-leur-propre-entreprise-cet-ete-a-manosque\/","title":{"rendered":"Des jeunes g\u00e8rent leur propre entreprise cet \u00e9t\u00e9 \u00e0 Manosque"},"content":{"rendered":"<div class=\"paragraph\">\n<p>D\u00e9m\u00e9nagements, entretien de jardin, soin des animaux&#8230; Douze jeunes manosquins lancent cet \u00e9t\u00e9 leur propre entreprise et proposent leurs services aux habitants de Manosque et de ses alentours, accompagn\u00e9s par le centre social.<\/p>\n<p>\u00ab\u00a0<i>Les jeunes envoient leurs devis, puis leurs factures. Ils travaillent environ 20<\/i><i>\u00a0<\/i><i>heures par semaine, puis se partagent les b\u00e9n\u00e9fices de l\u2019entreprise apr\u00e8s avoir pay\u00e9 leurs charges, en plus de la bourse au permis de 700<\/i><i>\u00a0<\/i><i>euros<\/i>\u00a0\u00bb, explique la directrice du centre social de Manosque, Emmanuelle Evin.<\/p>\n<p>\u00ab\u00a0<i>Ce sont des jeunes de tous horizons qui collaborent pour ce projet pendant lequel ils vont prendre confiance en eux, se constituer un r\u00e9seau, rencontrer des entreprises et des particuliers. Cela leur permet de passer d\u2019adolescents \u00e0 jeunes adultes, avec la possibilit\u00e9 de valoriser cette exp\u00e9rience sur Parcoursup<\/i>\u00a0\u00bb avance Malik Saadane, conseiller municipal de Manosque en charge de cette coop\u00e9rative jeunesse de services.<\/p>\n<p>Neuf des douze jeunes participants sont issus des quartiers prioritaires de la Ville cette ann\u00e9e, ce qui permet de garantir \u00ab\u00a0<i>l\u2019\u00e9galit\u00e9 des chances<\/i>\u00a0\u00bb, selon Malik Saadane.<\/p>\n<p>\u00ab\u00a0<i>Certaines ann\u00e9es, ils ne gagnent pas grand-chose apr\u00e8s avoir divis\u00e9 les b\u00e9n\u00e9fices par douze. C\u2019est pour cela qu\u2019on a ajout\u00e9 la bourse au permis, ce qui a largement augment\u00e9 le nombre de candidats<\/i>\u00a0\u00bb, explique Nesrine Rahou Guerfi, adjointe au maire de Manosque en charge du centre social. Ils \u00e9taient 81 \u00e0 postuler cette ann\u00e9e.<\/p>\n<p>\u00ab\u00a0<i>C\u2019est une action qui revient cher, car il faut encadrer les jeunes pendant tout un \u00e9t\u00e9 pour s\u2019assurer qu\u2019ils soient dans la l\u00e9galit\u00e9 et la s\u00e9curit\u00e9<\/i>\u00a0\u00bb, avance Emmanuelle Evin. Le centre social peut ainsi compter sur les financements de l\u2019\u00c9tat, de la CAF, de la communaut\u00e9 d\u2019agglom\u00e9ration DLVA et de la mairie de Manosque. Le projet est \u00e9galement parrain\u00e9 par la mission locale et par la coop\u00e9rative d\u2019activit\u00e9 et d\u2019entrepreneurs Mosa\u00efque.<\/p>\n<\/p><\/div>\n<div class=\"intext\"> Une entreprise collaborative\n              <\/div>\n<div class=\"paragraph\">\n<p>La coop\u00e9rative fonctionne comme une vraie entreprise, avec un comit\u00e9 ressources humaines, un comit\u00e9 finances et un comit\u00e9 marketing. Les partenaires du projet confient d\u2019ores et d\u00e9j\u00e0 des missions aux jeunes, comme des distributions de flyers ou des animations de jeux en bois. Chaque ann\u00e9e, de nombreux habitants font appel \u00e0 leurs services de lavage de voiture ou encore de jardinage. \u00ab\u00a0<i>C\u2019est b\u00e9n\u00e9fique pour vous et pour nous<\/i>\u00a0\u00bb, a soulign\u00e9 l\u2019un des jeunes participants vendredi, lors du lancement de la coop\u00e9rative, active du 13\u00a0juillet au 21\u00a0ao\u00fbt.<\/p>\n<p>\u00ab\u00a0<i>Je suis ravie du groupe, ils se sont vite int\u00e9gr\u00e9s et sont tr\u00e8s motiv\u00e9s<\/i>\u00a0\u00bb s\u2019est r\u00e9jouie Aya, l\u2019une des deux accompagnatrices, qui avait elle-m\u00eame particip\u00e9 \u00e0 la premi\u00e8re coop\u00e9rative jeunesse de services (CJS).<\/p>\n<p>Initi\u00e9es au Qu\u00e9bec il y a 30\u00a0ans, les CJS ont \u00e9t\u00e9 exp\u00e9riment\u00e9es pour la premi\u00e8re fois en France en 2013. Il en existe quatre sur la R\u00e9gion Sud, dont celle de Manosque et celle d\u2019Oraison, pour la premi\u00e8re ann\u00e9e.<\/p>\n<\/p><\/div>\n","protected":false},"excerpt":{"rendered":"D&eacute;m&eacute;nagements, entretien de jardin, soin des animaux&#8230; Douze jeunes manosquins lancent cet &eacute;t&eacute; leur propre entreprise et proposent leurs services aux habitants de Manosque et de ses alentours, accompagn&eacute;s par le &#8230;","protected":false},"author":1,"featured_media":36710,"comment_status":"open","ping_status":"open","sticky":false,"template":"","format":"standard","meta":{"footnotes":""},"categories":[3926,3925,20],"tags":[4768,4467,501,3040,118,1225,59,269,194,51,260],"news-destination":[3944],"news-source":[475],"is_homepage":[],"ta_other":[],"class_list":["post-36709","post","type-post","status-publish","format-standard","has-post-thumbnail","hentry","category-accueil-merge","category-accueil-third","category-societe","tag-alpes","tag-alpes-de-haute-provence","tag-centre-social","tag-cooperative","tag-economie","tag-entreprise","tag-jeunes","tag-quartiers-prioritaires","tag-social","tag-societe","tag-solidarite","news-destination-homepage","news-source-website"],"_links":{"self":[{"href":"https:\/\/euapp01.newsmemory.com\/lamarseillaise\/news\/wp-json\/wp\/v2\/posts\/36709","targetHints":{"allow":["GET"]}}],"collection":[{"href":"https:\/\/euapp01.newsmemory.com\/lamarseillaise\/news\/wp-json\/wp\/v2\/posts"}],"about":[{"href":"https:\/\/euapp01.newsmemory.com\/lamarseillaise\/news\/wp-json\/wp\/v2\/types\/post"}],"author":[{"embeddable":true,"href":"https:\/\/euapp01.newsmemory.com\/lamarseillaise\/news\/wp-json\/wp\/v2\/users\/1"}],"replies":[{"embeddable":true,"href":"https:\/\/euapp01.newsmemory.com\/lamarseillaise\/news\/wp-json\/wp\/v2\/comments?post=36709"}],"version-history":[{"count":1,"href":"https:\/\/euapp01.newsmemory.com\/lamarseillaise\/news\/wp-json\/wp\/v2\/posts\/36709\/revisions"}],"predecessor-version":[{"id":36711,"href":"https:\/\/euapp01.newsmemory.com\/lamarseillaise\/news\/wp-json\/wp\/v2\/posts\/36709\/revisions\/36711"}],"wp:featuredmedia":[{"embeddable":true,"href":"https:\/\/euapp01.newsmemory.com\/lamarseillaise\/news\/wp-json\/wp\/v2\/media\/36710"}],"wp:attachment":[{"href":"https:\/\/euapp01.newsmemory.com\/lamarseillaise\/news\/wp-json\/wp\/v2\/media?parent=36709"}],"wp:term":[{"taxonomy":"category","embeddable":true,"href":"https:\/\/euapp01.newsmemory.com\/lamarseillaise\/news\/wp-json\/wp\/v2\/categories?post=36709"},{"taxonomy":"post_tag","embeddable":true,"href":"https:\/\/euapp01.newsmemory.com\/lamarseillaise\/news\/wp-json\/wp\/v2\/tags?post=36709"},{"taxonomy":"news-destination","embeddable":true,"href":"https:\/\/euapp01.newsmemory.com\/lamarseillaise\/news\/wp-json\/wp\/v2\/news-destination?post=36709"},{"taxonomy":"news-source","embeddable":true,"href":"https:\/\/euapp01.newsmemory.com\/lamarseillaise\/news\/wp-json\/wp\/v2\/news-source?post=36709"},{"taxonomy":"is_homepage","embeddable":true,"href":"https:\/\/euapp01.newsmemory.com\/lamarseillaise\/news\/wp-json\/wp\/v2\/is_homepage?post=36709"},{"taxonomy":"ta_other","embeddable":true,"href":"https:\/\/euapp01.newsmemory.com\/lamarseillaise\/news\/wp-json\/wp\/v2\/ta_other?post=36709"}],"curies":[{"name":"wp","href":"https:\/\/api.w.org\/{rel}","templated":true}]}}