{"id":36703,"date":"2026-07-18T12:20:00","date_gmt":"2026-07-18T10:20:00","guid":{"rendered":"https:\/\/euapp01.newsmemory.com\/lamarseillaise\/news\/?p=36703"},"modified":"2026-07-24T07:37:30","modified_gmt":"2026-07-24T05:37:30","slug":"des-conteneurs-recyclesen-tremplins-vers-lemploi-a-berre-letang","status":"publish","type":"post","link":"https:\/\/euapp01.newsmemory.com\/lamarseillaise\/news\/2026\/07\/18\/des-conteneurs-recyclesen-tremplins-vers-lemploi-a-berre-letang\/","title":{"rendered":"Des conteneurs recycl\u00e9s en tremplins vers l\u2019emploi \u00e0 Berre-l\u2019Etang"},"content":{"rendered":"<div class=\"paragraph\">\n<p>De loin, ils ressemblent \u00e0 de simples conteneurs maritimes. En s\u2019approchant, les \u00e9quivalents vingt pieds entrepos\u00e9s sur le terrain d\u2019Homeblok sont en r\u00e9alit\u00e9 des bureaux, des logements ou des \u00e9co-habitats. \u00c0 Berre-l\u2019\u00c9tang, les salari\u00e9s de la marque port\u00e9e par LVD Energie ont ainsi construit les vestiaires du stade Roger-Martin.<\/p>\n<p>C\u2019est dans cette unit\u00e9 de la filiale inclusive du Groupe la Varappe que Bernard Cazeneuve, en op\u00e9ration s\u00e9duction dans le d\u00e9partement ce week-end apr\u00e8s avoir publi\u00e9 un texte de 86\u00a0pages dans lequel il d\u00e9taille ses pistes pour redresser le pays, s\u2019est arr\u00eat\u00e9 ce vendredi.<\/p>\n<p>Pour parler avenir industriel, mais surtout saluer le volet insertion de l\u2019entreprise, qui a accompagn\u00e9 plus de 40\u00a0travailleurs en 2025. Actuellement, sur les 22 salari\u00e9s qui font tourner le site, la moiti\u00e9 sont en contrat d\u2019insertion. Pour l\u2019ancien Premier ministre de Fran\u00e7ois Hollande, \u00ab\u00a0<i>faire passer l\u2019insertion de la marge \u00e0 la norme, c\u2019est cr\u00e9er la possibilit\u00e9 pour chacun d\u2019avoir accept\u00e9 d\u2019avoir acc\u00e8s au travail<\/i><i>\u00a0<\/i>\u00bb. Et de saluer : \u00ab\u00a0<i>Cette entreprise est embl\u00e9matique de ce qui marche dans les territoires. (&#8230;) L\u2019objectif c\u2019est d\u2019aller chercher des citoyens tr\u00e8s loin du monde du travail, de les familiariser \u00e0 l\u2019apprentissage d\u2019un m\u00e9tier et de leur donner l\u2019amour de la profession. Ce qui m\u2019a marqu\u00e9 ici c\u2019est qu\u2019il y a une v\u00e9ritable passion de l\u2019objet fabriqu\u00e9, une v\u00e9ritable fiert\u00e9 de l\u2019engagement. Tout \u00e7a est un facteur de d\u00e9veloppement \u00e9conomique mais aussi d\u2019\u00e9panouissement individuel.<\/i>\u00a0\u00bb<\/p>\n<\/p><\/div>\n<div class=\"intext\"> Un ancrage territorial\n              <\/div>\n<div class=\"paragraph\">\n<p>Lucas a int\u00e9gr\u00e9 les \u00e9quipes d\u2019Homeblok en contrat d\u2019insertion il y a huit mois. Lui qui n\u2019avait pas de \u00ab<i>\u00a0<\/i><i>m\u00e9tier de r\u00eave<\/i><i>\u00a0<\/i>\u00bb et arrivait \u00ab\u00a0<i>sans attente<\/i>\u00a0\u00bb a trouv\u00e9 sa vocation. \u00ab\u00a0<i>Je ne connaissais rien de la soudure en arrivant ici et \u00e7a m\u2019a directement plu. Je me vois plus faire autre chose. Ce que j\u2019aime c\u2019est pouvoir transformer, rendre les choses habitables, voir ce que je produis et l\u2019avancement de mon travail.<\/i>\u00a0\u00bb<\/p>\n<p>Salim Berrada, le chef de site, a aussi trouv\u00e9 sa voie gr\u00e2ce \u00e0 la filiale inclusive. \u00ab\u00a0<i>Je suis rest\u00e9 trois ans en insertion, je n\u2019avais pas de dipl\u00f4me, je suis parti de z\u00e9ro et j\u2019ai pu \u00e9voluer avec le temps. \u00c7a prouve que quand on veut on peut, m\u00eame si j\u2019ai peut-\u00eatre aussi eu une bonne \u00e9toile<\/i>.\u00a0\u00bb Apr\u00e8s avoir \u00e9t\u00e9 militaire, int\u00e9rimaire, pizza\u00efolo, \u00e9quipier McDo, agent de s\u00e9curit\u00e9, le trentenaire a trouv\u00e9 une stabilit\u00e9 dans un emploi de manager qui l\u2019\u00e9panouit.<\/p>\n<p>Pour lui, Homeblok est un bon outil professionnel. \u00ab\u00a0<i>On propose de d\u00e9couvrir tous les m\u00e9tiers de la construction, de la menuiserie \u00e0 la plomberie en passant par l\u2019isolation, l\u2019\u00e9tanch\u00e9it\u00e9, l\u2019\u00e9lectricit\u00e9&#8230; C\u2019est tr\u00e8s polyvalent.<\/i><i>\u00a0<\/i>\u00bb Mais Salim Berrada pointe surtout l\u2019aspect social de la structure. \u00ab\u00a0<i>On est une \u00e9quipe, on s\u2019entraide. Ici, on a tous un pass\u00e9, on s\u2019ouvre, il y a une confiance totale et \u00e7a nous lib\u00e8re un peu<\/i>.\u00a0\u00bb<\/p>\n<p>Pour le pr\u00e9sident d\u2019Homeblok Laurent La\u00efk, tout l\u2019enjeu des ann\u00e9es \u00e0 venir pour la filiale de la Varappe r\u00e9side dans son ancrage dans le territoire. \u00ab\u00a0<i>On est en plein c\u0153ur de tout le d\u00e9veloppement pressenti, on a le double volet d\u2019accompagner \u00e9conomiquement les entreprises en offrant par exemple des logements temporaires pour les gens qui vont arriver, mais aussi en proposant des candidats par rapport aux emplois qui vont \u00eatre cr\u00e9\u00e9s demain. On consid\u00e8re que chacun doit trouver sa place mais doit jouer son r\u00f4le dans la soci\u00e9t\u00e9<\/i>.\u00a0\u00bb<\/p>\n<\/p><\/div>\n","protected":false},"excerpt":{"rendered":"De loin, ils ressemblent &agrave; de simples conteneurs maritimes. En s&rsquo;approchant, les &eacute;quivalents vingt pieds entrepos&eacute;s sur le terrain d&rsquo;Homeblok sont en r&eacute;alit&eacute; des bureaux, des logements ou des &#8230;","protected":false},"author":1,"featured_media":36704,"comment_status":"open","ping_status":"open","sticky":false,"template":"","format":"standard","meta":{"footnotes":""},"categories":[3926,3925,331],"tags":[987,6110,530,10,302,486,1120,489,445,4453,962,910],"news-destination":[3944],"news-source":[475],"is_homepage":[],"ta_other":[],"class_list":["post-36703","post","type-post","status-publish","format-standard","has-post-thumbnail","hentry","category-accueil-merge","category-accueil-third","category-social","tag-987","tag-bernard-cazeneuve","tag-berre-letang","tag-bouches-du-rhone","tag-emploi","tag-entreprises","tag-insertion","tag-logements","tag-metiers","tag-monde-du-travail","tag-salaries","tag-travailleurs","news-destination-homepage","news-source-website"],"_links":{"self":[{"href":"https:\/\/euapp01.newsmemory.com\/lamarseillaise\/news\/wp-json\/wp\/v2\/posts\/36703","targetHints":{"allow":["GET"]}}],"collection":[{"href":"https:\/\/euapp01.newsmemory.com\/lamarseillaise\/news\/wp-json\/wp\/v2\/posts"}],"about":[{"href":"https:\/\/euapp01.newsmemory.com\/lamarseillaise\/news\/wp-json\/wp\/v2\/types\/post"}],"author":[{"embeddable":true,"href":"https:\/\/euapp01.newsmemory.com\/lamarseillaise\/news\/wp-json\/wp\/v2\/users\/1"}],"replies":[{"embeddable":true,"href":"https:\/\/euapp01.newsmemory.com\/lamarseillaise\/news\/wp-json\/wp\/v2\/comments?post=36703"}],"version-history":[{"count":2,"href":"https:\/\/euapp01.newsmemory.com\/lamarseillaise\/news\/wp-json\/wp\/v2\/posts\/36703\/revisions"}],"predecessor-version":[{"id":36744,"href":"https:\/\/euapp01.newsmemory.com\/lamarseillaise\/news\/wp-json\/wp\/v2\/posts\/36703\/revisions\/36744"}],"wp:featuredmedia":[{"embeddable":true,"href":"https:\/\/euapp01.newsmemory.com\/lamarseillaise\/news\/wp-json\/wp\/v2\/media\/36704"}],"wp:attachment":[{"href":"https:\/\/euapp01.newsmemory.com\/lamarseillaise\/news\/wp-json\/wp\/v2\/media?parent=36703"}],"wp:term":[{"taxonomy":"category","embeddable":true,"href":"https:\/\/euapp01.newsmemory.com\/lamarseillaise\/news\/wp-json\/wp\/v2\/categories?post=36703"},{"taxonomy":"post_tag","embeddable":true,"href":"https:\/\/euapp01.newsmemory.com\/lamarseillaise\/news\/wp-json\/wp\/v2\/tags?post=36703"},{"taxonomy":"news-destination","embeddable":true,"href":"https:\/\/euapp01.newsmemory.com\/lamarseillaise\/news\/wp-json\/wp\/v2\/news-destination?post=36703"},{"taxonomy":"news-source","embeddable":true,"href":"https:\/\/euapp01.newsmemory.com\/lamarseillaise\/news\/wp-json\/wp\/v2\/news-source?post=36703"},{"taxonomy":"is_homepage","embeddable":true,"href":"https:\/\/euapp01.newsmemory.com\/lamarseillaise\/news\/wp-json\/wp\/v2\/is_homepage?post=36703"},{"taxonomy":"ta_other","embeddable":true,"href":"https:\/\/euapp01.newsmemory.com\/lamarseillaise\/news\/wp-json\/wp\/v2\/ta_other?post=36703"}],"curies":[{"name":"wp","href":"https:\/\/api.w.org\/{rel}","templated":true}]}}