{"id":36700,"date":"2026-07-18T12:20:01","date_gmt":"2026-07-18T10:20:01","guid":{"rendered":"https:\/\/euapp01.newsmemory.com\/lamarseillaise\/news\/?p=36700"},"modified":"2026-07-24T07:24:07","modified_gmt":"2026-07-24T05:24:07","slug":"arles-la-cgt-ne-lachera-pas-ses-locaux-de-la-bourse-du-travail","status":"publish","type":"post","link":"https:\/\/euapp01.newsmemory.com\/lamarseillaise\/news\/2026\/07\/18\/arles-la-cgt-ne-lachera-pas-ses-locaux-de-la-bourse-du-travail\/","title":{"rendered":"Arles, la CGT ne l\u00e2chera pas ses locaux de la Bourse du travail"},"content":{"rendered":"<div class=\"paragraph\">\n<p>Le bras de fer entre la municipalit\u00e9 arl\u00e9sienne et l\u2019Union locale de la CGT d\u2019Arles n\u2019en a pas fini. \u00ab\u00a0<i>La CGT ne se laissera pas expulser de la Bourse du travail d\u2019Arles<\/i><i>\u00a0<\/i><i>!<\/i>\u00a0\u00bb, d\u00e9fend la conf\u00e9d\u00e9ration nationale ce jeudi dans un communiqu\u00e9 de presse, alors que le tribunal administratif de Marseille a rendu sa d\u00e9cision dans le litige le 9\u00a0juillet.<\/p>\n<p>L\u2019institution judiciaire confirme dans sa d\u00e9cision la l\u00e9galit\u00e9 de l\u2019action de la municipalit\u00e9 et exige que l\u2019union locale de la CGT lib\u00e8re les locaux. Le litige d\u00e9bute en 2023, lorsque le maire (Horizons) de la ville, Patrick de Carolis fait savoir au syndicat sa volont\u00e9 de ne pas renouveler la convention d\u2019occupation qui prenait fin 2024. L\u2019objectif de l\u2019\u00e9dile est d\u2019y implanter un nouvel office de tourisme dans ce b\u00e2timent public.<\/p>\n<p>L\u2019activit\u00e9 syndicale serait maintenue dans les locaux, mais limit\u00e9e \u00e0 \u00ab\u00a0<i>deux salles sans fen\u00eatres de 11<\/i><i>\u00a0<\/i><i>m<\/i><i><sup>2<\/sup><\/i><i>\u00a0<\/i>\u00bb alors qu\u2019ils ont actuellement \u00ab\u00a0<i>sept bureaux pleinement occup\u00e9s<\/i>\u00a0\u00bb, indique leur communiqu\u00e9. Le syndicat d\u00e9nonce une volont\u00e9 du maire d\u2019\u00ab\u00a0<i>invisibiliser et r\u00e9duire le r\u00f4le et le rayonnement de la CGT sur la localit\u00e9<\/i>\u00a0\u00bb, alors que l\u2019organisation occupe la Bourse du travail depuis 126\u00a0ans.<\/p>\n<p>Pour la CGT, la d\u00e9cision du tribunal administratif \u00ab\u00a0<i>si elle est maintenue en appel aurait de lourdes cons\u00e9quences, pour le syndicat mais aussi pour les salari\u00e9s et les Arl\u00e9siens<\/i><i>\u00a0<\/i>\u00bb, indique-t-elle dans son communiqu\u00e9 de presse.<\/p>\n<p>Sur Facebook, Patrick de Carolis se f\u00e9licite, lui, de cet arbitrage. \u00ab<i>\u00a0<\/i><i>C<\/i><i>ette d\u00e9cision permet enfin \u00e0 la Ville d\u2019Arles de poursuivre sereinement son projet de requalification de la Bourse du travail, avec l\u2019installation du futur office de tourisme. Je prends acte du verdict avec satisfaction et veillerai \u00e0 la bonne ex\u00e9cution de ces d\u00e9cisions de justice.<\/i>\u00a0\u00bb<\/p>\n<\/p><\/div>\n<div class=\"intext\"> Sanctuariser<br \/>\n               <br \/>les Bourses du travail\n              <\/div>\n<div class=\"paragraph\">\n<p>De son c\u00f4t\u00e9 l\u2019opposition municipale \u00ab\u00a0Union pour Arles\u00a0\u00bb ayant pour chef de file Nicolas Koukas (PCF), rappelle que le tribunal n\u2019a statu\u00e9 que sur le litige, et affirme \u00ab\u00a0<i>que le d\u00e9bat politique demeure entier<\/i>\u00a0\u00bb. Ils affirment que le choix de la Bourse du travail comme nouveau lieu pour l\u2019office de touriste constitue un choix politique \u00ab\u00a0<i>assum\u00e9, poursuivi et revendiqu\u00e9<\/i>\u00a0\u00bb. Elle rappelle que ce lieu est charg\u00e9 de \u00ab<i>\u00a0<\/i><i>l\u2019histoire ouvri\u00e8re, de dialogue social et de conqu\u00eates d\u00e9mocratiques. [&#8230;] Patrick de Carolis a choisi d\u2019effacer cette dimension historique pour imposer sa propre vision<\/i>\u00a0\u00bb.<\/p>\n<p>Un cas de moins en moins isol\u00e9 en France. <span class=\"mln_uppercase_mln\">\u00e0<\/span> Carcassonne, dans l\u2019Aude, le maire (RN) Christophe Barth\u00e8s a \u00e9galement annonc\u00e9 le retrait de l\u2019usage des locaux municipaux \u00e0 quatre organisations de salari\u00e9s dont la CGT.<\/p>\n<p><span class=\"mln_uppercase_mln\">\u00e0<\/span> quelques mois de la pr\u00e9sidentielle o\u00f9 le Rassemblement national est aux portes du pouvoir, l\u2019organisation syndicale alerte sur ces man\u0153uvres et exige \u00ab\u00a0<i>une sanctuarisation des Bourses du travail et la s\u00e9curisation des locaux<\/i><i>\u00a0<\/i>\u00bb.<\/p>\n<\/p><\/div>\n","protected":false},"excerpt":{"rendered":"Le bras de fer entre la municipalit&eacute; arl&eacute;sienne et l&rsquo;Union locale de la CGT d&rsquo;Arles n&rsquo;en a pas fini. &laquo;&nbsp;La CGT ne se laissera pas expulser de la Bourse du travail d&rsquo;Arles&nbsp;!&nbsp;&raquo;, &#8230;","protected":false},"author":1,"featured_media":36701,"comment_status":"open","ping_status":"open","sticky":false,"template":"","format":"standard","meta":{"footnotes":""},"categories":[3926,3925,331],"tags":[10,1760,113,3322,16,790],"news-destination":[3944],"news-source":[475],"is_homepage":[],"ta_other":[],"class_list":["post-36700","post","type-post","status-publish","format-standard","has-post-thumbnail","hentry","category-accueil-merge","category-accueil-third","category-social","tag-bouches-du-rhone","tag-bourse-du-travail","tag-cgt","tag-dialogue","tag-marseille","tag-tribunal-administratif","news-destination-homepage","news-source-website"],"_links":{"self":[{"href":"https:\/\/euapp01.newsmemory.com\/lamarseillaise\/news\/wp-json\/wp\/v2\/posts\/36700","targetHints":{"allow":["GET"]}}],"collection":[{"href":"https:\/\/euapp01.newsmemory.com\/lamarseillaise\/news\/wp-json\/wp\/v2\/posts"}],"about":[{"href":"https:\/\/euapp01.newsmemory.com\/lamarseillaise\/news\/wp-json\/wp\/v2\/types\/post"}],"author":[{"embeddable":true,"href":"https:\/\/euapp01.newsmemory.com\/lamarseillaise\/news\/wp-json\/wp\/v2\/users\/1"}],"replies":[{"embeddable":true,"href":"https:\/\/euapp01.newsmemory.com\/lamarseillaise\/news\/wp-json\/wp\/v2\/comments?post=36700"}],"version-history":[{"count":1,"href":"https:\/\/euapp01.newsmemory.com\/lamarseillaise\/news\/wp-json\/wp\/v2\/posts\/36700\/revisions"}],"predecessor-version":[{"id":36702,"href":"https:\/\/euapp01.newsmemory.com\/lamarseillaise\/news\/wp-json\/wp\/v2\/posts\/36700\/revisions\/36702"}],"wp:featuredmedia":[{"embeddable":true,"href":"https:\/\/euapp01.newsmemory.com\/lamarseillaise\/news\/wp-json\/wp\/v2\/media\/36701"}],"wp:attachment":[{"href":"https:\/\/euapp01.newsmemory.com\/lamarseillaise\/news\/wp-json\/wp\/v2\/media?parent=36700"}],"wp:term":[{"taxonomy":"category","embeddable":true,"href":"https:\/\/euapp01.newsmemory.com\/lamarseillaise\/news\/wp-json\/wp\/v2\/categories?post=36700"},{"taxonomy":"post_tag","embeddable":true,"href":"https:\/\/euapp01.newsmemory.com\/lamarseillaise\/news\/wp-json\/wp\/v2\/tags?post=36700"},{"taxonomy":"news-destination","embeddable":true,"href":"https:\/\/euapp01.newsmemory.com\/lamarseillaise\/news\/wp-json\/wp\/v2\/news-destination?post=36700"},{"taxonomy":"news-source","embeddable":true,"href":"https:\/\/euapp01.newsmemory.com\/lamarseillaise\/news\/wp-json\/wp\/v2\/news-source?post=36700"},{"taxonomy":"is_homepage","embeddable":true,"href":"https:\/\/euapp01.newsmemory.com\/lamarseillaise\/news\/wp-json\/wp\/v2\/is_homepage?post=36700"},{"taxonomy":"ta_other","embeddable":true,"href":"https:\/\/euapp01.newsmemory.com\/lamarseillaise\/news\/wp-json\/wp\/v2\/ta_other?post=36700"}],"curies":[{"name":"wp","href":"https:\/\/api.w.org\/{rel}","templated":true}]}}