{"id":36697,"date":"2026-07-18T12:29:00","date_gmt":"2026-07-18T10:29:00","guid":{"rendered":"https:\/\/euapp01.newsmemory.com\/lamarseillaise\/news\/?p=36697"},"modified":"2026-07-24T07:37:30","modified_gmt":"2026-07-24T05:37:30","slug":"avignon-la-piscine-pierre-reyne-en-plein-remous","status":"publish","type":"post","link":"https:\/\/euapp01.newsmemory.com\/lamarseillaise\/news\/2026\/07\/18\/avignon-la-piscine-pierre-reyne-en-plein-remous\/","title":{"rendered":"Avignon, la piscine Pierre-Reyne en plein remous"},"content":{"rendered":"<div class=\"paragraph\">\n<p>Le Grand bain \u00e0 Pierre-Reyne, ce n\u2019est pas pour demain. <a rel=\"noopener noreferrer\" href=\"https:\/\/www.lamarseillaise.fr\/societe\/plongee-dans-le-chantier-de-renovation-de-la-piscine-reyne-a-avignon-IO19605278\" target=\"_blank\">Ferm\u00e9e pour travaux depuis avril 2025, la piscine du centre-ville devrait \u00eatre pr\u00eate \u00e0 la fin ao\u00fbt<\/a>. Mais on imagine mal Olivier Galzi, maire (DVD) et C\u00e9cile Helle (PS), qui l\u2019a pr\u00e9c\u00e9d\u00e9 et a initi\u00e9 le chantier, se lancer dans un ballet aquatique commun le jour de la r\u00e9ouverture. Une date encore inconnue \u00e0 ce stade. \u00ab\u00a0<i>L<\/i><i>es cr\u00e9dits n\u00e9cessaires \u00e0 son fonctionnement (personnel, entretien, \u00e9nergie, etc.) n\u2019ont pas \u00e9t\u00e9 inscrits au budget par l\u2019ancienne \u00e9quipe municipale<\/i><i>\u00a0<\/i>\u00bb, nous r\u00e9pond, \u00e0 nouveau, la Ville. En pr\u00e9cisant que \u00ab\u00a0<i>le rejet du compte administratif par le conseil municipal emp\u00eache, pour l\u2019instant, l\u2019adoption d\u2019un budget suppl\u00e9mentaire qui permettrait de couvrir ces besoins<\/i><i>\u00a0<\/i>\u00bb.<\/p>\n<p>Ce budget suppl\u00e9mentaire pourrait se faire au mieux lors du prochain conseil municipal fix\u00e9 le 24\u00a0septembre. Resterait ensuite \u00e0 faire fonctionner cette piscine, dont la fr\u00e9quence est soumise au bon vouloir de la majorit\u00e9 et des marges de man\u0153uvre financi\u00e8res qu\u2019elle souhaite y donner. Car, bien malgr\u00e9 elle, la piscine Pierre-Reyne est devenue, aux yeux d\u2019Olivier Galzi, un des symboles d\u2019une <i>\u00ab<\/i><i>\u00a0<\/i><i>gestion absolument irresponsable<\/i><i>\u00a0<\/i>\u00bb. Le bassin mitoyen de la cit\u00e9 scolaire Mistral a \u00e9t\u00e9 cit\u00e9 plusieurs fois par le maire dans son chapelet <a rel=\"noopener noreferrer\" href=\"https:\/\/www.lamarseillaise.fr\/politique\/la-situation-chaotique-des-finances-met-presque-ko-la-ville-d-avignon-OC20440583\" target=\"_blank\">d\u2019exemples pour taper fort sur l\u2019\u00e9tat des finances laiss\u00e9 par la pr\u00e9c\u00e9dente majorit\u00e9<\/a>\u00a0: \u00ab\u00a0<i>On a mis 3,4<\/i><i>\u00a0<\/i><i>millions d\u2019euros pour la r\u00e9habiliter, tr\u00e8s bien, pas de probl\u00e8me. Mais qu\u2019est-ce qui est pr\u00e9vu en fonctionnement<\/i><i>\u00a0<\/i><i>? Z\u00e9ro. On n\u2019a pas un sou pour payer l\u2019\u00e9lectricit\u00e9, l\u2019eau, le chauffage, un mec pour surveiller le bassin.<\/i><i>\u00a0<\/i>\u00bb<\/p>\n<p>Une accusation dont s\u2019est<a rel=\"noopener noreferrer\" href=\"https:\/\/www.lamarseillaise.fr\/politique\/entretien-cecile-helle-je-suis-surprise-l-attaque-du-maire-est-extremement-violente-HD20450142\" target=\"_blank\"> d\u00e9douan\u00e9e l\u2019ancienne maire, C\u00e9cile Helle, dans nos colonnes<\/a>. \u00ab\u00a0<i>On avait bien pr\u00e9cis\u00e9 que le budget primitif pr\u00e9sent\u00e9 en d\u00e9cembre offrait un cadre global avec les grandes orientations<\/i>, rappelait-elle. <i>J\u2019assume le budget sur le premier trimestre, mais pas la suite. Vu que la piscine allait rouvrir au plus tard en septembre, c\u2019est au nouveau maire de calibrer la d\u00e9pense de fonctionnement qui est li\u00e9e \u00e0 la r\u00e9ouverture de cet \u00e9quipement.<\/i><i>\u00a0<\/i>\u00bb L\u2019ex-\u00e9dile pr\u00e9cisait alors que plusieurs sc\u00e9narios de fonctionnement global des bassins municipaux \u00e9taient \u00e9tablis et budg\u00e9t\u00e9s avec des versions a minima et a maxima. Libre ensuite au maire de trancher.<\/p>\n<\/p><\/div>\n<div class=\"intext\"> Des budgets toujours mall\u00e9ables sur l\u2019ann\u00e9e\n              <\/div>\n<div class=\"paragraph\">\n<p>En f\u00e9vrier, lors d\u2019une visite de chantier, C\u00e9cile Helle livrait d\u2019ailleurs un message proph\u00e9tique, en valorisant son bilan sur les piscines qui ont toutes fait l\u2019objet d\u2019une vaste r\u00e9habilitation, de m\u00eame que le stade nautique\u00a0: \u00ab\u00a0<i>J\u2019esp\u00e8re que l\u2019\u00e9quipe qui arrivera sera dans la m\u00eame gestion que nous, m\u00eame si cela n\u00e9cessitera un haut fonctionnement soutenable.<\/i><i>\u00a0<\/i>\u00bb Entre les fortes accusations d\u2019Olivier Galzi et les d\u00e9mentis apport\u00e9s par C\u00e9cile Helle, la r\u00e9alit\u00e9 est bien moins binaire. Et ce \u00e0 la lecture des deux derniers budgets annexes des activit\u00e9s aquatiques. Ces outils donnent une somme globale, ventil\u00e9e sur plusieurs postes de d\u00e9penses, mais ne fixent pas au centime pr\u00e8s une ligne d\u00e9di\u00e9e au co\u00fbt de chaque ma\u00eetre-nageur dans telle ou telle piscine.<\/p>\n<p>Si l\u2019on reprend le budget 2025 de fonctionnement, 2,51\u00a0millions d\u2019euros \u00e9taient pr\u00e9vus au titre de la gestion des 4\u00a0piscines (hors stade nautique). \u00ab\u00a0<i>Ces d\u00e9penses int\u00e8grent les frais courants et r\u00e9currents indispensables aux activit\u00e9s aquatiques (eau, \u00e9nergie, personnel)<\/i><i>\u00a0<\/i>\u00bb, pr\u00e9cise la Ville. Un an plus tard, pour le budget 2026, cette somme est quasi similaire \u00e0 2,59\u00a0millions d\u2019euros. Dans le d\u00e9tail, on constate toutefois une forte baisse sur le volet \u00e9nergie\/\u00e9lectricit\u00e9, qui passe de 1\u00a0million d\u2019euros \u00e0 426\u00a0000\u00a0euros. Sur une autre ligne, les charges de personnels progressent un peu, en un an, de 3,26 \u00e0 3,37\u00a0millions d\u2019euros.<\/p>\n<p>Il faut pr\u00e9ciser que ces budgets sont vot\u00e9s en d\u00e9cembre sur la base de pr\u00e9visions et font l\u2019objet de plusieurs ajustements classiques, comme le sugg\u00e9rait C\u00e9cile Helle. Par exemple, sur le million d\u2019euros finalement budg\u00e9t\u00e9 pour l\u2019\u00e9nergie\/\u00e9lectricit\u00e9, seuls 706\u00a0000\u00a0euros avaient initialement \u00e9t\u00e9 provisionn\u00e9s. Le budget d\u2019une Ville, c\u2019est un peu comme celui d\u2019un m\u00e9nage\u00a0: pr\u00e9visions, gestion d\u2019impr\u00e9vus et surtout choix politiques.<\/p>\n<\/p><\/div>\n","protected":false},"excerpt":{"rendered":"Le Grand bain &agrave; Pierre-Reyne, ce n&rsquo;est pas pour demain. Ferm&eacute;e pour travaux depuis avril 2025, la piscine du centre-ville devrait &ecirc;tre pr&ecirc;te &agrave; la fin ao&ucirc;t. Mais on imagine mal Olivier Galzi, maire (DVD) &#8230;","protected":false},"author":1,"featured_media":36698,"comment_status":"open","ping_status":"open","sticky":false,"template":"","format":"standard","meta":{"footnotes":""},"categories":[3926,3925,330],"tags":[174,672,166,171],"news-destination":[3944],"news-source":[475],"is_homepage":[],"ta_other":[],"class_list":["post-36697","post","type-post","status-publish","format-standard","has-post-thumbnail","hentry","category-accueil-merge","category-accueil-third","category-politique","tag-avignon","tag-piscine","tag-travaux","tag-vaucluse","news-destination-homepage","news-source-website"],"_links":{"self":[{"href":"https:\/\/euapp01.newsmemory.com\/lamarseillaise\/news\/wp-json\/wp\/v2\/posts\/36697","targetHints":{"allow":["GET"]}}],"collection":[{"href":"https:\/\/euapp01.newsmemory.com\/lamarseillaise\/news\/wp-json\/wp\/v2\/posts"}],"about":[{"href":"https:\/\/euapp01.newsmemory.com\/lamarseillaise\/news\/wp-json\/wp\/v2\/types\/post"}],"author":[{"embeddable":true,"href":"https:\/\/euapp01.newsmemory.com\/lamarseillaise\/news\/wp-json\/wp\/v2\/users\/1"}],"replies":[{"embeddable":true,"href":"https:\/\/euapp01.newsmemory.com\/lamarseillaise\/news\/wp-json\/wp\/v2\/comments?post=36697"}],"version-history":[{"count":1,"href":"https:\/\/euapp01.newsmemory.com\/lamarseillaise\/news\/wp-json\/wp\/v2\/posts\/36697\/revisions"}],"predecessor-version":[{"id":36699,"href":"https:\/\/euapp01.newsmemory.com\/lamarseillaise\/news\/wp-json\/wp\/v2\/posts\/36697\/revisions\/36699"}],"wp:featuredmedia":[{"embeddable":true,"href":"https:\/\/euapp01.newsmemory.com\/lamarseillaise\/news\/wp-json\/wp\/v2\/media\/36698"}],"wp:attachment":[{"href":"https:\/\/euapp01.newsmemory.com\/lamarseillaise\/news\/wp-json\/wp\/v2\/media?parent=36697"}],"wp:term":[{"taxonomy":"category","embeddable":true,"href":"https:\/\/euapp01.newsmemory.com\/lamarseillaise\/news\/wp-json\/wp\/v2\/categories?post=36697"},{"taxonomy":"post_tag","embeddable":true,"href":"https:\/\/euapp01.newsmemory.com\/lamarseillaise\/news\/wp-json\/wp\/v2\/tags?post=36697"},{"taxonomy":"news-destination","embeddable":true,"href":"https:\/\/euapp01.newsmemory.com\/lamarseillaise\/news\/wp-json\/wp\/v2\/news-destination?post=36697"},{"taxonomy":"news-source","embeddable":true,"href":"https:\/\/euapp01.newsmemory.com\/lamarseillaise\/news\/wp-json\/wp\/v2\/news-source?post=36697"},{"taxonomy":"is_homepage","embeddable":true,"href":"https:\/\/euapp01.newsmemory.com\/lamarseillaise\/news\/wp-json\/wp\/v2\/is_homepage?post=36697"},{"taxonomy":"ta_other","embeddable":true,"href":"https:\/\/euapp01.newsmemory.com\/lamarseillaise\/news\/wp-json\/wp\/v2\/ta_other?post=36697"}],"curies":[{"name":"wp","href":"https:\/\/api.w.org\/{rel}","templated":true}]}}