{"id":36694,"date":"2026-07-18T12:22:00","date_gmt":"2026-07-18T10:22:00","guid":{"rendered":"https:\/\/euapp01.newsmemory.com\/lamarseillaise\/news\/?p=36694"},"modified":"2026-07-24T07:42:51","modified_gmt":"2026-07-24T05:42:51","slug":"aubagne-un-petit-village-de-la-ceramique-inaugure-en-centre-ville","status":"publish","type":"post","link":"https:\/\/euapp01.newsmemory.com\/lamarseillaise\/news\/2026\/07\/18\/aubagne-un-petit-village-de-la-ceramique-inaugure-en-centre-ville\/","title":{"rendered":"Aubagne, un petit village de la c\u00e9ramique inaugur\u00e9 en centre-ville"},"content":{"rendered":"<div class=\"paragraph\">\n<p>Fra\u00eechement inaugur\u00e9 en cette matin\u00e9e du samedi 18\u00a0juillet, le march\u00e9 d\u2019\u00e9t\u00e9 \u00e0 la c\u00e9ramique et aux santons pr\u00e9sente sa 59<sup>e<\/sup> \u00e9dition dans le bas du cours Foch, en plein centre-ville aubagnais. Port\u00e9 par l\u2019Association des c\u00e9ramistes et santonniers du Pays d\u2019Aubagne et coorganis\u00e9 avec la Ville et l\u2019office de tourisme du Pays d\u2019Aubagne et de l\u2019\u00c9toile, le march\u00e9 est devenu un rendez-vous annuel pour les touristes et les habitants.<\/p>\n<p>Depuis sa cr\u00e9ation en 1968, le march\u00e9 \u00e0 la c\u00e9ramique et aux santons a l\u2019habitude d\u2019occuper la partie haute du cours Foch. Face aux temp\u00e9ratures caniculaires, l\u2019\u00e9v\u00e9nement s\u2019est r\u00e9fugi\u00e9 de l\u2019autre c\u00f4t\u00e9 de la place, \u00e0 l\u2019ombre fra\u00eeche des platanes qui bordent la fontaine. \u00ab<i>\u00a0<\/i><i>C\u2019est un v\u00e9ritable petit village d\u2019artisans<\/i><i>\u00a0<\/i>\u00bb d\u00e9peint Florence Amy, pr\u00e9sidente de l\u2019association organisatrice. \u00ab<i>\u00a0<\/i><i>On ne ferme les portes \u00e0 personne, l\u2019id\u00e9e c\u2019est de repr\u00e9senter tout ce qui se fait dans la r\u00e9gion<\/i><i>\u00a0<\/i>\u00bb, explique-t-elle. Les cinq prochaines semaines, neuf artisans locaux d\u2019horizons et de m\u00e9tiers diff\u00e9rents exposeront dans les barnums, ces \u00ab<i>\u00a0<\/i><i>magasins \u00e0 ciel ouvert<\/i><i>\u00a0<\/i>\u00bb comme les appelle la pr\u00e9sidente. \u00c0 travers les all\u00e9es, les visiteurs pourront d\u00e9couvrir et se procurer des objets divers, qui illustrent la richesse des professions de la fili\u00e8re de l\u2019argile. C\u00e9ramiques utilitaires ou d\u00e9coratives, fa\u00efences traditionnelles, bijoux, santons et cr\u00e8ches proven\u00e7ales : les \u00e9talages sont d\u00e9j\u00e0 pr\u00eats et bien garnis.<\/p>\n<\/p><\/div>\n<div class=\"intext\"> C\u00e9l\u00e9brer et transmettre un h\u00e9ritage artistique local\n              <\/div>\n<div class=\"paragraph\">\n<p>Les cr\u00e9ations color\u00e9es refl\u00e8tent la patte artistique de leur cr\u00e9ateur. Elles laissent entrevoir un aper\u00e7u de la cr\u00e9ation contemporaine, construite \u00e0 partir de techniques qui se transmettent depuis des g\u00e9n\u00e9rations chez les artisans.<\/p>\n<p>L\u2019art de fa\u00e7onner l\u2019argile occupe une place centrale \u00e0 Aubagne. R\u00e9cemment sacr\u00e9e capitale europ\u00e9enne de la c\u00e9ramique, la commune re\u00e7oit tous les deux ans Argilla, le festival international de la c\u00e9ramique, et a r\u00e9cup\u00e9r\u00e9 la gestion de la fili\u00e8re argileuse des mains de la M\u00e9tropole en janvier\u00a02025. Un savoir-faire qui n\u2019est donc plus \u00e0 prouver et que les artisans ont \u00e0 c\u0153ur de transmettre. \u00ab<i>\u00a0<\/i><i>C\u2019est l\u2019ADN de la ville, c\u2019est ce qui fait notre force<\/i><i>\u00a0<\/i>\u00bb<i>,<\/i> appuie Florence Amy qui s\u2019engage toute l\u2019ann\u00e9e pour faire d\u00e9couvrir la tradition du travail de l\u2019argile aux touristes via son association : \u00ab<i>\u00a0<\/i><i>Le travail des santons reste un h\u00e9ritage tr\u00e8s familial, c\u2019est important de faire conna\u00eetre ce m\u00e9tier.<\/i><i>\u00a0<\/i>\u00bb Et pour cela, quoi de mieux que la pratique\u00a0? Ouvert jusqu\u2019\u00e0 21h le vendredi soir, le march\u00e9 fait sa nocturne. Il y proposera des ateliers participatifs* men\u00e9s directement par les exposants, les vendredis 24 et 31\u00a0juillet et les 7, 14 et 21\u00a0ao\u00fbt. Ces animations constitueront des moments de partage et de transmission autour de l\u2019artisanat de l\u2019argile, dont les participants pourront repartir avec leur propre production. \u00ab<i>\u00a0<\/i><i>Les gens se d\u00e9couvrent avec un pinceau, en mettant les mains dans la terre<\/i><i>\u00a0<\/i>\u00bb<i>,<\/i> s\u2019amuse la pr\u00e9sidente qui observe un public familial lors des activit\u00e9s. \u00ab<i>\u00a0<\/i><i>Ce sont de formidables \u00e9changes<\/i><i>\u00a0<\/i>\u00bb ajoute-t-elle, ravie de partager ce patrimoine dans lequel elle baigne depuis l\u2019enfance au sein de la mythique fa\u00efencerie Louis-Sicard, inventrice des cigales en c\u00e9ramique.<\/p>\n<\/p><\/div>\n<div class=\"paragraph\">\n<p><i>*Inscriptions aupr\u00e8s de l\u2019office de tourisme, au tarif de 3 \u20ac par personne et par atelier<\/i><\/p>\n<\/p><\/div>\n","protected":false},"excerpt":{"rendered":"Fra&icirc;chement inaugur&eacute; en cette matin&eacute;e du samedi 18&nbsp;juillet, le march&eacute; d&rsquo;&eacute;t&eacute; &agrave; la c&eacute;ramique et aux santons pr&eacute;sente sa 59e &eacute;dition dans le bas du cours Foch, en plein &#8230;","protected":false},"author":1,"featured_media":36695,"comment_status":"open","ping_status":"open","sticky":false,"template":"","format":"standard","meta":{"footnotes":""},"categories":[3926,3925,20],"tags":[313,1881,493,10,1661,1143,1134,2331],"news-destination":[3944],"news-source":[475],"is_homepage":[],"ta_other":[],"class_list":["post-36694","post","type-post","status-publish","format-standard","has-post-thumbnail","hentry","category-accueil-merge","category-accueil-third","category-societe","tag-art","tag-artisanat","tag-aubagne","tag-bouches-du-rhone","tag-ceramistes","tag-createurs","tag-marche","tag-santons","news-destination-homepage","news-source-website"],"_links":{"self":[{"href":"https:\/\/euapp01.newsmemory.com\/lamarseillaise\/news\/wp-json\/wp\/v2\/posts\/36694","targetHints":{"allow":["GET"]}}],"collection":[{"href":"https:\/\/euapp01.newsmemory.com\/lamarseillaise\/news\/wp-json\/wp\/v2\/posts"}],"about":[{"href":"https:\/\/euapp01.newsmemory.com\/lamarseillaise\/news\/wp-json\/wp\/v2\/types\/post"}],"author":[{"embeddable":true,"href":"https:\/\/euapp01.newsmemory.com\/lamarseillaise\/news\/wp-json\/wp\/v2\/users\/1"}],"replies":[{"embeddable":true,"href":"https:\/\/euapp01.newsmemory.com\/lamarseillaise\/news\/wp-json\/wp\/v2\/comments?post=36694"}],"version-history":[{"count":1,"href":"https:\/\/euapp01.newsmemory.com\/lamarseillaise\/news\/wp-json\/wp\/v2\/posts\/36694\/revisions"}],"predecessor-version":[{"id":36696,"href":"https:\/\/euapp01.newsmemory.com\/lamarseillaise\/news\/wp-json\/wp\/v2\/posts\/36694\/revisions\/36696"}],"wp:featuredmedia":[{"embeddable":true,"href":"https:\/\/euapp01.newsmemory.com\/lamarseillaise\/news\/wp-json\/wp\/v2\/media\/36695"}],"wp:attachment":[{"href":"https:\/\/euapp01.newsmemory.com\/lamarseillaise\/news\/wp-json\/wp\/v2\/media?parent=36694"}],"wp:term":[{"taxonomy":"category","embeddable":true,"href":"https:\/\/euapp01.newsmemory.com\/lamarseillaise\/news\/wp-json\/wp\/v2\/categories?post=36694"},{"taxonomy":"post_tag","embeddable":true,"href":"https:\/\/euapp01.newsmemory.com\/lamarseillaise\/news\/wp-json\/wp\/v2\/tags?post=36694"},{"taxonomy":"news-destination","embeddable":true,"href":"https:\/\/euapp01.newsmemory.com\/lamarseillaise\/news\/wp-json\/wp\/v2\/news-destination?post=36694"},{"taxonomy":"news-source","embeddable":true,"href":"https:\/\/euapp01.newsmemory.com\/lamarseillaise\/news\/wp-json\/wp\/v2\/news-source?post=36694"},{"taxonomy":"is_homepage","embeddable":true,"href":"https:\/\/euapp01.newsmemory.com\/lamarseillaise\/news\/wp-json\/wp\/v2\/is_homepage?post=36694"},{"taxonomy":"ta_other","embeddable":true,"href":"https:\/\/euapp01.newsmemory.com\/lamarseillaise\/news\/wp-json\/wp\/v2\/ta_other?post=36694"}],"curies":[{"name":"wp","href":"https:\/\/api.w.org\/{rel}","templated":true}]}}