{"id":36691,"date":"2026-07-18T09:09:00","date_gmt":"2026-07-18T07:09:00","guid":{"rendered":"https:\/\/euapp01.newsmemory.com\/lamarseillaise\/news\/?p=36691"},"modified":"2026-07-24T07:24:07","modified_gmt":"2026-07-24T05:24:07","slug":"avignon-la-ville-placee-en-reseau-dalerte-financier","status":"publish","type":"post","link":"https:\/\/euapp01.newsmemory.com\/lamarseillaise\/news\/2026\/07\/18\/avignon-la-ville-placee-en-reseau-dalerte-financier\/","title":{"rendered":"Avignon : la Ville plac\u00e9e en r\u00e9seau d\u2019alerte financier"},"content":{"rendered":"<div class=\"paragraph\">\n<p>Depuis trois semaines, la situation financi\u00e8re de la Ville fait l\u2019objet de t<a rel=\"noopener noreferrer\" href=\"https:\/\/www.lamarseillaise.fr\/politique\/avignon-galzi-accuse-l-ex-majorite-d-avoir-manipule-les-comptes-OE20428732\" target=\"_blank\">ous les commentaires depuis que la nouvelle majorit\u00e9 s\u2019est \u00e9mue du \u00ab<i> champ de ruines<\/i><\/a><i> <\/i>\u00bb laiss\u00e9, selon elle, par C\u00e9cile Helle (PS). Un sujet qui a fortement anim\u00e9 le dernier conseil municipal, \u00e0 la lumi\u00e8re du rapport de la chambre r\u00e9gionale des comptes (CRC<a rel=\"noopener noreferrer\" href=\"https:\/\/www.lamarseillaise.fr\/politique\/entretien-cecile-helle-je-suis-surprise-l-attaque-du-maire-est-extremement-violente-HD20450142\" target=\"_blank\">), poussant m\u00eame l\u2019ex-maire \u00e0 sortir de sa r\u00e9serve. <\/a><\/p>\n<p>En refusant d\u2019adopter le compte administratif, la majorit\u00e9 avait ouvert <a rel=\"noopener noreferrer\" href=\"https:\/\/www.lamarseillaise.fr\/politique\/la-situation-chaotique-des-finances-met-presque-ko-la-ville-d-avignon-OC20440583\" target=\"_blank\">la voie \u00e0 une prise en main par les services de l\u2019\u00c9tat sans aller jusqu\u2019\u00e0 la mise sous tutelle<\/a>. \u00c0 la place, la Ville vient d\u2019\u00eatre plac\u00e9e en r\u00e9seau d\u2019alerte des communes en difficult\u00e9 financi\u00e8re. Le pr\u00e9fet en a inform\u00e9 le maire dans un courrier du 16 juillet, suite \u00e0 deux r\u00e9unions il y a pr\u00e8s de dix jours.<\/p>\n<p>Un dispositif qui, en soit n\u2019a rien d\u2019exceptionnel, o\u00f9 chaque ann\u00e9e des Villes, agglo ou d\u00e9partements y entrent et sortent. Reposant sur 4 crit\u00e8res (autofinancement, endettement ou potentiel fiscal), ce r\u00e9seau, cr\u00e9\u00e9 en 1993, est \u00ab <i>un instrument interne \u00e0 l\u2019administration, destin\u00e9 \u00e0 am\u00e9liorer la pr\u00e9vention des difficult\u00e9s de certaines collectivit\u00e9s<\/i> \u00bb. Il d\u00e9montre toutefois une sant\u00e9 financi\u00e8re souffreteuse. \u00ab <i>Depuis plusieurs mois, de nombreux indices d\u2019une d\u00e9gradation de la situation financi\u00e8re de la commune d\u2019Avignon sont apparus. Le r\u00e9tablissement des comptes ne pourra \u00eatre atteint sans le renforcement de la ma\u00eetrise des process comptables et financiers (notamment en mati\u00e8re de d\u00e9pense) et par la r\u00e9gularisation des op\u00e9rations comptables <\/i>\u00bb, indique la pr\u00e9fecture dans une note co-sign\u00e9e avec la direction des finances publiques, et que la municipalit\u00e9 a fait part \u00e0 la presse.<\/p>\n<p>Selon les services de l\u2019\u00c9tat, \u00ab<i> la commune doit contenir ses charges de fonctionnement, en particulier ses charges de personnel et ses charges financi\u00e8res pour retrouver un autofinancement qui doit \u00eatre consacr\u00e9 au remboursement de la dette, qui reste le probl\u00e8me majeur et prioritaire <\/i>\u00bb. En tenant compte des budgets annexes, elle s\u2019\u00e9l\u00e8ve \u00e0 216 millions d\u2019euros. Autre \u00e9cueil aux yeux des finances publiques, la chute de tr\u00e9sorerie (-57 % en deux ans), \u00ab<i> g\u00e9n\u00e9rant des relations compliqu\u00e9es avec les fournisseurs en attente de paiement <\/i>\u00bb. Enfin, un point apporte de l\u2019eau au moulin de la majorit\u00e9 qui avait d\u00e9nonc\u00e9 les nombreuses charges de 2025 qui se retrouvaient sur le budget 2026, \u00ab <i>un montant qui ne semble pas correspondre \u00e0 un niveau sinc\u00e8re des engagements existants de la part d\u2019une commune de cette taille<\/i> \u00bb. Tout en pond\u00e9rant que \u00ab<i> seule la commune peut conna\u00eetre le montant des rattachements \u00e0 effectuer en raison du service fait dont le comptable public, n\u2019a pas, par principe, connaissance <\/i>\u00bb.<\/p>\n<p>Dans ce contexte, pr\u00e9fecture et direction des finances publiques sont aux c\u00f4t\u00e9s de la Ville pour mettre en place <i>\u00ab un plan de redressement <\/i>\u00bb. Dans un communiqu\u00e9, la municipalit\u00e9 se targue d\u2019avoir eu \u00ab<i> raison de refuser de cautionner les comptes de l\u2019ancienne gestion<\/i> \u00bb lors du conseil municipal le 30 juin. Sur un ton moins vindicatif que pr\u00e9c\u00e9demment, la majorit\u00e9 Galzi assure que \u00ab <i>la transparence totale sur l\u2019\u00e9tat r\u00e9el des finances de la ville est et restera la r\u00e8gle, les Avignonnais ne doivent pas payer les errements et la mauvaise gestion de la municipalit\u00e9 pr\u00e9c\u00e9dente<\/i> \u00bb. Qui ne devrait pas manquer de r\u00e9agir.<\/p>\n<\/p><\/div>\n","protected":false},"excerpt":{"rendered":"Depuis trois semaines, la situation financi&egrave;re de la Ville fait l&rsquo;objet de tous les commentaires depuis que la nouvelle majorit&eacute; s&rsquo;est &eacute;mue du &laquo; champ de ruines &raquo; laiss&eacute;, selon elle, par &#8230;","protected":false},"author":1,"featured_media":36692,"comment_status":"open","ping_status":"open","sticky":false,"template":"","format":"standard","meta":{"footnotes":""},"categories":[3926,3925,330],"tags":[495,174,1046,171],"news-destination":[3944],"news-source":[475],"is_homepage":[],"ta_other":[],"class_list":["post-36691","post","type-post","status-publish","format-standard","has-post-thumbnail","hentry","category-accueil-merge","category-accueil-third","category-politique","tag-495","tag-avignon","tag-finances-publiques","tag-vaucluse","news-destination-homepage","news-source-website"],"_links":{"self":[{"href":"https:\/\/euapp01.newsmemory.com\/lamarseillaise\/news\/wp-json\/wp\/v2\/posts\/36691","targetHints":{"allow":["GET"]}}],"collection":[{"href":"https:\/\/euapp01.newsmemory.com\/lamarseillaise\/news\/wp-json\/wp\/v2\/posts"}],"about":[{"href":"https:\/\/euapp01.newsmemory.com\/lamarseillaise\/news\/wp-json\/wp\/v2\/types\/post"}],"author":[{"embeddable":true,"href":"https:\/\/euapp01.newsmemory.com\/lamarseillaise\/news\/wp-json\/wp\/v2\/users\/1"}],"replies":[{"embeddable":true,"href":"https:\/\/euapp01.newsmemory.com\/lamarseillaise\/news\/wp-json\/wp\/v2\/comments?post=36691"}],"version-history":[{"count":1,"href":"https:\/\/euapp01.newsmemory.com\/lamarseillaise\/news\/wp-json\/wp\/v2\/posts\/36691\/revisions"}],"predecessor-version":[{"id":36693,"href":"https:\/\/euapp01.newsmemory.com\/lamarseillaise\/news\/wp-json\/wp\/v2\/posts\/36691\/revisions\/36693"}],"wp:featuredmedia":[{"embeddable":true,"href":"https:\/\/euapp01.newsmemory.com\/lamarseillaise\/news\/wp-json\/wp\/v2\/media\/36692"}],"wp:attachment":[{"href":"https:\/\/euapp01.newsmemory.com\/lamarseillaise\/news\/wp-json\/wp\/v2\/media?parent=36691"}],"wp:term":[{"taxonomy":"category","embeddable":true,"href":"https:\/\/euapp01.newsmemory.com\/lamarseillaise\/news\/wp-json\/wp\/v2\/categories?post=36691"},{"taxonomy":"post_tag","embeddable":true,"href":"https:\/\/euapp01.newsmemory.com\/lamarseillaise\/news\/wp-json\/wp\/v2\/tags?post=36691"},{"taxonomy":"news-destination","embeddable":true,"href":"https:\/\/euapp01.newsmemory.com\/lamarseillaise\/news\/wp-json\/wp\/v2\/news-destination?post=36691"},{"taxonomy":"news-source","embeddable":true,"href":"https:\/\/euapp01.newsmemory.com\/lamarseillaise\/news\/wp-json\/wp\/v2\/news-source?post=36691"},{"taxonomy":"is_homepage","embeddable":true,"href":"https:\/\/euapp01.newsmemory.com\/lamarseillaise\/news\/wp-json\/wp\/v2\/is_homepage?post=36691"},{"taxonomy":"ta_other","embeddable":true,"href":"https:\/\/euapp01.newsmemory.com\/lamarseillaise\/news\/wp-json\/wp\/v2\/ta_other?post=36691"}],"curies":[{"name":"wp","href":"https:\/\/api.w.org\/{rel}","templated":true}]}}