{"id":36688,"date":"2026-07-18T07:15:00","date_gmt":"2026-07-18T05:15:00","guid":{"rendered":"https:\/\/euapp01.newsmemory.com\/lamarseillaise\/news\/?p=36688"},"modified":"2026-07-24T07:11:07","modified_gmt":"2026-07-24T05:11:07","slug":"la-logique-des-marches-a-luniversite-fait-polemique","status":"publish","type":"post","link":"https:\/\/euapp01.newsmemory.com\/lamarseillaise\/news\/2026\/07\/18\/la-logique-des-marches-a-luniversite-fait-polemique\/","title":{"rendered":"La logique des march\u00e9s \u00e0 l\u2019Universit\u00e9 fait pol\u00e9mique"},"content":{"rendered":"<div class=\"paragraph\">\n<p>Le ministre de l\u2019Enseignement sup\u00e9rieur, Philippe Baptiste, a sign\u00e9 jeudi \u00e0 Aix-en-Provence les nouveaux Contrats d\u2019objectifs, de moyens et de performance (COMP) avec les Universit\u00e9s d\u2019Aix-Marseille, Avignon, Toulon et de la C\u00f4te d\u2019Azur. Conclus pour cinq ans, ils sont cens\u00e9s permettre aux \u00e9tablissements de d\u00e9finir leur propre strat\u00e9gie de d\u00e9veloppement en \u00e9change d\u2019engagements aupr\u00e8s de l\u2019\u00c9tat.<\/p>\n<p>Apr\u00e8s la phase de pr\u00e9figuration lanc\u00e9e en 2025, les universit\u00e9s de Nouvelle-Aquitaine et de Provence-Alpes-C\u00f4te d\u2019Azur servent de territoires pilotes avant une g\u00e9n\u00e9ralisation. Pour le gouvernement, il s\u2019agit de donner davantage d\u2019autonomie aux \u00e9tablissements et de fixer des objectifs \u00e0 long terme. Mais sur le terrain, les inqui\u00e9tudes sont nombreuses.<\/p>\n<p>\u00ab\u00a0<i>On met le doigt dans une esp\u00e8ce de confiture et on ne sait pas o\u00f9 on va, ni dans quelles conditions<\/i>\u00a0\u00bb, r\u00e9sume Daniel Sudreau, \u00e9lu CGT au conseil d\u2019administration et au comit\u00e9 social d\u2019administration de l\u2019Universit\u00e9 d\u2019Avignon. Ici comme ailleurs, la CGT et la FSU ont vot\u00e9 contre ce COMP. \u00ab\u00a0<i>Ce qui nous inqui\u00e8te, c\u2019est qu\u2019on est en train de lier le financement des postes \u00e0 des r\u00e9sultats de performance. On dit on vous finance si vous vous r\u00e9organisez, si vous supprimez des postes&#8230; C\u2019est une mauvaise mayonnaise qui se met en place.<\/i><i>\u00a0<\/i>\u00bb<\/p>\n<\/p><\/div>\n<div class=\"intext\"> Logique d\u00e9l\u00e9t\u00e8re\n              <\/div>\n<div class=\"paragraph\">\n<p>Cette m\u00e9fiance s\u2019inscrit dans une critique plus large formul\u00e9e depuis plusieurs mois par la CGT FERC Sup. Le syndicat estime que ces COMP 100\u00a0% constituent une rupture majeure dans le financement des universit\u00e9s. Jusqu\u2019ici, ces contrats ne repr\u00e9sentaient qu\u2019une part marginale des budgets (1\u00a0%). Demain, ils pourraient concerner l\u2019ensemble de la subvention, masse salariale comprise. Pour la CGT, cela traduit une \u00e9volution profonde du r\u00f4le des universit\u00e9s, progressivement transform\u00e9es en op\u00e9rateurs charg\u00e9s d\u2019atteindre des objectifs align\u00e9s sur les priorit\u00e9s gouvernementales et les besoins du patronat.<\/p>\n<p>Pierre Ouzoulias, s\u00e9nateur communiste des Hauts-de-Seine, conteste aussi le discours gouvernemental sur l\u2019autonomie. \u00ab\u00a0<i>C\u2019est une fiction<\/i><i>\u00a0<\/i>\u00bb, affirme-t-il. \u00ab\u00a0<i>L\u2019essentiel du budget d\u2019une universit\u00e9 est consacr\u00e9 \u00e0 la masse salariale et l\u2019\u00c9tat a transf\u00e9r\u00e9 aux universit\u00e9s sans compensation les charges li\u00e9es aux pensions, \u00e0 la mutuelle obligatoire ou encore au glissement vieillesse technicit\u00e9. Le minist\u00e8re ne donne pas plus d\u2019autonomie aux universit\u00e9s, il leur demande juste de g\u00e9rer la p\u00e9nurie<\/i><i>\u00a0<\/i>\u00bb.<\/p>\n<p>Selon lui, le sous-investissement chronique dans l\u2019enseignement sup\u00e9rieur et la recherche fragilise durablement le service public. \u00ab\u00a0<i>La cons\u00e9quence est que le priv\u00e9 capte d\u00e9sormais 25<\/i><i>\u00a0<\/i><i>% des \u00e9tudiants, souvent avec des formations au rabais<\/i><i>\u00a0<\/i>\u00bb, ajoute-t-il.<\/p>\n<p>\u00ab<i>\u00a0<\/i><i>C\u2019est beaucoup de papier et de bureaucratie pour pas grand-chose mais la logique combattue par les organisations syndicales est tout \u00e0 fait d\u00e9l\u00e9t\u00e8re<\/i><i>\u00a0<\/i>\u00bb, abonde le d\u00e9put\u00e9 (Apr\u00e8s) des Bouches-du-Rh\u00f4ne, Hendrik Davi, sp\u00e9cialiste des questions de recherche. \u00ab\u00a0<i>Le probl\u00e8me, c\u2019est que \u00e7a s\u2019ins\u00e8re dans un contexte manag\u00e9rial extr\u00eamement toxique avec un manque de moyens r\u00e9current<\/i><i>\u00a0<\/i><i>\u00bb, <\/i>note celui-ci. \u00ab\u00a0<i>On sort d\u2019une logique de service public o\u00f9 l\u2019\u00c9tat donne des moyens r\u00e9currents par rapport au nombre d\u2019agents.<\/i><i>\u00a0<\/i><i>\u00bb<\/i><\/p>\n<p>Pour l\u2019\u00e9lu marseillais, cette \u00e9volution participe d\u2019un mouvement plus large. \u00ab\u00a0<i>C\u2019est une g\u00e9n\u00e9ralisation de la logique de d\u00e9l\u00e9gation de service public qui permet de faire entrer les op\u00e9rateurs publics dans une logique de march\u00e9 qui pourrait \u00eatre men\u00e9e par des op\u00e9rateurs priv\u00e9s<\/i><i>\u00a0<\/i>\u00bb, explique Hendrik Davi. \u00ab<i>\u00a0<\/i><i>C\u2019est une id\u00e9e compl\u00e8tement g\u00e9n\u00e9ralis\u00e9e depuis une trentaine d\u2019ann\u00e9es dans l\u2019appareil d\u2019\u00c9tat, que la m\u00eame chose peut \u00eatre faite par un op\u00e9rateur priv\u00e9 au public. D\u2019ailleurs, c\u2019est comme \u00e7a que les cliniques priv\u00e9es ont les m\u00eames subventions sur la tarification que les h\u00f4pitaux publics.<\/i>\u00a0\u00bb<\/p>\n<\/p><\/div>\n","protected":false},"excerpt":{"rendered":"Le ministre de l&rsquo;Enseignement sup&eacute;rieur, Philippe Baptiste, a sign&eacute; jeudi &agrave; Aix-en-Provence les nouveaux Contrats d&rsquo;objectifs, de moyens et de performance (COMP) avec les Universit&eacute;s d&rsquo;Aix-Marseille, &#8230;","protected":false},"author":1,"featured_media":36689,"comment_status":"open","ping_status":"open","sticky":false,"template":"","format":"standard","meta":{"footnotes":""},"categories":[3926,3925,20],"tags":[10,113,3930,470,1982,16,6091,1615],"news-destination":[3944],"news-source":[475],"is_homepage":[],"ta_other":[],"class_list":["post-36688","post","type-post","status-publish","format-standard","has-post-thumbnail","hentry","category-accueil-merge","category-accueil-third","category-societe","tag-bouches-du-rhone","tag-cgt","tag-contrats","tag-delegation-de-service-public","tag-hendrik-davi","tag-marseille","tag-pierre-ouzoulias","tag-universite","news-destination-homepage","news-source-website"],"_links":{"self":[{"href":"https:\/\/euapp01.newsmemory.com\/lamarseillaise\/news\/wp-json\/wp\/v2\/posts\/36688","targetHints":{"allow":["GET"]}}],"collection":[{"href":"https:\/\/euapp01.newsmemory.com\/lamarseillaise\/news\/wp-json\/wp\/v2\/posts"}],"about":[{"href":"https:\/\/euapp01.newsmemory.com\/lamarseillaise\/news\/wp-json\/wp\/v2\/types\/post"}],"author":[{"embeddable":true,"href":"https:\/\/euapp01.newsmemory.com\/lamarseillaise\/news\/wp-json\/wp\/v2\/users\/1"}],"replies":[{"embeddable":true,"href":"https:\/\/euapp01.newsmemory.com\/lamarseillaise\/news\/wp-json\/wp\/v2\/comments?post=36688"}],"version-history":[{"count":1,"href":"https:\/\/euapp01.newsmemory.com\/lamarseillaise\/news\/wp-json\/wp\/v2\/posts\/36688\/revisions"}],"predecessor-version":[{"id":36690,"href":"https:\/\/euapp01.newsmemory.com\/lamarseillaise\/news\/wp-json\/wp\/v2\/posts\/36688\/revisions\/36690"}],"wp:featuredmedia":[{"embeddable":true,"href":"https:\/\/euapp01.newsmemory.com\/lamarseillaise\/news\/wp-json\/wp\/v2\/media\/36689"}],"wp:attachment":[{"href":"https:\/\/euapp01.newsmemory.com\/lamarseillaise\/news\/wp-json\/wp\/v2\/media?parent=36688"}],"wp:term":[{"taxonomy":"category","embeddable":true,"href":"https:\/\/euapp01.newsmemory.com\/lamarseillaise\/news\/wp-json\/wp\/v2\/categories?post=36688"},{"taxonomy":"post_tag","embeddable":true,"href":"https:\/\/euapp01.newsmemory.com\/lamarseillaise\/news\/wp-json\/wp\/v2\/tags?post=36688"},{"taxonomy":"news-destination","embeddable":true,"href":"https:\/\/euapp01.newsmemory.com\/lamarseillaise\/news\/wp-json\/wp\/v2\/news-destination?post=36688"},{"taxonomy":"news-source","embeddable":true,"href":"https:\/\/euapp01.newsmemory.com\/lamarseillaise\/news\/wp-json\/wp\/v2\/news-source?post=36688"},{"taxonomy":"is_homepage","embeddable":true,"href":"https:\/\/euapp01.newsmemory.com\/lamarseillaise\/news\/wp-json\/wp\/v2\/is_homepage?post=36688"},{"taxonomy":"ta_other","embeddable":true,"href":"https:\/\/euapp01.newsmemory.com\/lamarseillaise\/news\/wp-json\/wp\/v2\/ta_other?post=36688"}],"curies":[{"name":"wp","href":"https:\/\/api.w.org\/{rel}","templated":true}]}}