{"id":36679,"date":"2026-07-18T07:00:00","date_gmt":"2026-07-18T05:00:00","guid":{"rendered":"https:\/\/euapp01.newsmemory.com\/lamarseillaise\/news\/?p=36679"},"modified":"2026-07-18T13:37:48","modified_gmt":"2026-07-18T11:37:48","slug":"pour-des-vacances-a-moindre-cout-dans-les-alpes","status":"publish","type":"post","link":"https:\/\/euapp01.newsmemory.com\/lamarseillaise\/news\/2026\/07\/18\/pour-des-vacances-a-moindre-cout-dans-les-alpes\/","title":{"rendered":"Pour des vacances \u00e0 moindre co\u00fbt dans les Alpes"},"content":{"rendered":"<div class=\"paragraph\">\n<p>Parmi les centaines de touristes chinois arrivant en car ou en minivan dans les champs de lavande du plateau de Valensole, de nombreux Fran\u00e7ais font le choix de d\u00e9couvrir eux aussi la Provence, une destination plus \u00e9conomique pour eux avec l\u2019augmentation des prix de l\u2019essence, du p\u00e9trole et des billets d\u2019avion.<\/p>\n<p>\u00ab\u00a0<i>C\u2019est s\u00fbr que \u00e7a co\u00fbte moins cher que d\u2019aller \u00e0 l\u2019\u00e9tranger<\/i><i>\u00a0<\/i>\u00bb, avancent Jordane et Jacques, couple originaire de Seine-et-Marne venus d\u00e9couvrir les champs de lavande avec leurs deux enfants, Caroline et Pierre. \u00ab\u00a0<i>Avec le prix de l\u2019essence, on fait attention, on s\u2019adapte au co\u00fbt avec des modifications pour rouler moins cher<\/i><i>\u00a0<\/i>\u00bb, expliquent Audrey et Bruno Da Cruz, un couple d\u2019Alsaciens qui roulent d\u00e9sormais \u00e0 l\u2019\u00e9thanol, beaucoup moins on\u00e9reux. \u00ab\u00a0<i>On est venus en train car cela revient moins cher<\/i><i>\u00a0<\/i>\u00bb, confient Claudine et Patrick, couple venu du Nord de la France. Ils ont rejoint une amie lyonnaise, V\u00e9ronique Boulat, et roulent \u00ab\u00a0<i>\u00e0 cinq dans la voiture<\/i><i>\u00a0<\/i>\u00bb pour \u00e9viter des co\u00fbts suppl\u00e9mentaires.<\/p>\n<p>\u00ab\u00a0<i>On a vu l\u2019augmentation des prix des billets d\u2019avion, \u00e7a pousse \u00e0 rester en France<\/i><i>\u00a0<\/i>\u00bb, regrettent Victoria et Emmanuelle Lampe, deux jeunes s\u0153urs jumelles originaires de Narbonne et de Perpignan. Elles logent dans un Airbnb, ce qui \u00ab\u00a0<i>permet de payer moins cher<\/i><i>\u00a0<\/i>\u00bb. \u00ab\u00a0<i>Avec le prix du carburant, on r\u00e9fl\u00e9chit \u00e0 deux fois avant de partir ailleurs<\/i><i>\u00a0<\/i>\u00bb, explique Val\u00e9rie Cattanea, Marseillaise venue visiter la Maison de la Pistache depuis sa maison secondaire d\u2019Oraison avec son mari Pierre, retrait\u00e9s depuis deux ans. \u00ab\u00a0<i>On pr\u00e9f\u00e8re partir en mars, les prix sont moins \u00e9lev\u00e9s<\/i><i>\u00a0<\/i>\u00bb, avancent Micka\u00ebl Pontier et Marine Graff.<\/p>\n<\/p><\/div>\n","protected":false},"excerpt":{"rendered":"Parmi les centaines de touristes chinois arrivant en car ou en minivan dans les champs de lavande du plateau de Valensole, de nombreux Fran&ccedil;ais font le choix de d&eacute;couvrir eux aussi la Provence, une destination plus &eacute;conomique &#8230;","protected":false},"author":1,"featured_media":36680,"comment_status":"open","ping_status":"open","sticky":false,"template":"","format":"standard","meta":{"footnotes":""},"categories":[3926,3924,20],"tags":[4768,4565,1361],"news-destination":[3944],"news-source":[475],"is_homepage":[],"ta_other":[],"class_list":["post-36679","post","type-post","status-publish","format-standard","has-post-thumbnail","hentry","category-accueil-merge","category-accueil-second","category-societe","tag-alpes","tag-cout-de-la-vie","tag-vacances","news-destination-homepage","news-source-website"],"_links":{"self":[{"href":"https:\/\/euapp01.newsmemory.com\/lamarseillaise\/news\/wp-json\/wp\/v2\/posts\/36679","targetHints":{"allow":["GET"]}}],"collection":[{"href":"https:\/\/euapp01.newsmemory.com\/lamarseillaise\/news\/wp-json\/wp\/v2\/posts"}],"about":[{"href":"https:\/\/euapp01.newsmemory.com\/lamarseillaise\/news\/wp-json\/wp\/v2\/types\/post"}],"author":[{"embeddable":true,"href":"https:\/\/euapp01.newsmemory.com\/lamarseillaise\/news\/wp-json\/wp\/v2\/users\/1"}],"replies":[{"embeddable":true,"href":"https:\/\/euapp01.newsmemory.com\/lamarseillaise\/news\/wp-json\/wp\/v2\/comments?post=36679"}],"version-history":[{"count":1,"href":"https:\/\/euapp01.newsmemory.com\/lamarseillaise\/news\/wp-json\/wp\/v2\/posts\/36679\/revisions"}],"predecessor-version":[{"id":36681,"href":"https:\/\/euapp01.newsmemory.com\/lamarseillaise\/news\/wp-json\/wp\/v2\/posts\/36679\/revisions\/36681"}],"wp:featuredmedia":[{"embeddable":true,"href":"https:\/\/euapp01.newsmemory.com\/lamarseillaise\/news\/wp-json\/wp\/v2\/media\/36680"}],"wp:attachment":[{"href":"https:\/\/euapp01.newsmemory.com\/lamarseillaise\/news\/wp-json\/wp\/v2\/media?parent=36679"}],"wp:term":[{"taxonomy":"category","embeddable":true,"href":"https:\/\/euapp01.newsmemory.com\/lamarseillaise\/news\/wp-json\/wp\/v2\/categories?post=36679"},{"taxonomy":"post_tag","embeddable":true,"href":"https:\/\/euapp01.newsmemory.com\/lamarseillaise\/news\/wp-json\/wp\/v2\/tags?post=36679"},{"taxonomy":"news-destination","embeddable":true,"href":"https:\/\/euapp01.newsmemory.com\/lamarseillaise\/news\/wp-json\/wp\/v2\/news-destination?post=36679"},{"taxonomy":"news-source","embeddable":true,"href":"https:\/\/euapp01.newsmemory.com\/lamarseillaise\/news\/wp-json\/wp\/v2\/news-source?post=36679"},{"taxonomy":"is_homepage","embeddable":true,"href":"https:\/\/euapp01.newsmemory.com\/lamarseillaise\/news\/wp-json\/wp\/v2\/is_homepage?post=36679"},{"taxonomy":"ta_other","embeddable":true,"href":"https:\/\/euapp01.newsmemory.com\/lamarseillaise\/news\/wp-json\/wp\/v2\/ta_other?post=36679"}],"curies":[{"name":"wp","href":"https:\/\/api.w.org\/{rel}","templated":true}]}}