{"id":36676,"date":"2026-07-18T07:03:00","date_gmt":"2026-07-18T05:03:00","guid":{"rendered":"https:\/\/euapp01.newsmemory.com\/lamarseillaise\/news\/?p=36676"},"modified":"2026-07-18T13:37:48","modified_gmt":"2026-07-18T11:37:48","slug":"le-chateau-fort-se-met-a-lheure-medievale","status":"publish","type":"post","link":"https:\/\/euapp01.newsmemory.com\/lamarseillaise\/news\/2026\/07\/18\/le-chateau-fort-se-met-a-lheure-medievale\/","title":{"rendered":"Le ch\u00e2teau fort se met \u00e0 l\u2019heure m\u00e9di\u00e9vale"},"content":{"rendered":"<div class=\"paragraph\">\n<p><b>650 ans d\u2019existence<\/b><\/p>\n<p>Plus qu\u2019une simple f\u00eate sur deux jours, c\u2019est une immersion \u00e0 l\u2019\u00e9poque m\u00e9di\u00e9vale qui est propos\u00e9e au public pour que petits et grands puissent d\u00e9couvrir l\u2019ambiance et la vie quotidienne dans un village de cette \u00e9poque. \u00ab\u00a0<i>Notre village compte 400<\/i><i>\u00a0<\/i><i>habitants, nous n\u2019avons pas beaucoup de patrimoine remarquable alors il est important pour nous de faire vivre ce lieu historique riche d\u2019une histoire incroyable<\/i><i>\u00a0<\/i>\u00bb, ajoute-t-il. \u00ab\u00a0<i>La f\u00eate sera vraiment dans son jus puisque nous avons des documents concernant l\u2019\u00e9difice qui attestent que le ch\u00e2teau fort n\u2019a jamais \u00e9t\u00e9 habit\u00e9, c\u2019est un patrimoine que nous voulons partager avec le plus grand nombre.<\/i><i>\u00a0<\/i>\u00bb Dans son jus, c\u2019est le moins que l\u2019on puisse dire, l\u2019ensemble des 120\u00a0participants qu\u2019ils soient b\u00e9n\u00e9voles ou non seront en tenues m\u00e9di\u00e9vales et les visiteurs pourront \u00e9galement en profiter puisque sur place un pr\u00eat de costumes est propos\u00e9 pour tous les \u00e2ges. C\u00f4t\u00e9 animations, chants, danses ou encore enseignement des arts militaires sont au programme. \u00ab\u00a0<i>Il y aura aussi des jeux pour enfants, des ateliers p\u00e9dagogiques comme de la poterie, des cr\u00e9ations d\u2019\u00e9p\u00e9es et de boucliers&#8230; Le tout avec un objectif ludique et p\u00e9dagogique. Oui on est l\u00e0 pour s\u2019amuser mais aussi pour apprendre des choses<\/i>\u00a0\u00bb, souligne le passionn\u00e9. Et quelle plus belle occasion que cette grande c\u00e9l\u00e9bration pour f\u00eater les 650\u00a0ans d\u2019existence de ce ch\u00e2teau fort dont l\u2019association a \u00e0 c\u0153ur de faire vivre. \u00ab<i>\u00a0<\/i><i>L\u2019ensemble des troupes et artistes pr\u00e9sents viennent de la r\u00e9gion. Sans compter qu\u2019ici il n\u2019y aura rien en rapport avec la soci\u00e9t\u00e9 actuelle tavernes, buvettes et autres \u00e9choppes ne proposeront que des produits d\u2019\u00e9poque dans un cercle vertueux.<\/i>\u00a0\u00bb<\/p>\n<\/p><\/div>\n","protected":false},"excerpt":{"rendered":"650 ans d&rsquo;existencePlus qu&rsquo;une simple f&ecirc;te sur deux jours, c&rsquo;est une immersion &agrave; l&rsquo;&eacute;poque m&eacute;di&eacute;vale qui est propos&eacute;e au public pour que petits et grands puissent d&eacute;couvrir &#8230;","protected":false},"author":1,"featured_media":36677,"comment_status":"open","ping_status":"open","sticky":false,"template":"","format":"standard","meta":{"footnotes":""},"categories":[3926,3924,20],"tags":[329,4290,988,2001],"news-destination":[3944],"news-source":[475],"is_homepage":[],"ta_other":[],"class_list":["post-36676","post","type-post","status-publish","format-standard","has-post-thumbnail","hentry","category-accueil-merge","category-accueil-second","category-societe","tag-festival","tag-medieval","tag-week-end","tag-weekend","news-destination-homepage","news-source-website"],"_links":{"self":[{"href":"https:\/\/euapp01.newsmemory.com\/lamarseillaise\/news\/wp-json\/wp\/v2\/posts\/36676","targetHints":{"allow":["GET"]}}],"collection":[{"href":"https:\/\/euapp01.newsmemory.com\/lamarseillaise\/news\/wp-json\/wp\/v2\/posts"}],"about":[{"href":"https:\/\/euapp01.newsmemory.com\/lamarseillaise\/news\/wp-json\/wp\/v2\/types\/post"}],"author":[{"embeddable":true,"href":"https:\/\/euapp01.newsmemory.com\/lamarseillaise\/news\/wp-json\/wp\/v2\/users\/1"}],"replies":[{"embeddable":true,"href":"https:\/\/euapp01.newsmemory.com\/lamarseillaise\/news\/wp-json\/wp\/v2\/comments?post=36676"}],"version-history":[{"count":1,"href":"https:\/\/euapp01.newsmemory.com\/lamarseillaise\/news\/wp-json\/wp\/v2\/posts\/36676\/revisions"}],"predecessor-version":[{"id":36678,"href":"https:\/\/euapp01.newsmemory.com\/lamarseillaise\/news\/wp-json\/wp\/v2\/posts\/36676\/revisions\/36678"}],"wp:featuredmedia":[{"embeddable":true,"href":"https:\/\/euapp01.newsmemory.com\/lamarseillaise\/news\/wp-json\/wp\/v2\/media\/36677"}],"wp:attachment":[{"href":"https:\/\/euapp01.newsmemory.com\/lamarseillaise\/news\/wp-json\/wp\/v2\/media?parent=36676"}],"wp:term":[{"taxonomy":"category","embeddable":true,"href":"https:\/\/euapp01.newsmemory.com\/lamarseillaise\/news\/wp-json\/wp\/v2\/categories?post=36676"},{"taxonomy":"post_tag","embeddable":true,"href":"https:\/\/euapp01.newsmemory.com\/lamarseillaise\/news\/wp-json\/wp\/v2\/tags?post=36676"},{"taxonomy":"news-destination","embeddable":true,"href":"https:\/\/euapp01.newsmemory.com\/lamarseillaise\/news\/wp-json\/wp\/v2\/news-destination?post=36676"},{"taxonomy":"news-source","embeddable":true,"href":"https:\/\/euapp01.newsmemory.com\/lamarseillaise\/news\/wp-json\/wp\/v2\/news-source?post=36676"},{"taxonomy":"is_homepage","embeddable":true,"href":"https:\/\/euapp01.newsmemory.com\/lamarseillaise\/news\/wp-json\/wp\/v2\/is_homepage?post=36676"},{"taxonomy":"ta_other","embeddable":true,"href":"https:\/\/euapp01.newsmemory.com\/lamarseillaise\/news\/wp-json\/wp\/v2\/ta_other?post=36676"}],"curies":[{"name":"wp","href":"https:\/\/api.w.org\/{rel}","templated":true}]}}