{"id":36673,"date":"2026-07-18T06:56:00","date_gmt":"2026-07-18T04:56:00","guid":{"rendered":"https:\/\/euapp01.newsmemory.com\/lamarseillaise\/news\/?p=36673"},"modified":"2026-07-18T12:45:32","modified_gmt":"2026-07-18T10:45:32","slug":"le-sud-destination-refuge-en-temps-de-crise","status":"publish","type":"post","link":"https:\/\/euapp01.newsmemory.com\/lamarseillaise\/news\/2026\/07\/18\/le-sud-destination-refuge-en-temps-de-crise\/","title":{"rendered":"Le sud, destination refuge en temps de crise"},"content":{"rendered":"<div class=\"paragraph\">\n<p>Au Vieux-Port \u00e0 Marseille, les valises s\u2019entassent d\u00e9j\u00e0 sous l\u2019ombri\u00e8re. Assis sur ces bagages, les deux fils de la famille Fromentin patientent en regardant leur p\u00e8re dans la file d\u2019attente pour acc\u00e9der \u00e0 la navette vers la Pointe Rouge. Venus de Marne-la-Vall\u00e9e pour six jours, ils incarnent cette client\u00e8le fran\u00e7aise qui, malgr\u00e9 un budget serr\u00e9, n\u2019a pas renonc\u00e9 aux vacances. Leur destination aurait pourtant d\u00fb \u00eatre tout autre. \u00ab\u00a0<i>C\u2019\u00e9tait le voyage des 50<\/i><i>\u00a0<\/i><i>ans de ma belle-s\u0153ur pr\u00e9vu depuis un an. On devait aller en Sicile, mais c\u2019est hors de prix<\/i><i>\u00a0<\/i>\u00bb, raconte Julie Fromentin.<\/p>\n<p>Cette adaptation des vacanciers, les professionnels du tourisme l\u2019avaient anticip\u00e9e. Ce qu\u2019ils n\u2019avaient pas pr\u00e9vu, c\u2019est que les inqui\u00e9tudes du printemps, aliment\u00e9es par les tensions au Moyen-Orient et la baisse du pouvoir d\u2019achat, laisseraient finalement place \u00e0 des perspectives plus rassurantes. \u00ab\u00a0<i>On a eu un printemps qui a d\u00e9marr\u00e9 tr\u00e8s doucement, mais pour juillet et ao\u00fbt, les tendances sont positives<\/i>\u00a0\u00bb, r\u00e9sume Isabelle Br\u00e9mond, pr\u00e9sidente de Provence Tourisme.<\/p>\n<p>Les premiers indicateurs confortent cet optimisme. Dans les Bouches-du-Rh\u00f4ne, les r\u00e9servations de locations saisonni\u00e8res affichaient, fin juin, une hausse de 7\u00a0% sur juillet et ao\u00fbt par rapport \u00e0 l\u2019an dernier, avec +6\u00a0% pour le 14\u00a0juillet et +7\u00a0% pour le 15\u00a0ao\u00fbt. Chaque \u00e9t\u00e9, le d\u00e9partement accueille en moyenne 1,9\u00a0million de touristes. Les Fran\u00e7ais restent les plus nombreux, repr\u00e9sentant 69\u00a0% des visiteurs. La client\u00e8le \u00e9trang\u00e8re est port\u00e9e par les touristes allemands, am\u00e9ricains, britanniques et italiens.<\/p>\n<p>\u00c0 l\u2019\u00e9chelle r\u00e9gionale, l\u2019optimisme est aussi de mise. \u00ab\u00a0<i>\u00c0 date, on va faire a minima une aussi bonne saison que l\u2019ann\u00e9e derni\u00e8re<\/i>\u00a0\u00bb, assure Fran\u00e7ois de Canson, pr\u00e9sident du Comit\u00e9 r\u00e9gional de tourisme Paca. Selon lui, \u00ab\u00a0<i>80<\/i><i>\u00a0<\/i><i>% des professionnels se d\u00e9clarent confiants pour leur activit\u00e9 cet \u00e9t\u00e9<\/i><i>\u00a0<\/i>\u00bb.<\/p>\n<p>Pourtant, les vacanciers sont de plus en plus oblig\u00e9s de faire des choix. Une enqu\u00eate de l\u2019Ifop sortie en avril r\u00e9v\u00e9lait qu\u2019un Fran\u00e7ais sur deux pr\u00e9voyait de r\u00e9duire ses d\u00e9penses en vacances.<i> <\/i>\u00ab<i>\u00a0<\/i><i>On voit des d\u00e9cisions plus tardives, des s\u00e9jours plus courts et plus \u00e9chelonn\u00e9s dans le temps<\/i><i>\u00a0<\/i>\u00bb, confirme Isabelle Br\u00e9mond.<\/p>\n<\/p><\/div>\n<div class=\"intext\"> Partir, mais consommer diff\u00e9remment\n              <\/div>\n<div class=\"paragraph\">\n<p>M\u00eame constat pour Fran\u00e7ois de Canson\u00a0: \u00ab\u00a0<i>Les Fran\u00e7ais ne renoncent pas \u00e0 partir, mais ils consomment diff\u00e9remment. Une fois le logement pay\u00e9, il faut arbitrer car le budget n\u2019est pas extensible<\/i>\u00a0\u00bb.<i> <\/i>Isabelle Br\u00e9mond abonde\u00a0: \u00ab\u00a0<i>Le secteur de la restauration souffre, car l\u00e0 o\u00f9 on allait au restaurant trois fois par s\u00e9jour, aujourd\u2019hui, on va se faire la cuisine ou pique-niquer<\/i><i>\u00a0<\/i>\u00bb.<\/p>\n<p>Dans les rues de Marseille, les vacanciers t\u00e9moignent de ces nouveaux arbitrages. Venue de Lyon pour une semaine, Sandra reconna\u00eet que, sans l\u2019h\u00e9bergement chez son amie Nassira, \u00ab\u00a0<i>[elle] ne serai[t] peut-\u00eatre pas venue<\/i><i>\u00a0<\/i>\u00bb. Plus loin dans les rues du Panier, Sacha, \u00e9tudiante parisienne de 18\u00a0ans, a limit\u00e9 son s\u00e9jour \u00e0 cinq jours. \u00ab\u00a0<i>Au-del\u00e0, \u00e7a aurait \u00e9t\u00e9 beaucoup trop cher, <\/i>souffle la jeune femme qui s\u2019est fix\u00e9 un budget de 350\u00a0euros pour ses vacances. <i>D\u00e9j\u00e0 180<\/i><i>\u00a0<\/i><i>euros de train, \u00e7a fait mal au porte-monnaie<\/i><i>\u00a0<\/i>\u00bb.<i><\/i><\/p>\n<p>Au Vieux-Port, Thibault et Laetitia ont, de leur c\u00f4t\u00e9, traqu\u00e9 les bons plans\u00a0: \u00e9change d\u2019appartement, premier train Ouigo \u00e0 6h du matin et seulement un restaurant pendant leur s\u00e9jour. \u00ab\u00a0<i>On ne voulait pas aller \u00e0 l\u2019\u00e9tranger, parce que c\u2019est trop cher et aussi par conviction<\/i><i>\u00a0<\/i>\u00bb, explique le couple. Marseille s\u2019est naturellement impos\u00e9e \u00e0 eux\u00a0: \u00ab\u00a0<i>On a vraiment choisi la ville. Il y a tout ce qu\u2019on recherchait<\/i><i>\u00a0<\/i><i>: les mobilit\u00e9s douces, les mus\u00e9es et le co\u00fbt de la vie bien s\u00fbr.<\/i><i>\u00a0<\/i>\u00bb<i><\/i><\/p>\n<p>Le t\u00e9moignage du couple illustre le constat dress\u00e9 par Julien Harounyan, adjoint au maire de Marseille en charge du tourisme\u00a0:<i> <\/i>\u00ab\u00a0<i>Ce n\u2019est pas une destination par d\u00e9faut, c\u2019est une destination qu\u2019on choisit pr\u00e9cis\u00e9ment pour son budget<\/i><i>\u00a0<\/i>\u00bb.<i> <\/i>La ville profite d\u2019une dynamique bien install\u00e9e. En juin, la fr\u00e9quentation a progress\u00e9 de 4\u00a0% par rapport \u00e0 2025, les h\u00f4tels d\u00e9passent les 95\u00a0% de taux d\u2019occupation et les locations meubl\u00e9es affichent 44\u00a0% de fr\u00e9quentation suppl\u00e9mentaire. Marseille s\u2019est m\u00eame hiss\u00e9e en t\u00eate des destinations fran\u00e7aises sur le site sp\u00e9cialis\u00e9 Booking en juillet, une premi\u00e8re. Les r\u00e9cents concerts de Jul et de Bad Bunny, les demi-finales du Top\u00a014 ou les ponts du mois de mai ont contribu\u00e9 \u00e0 ces pics de fr\u00e9quentation.<\/p>\n<p>Pour rester attractive, la mairie mise aussi sur l\u2019\u00c9t\u00e9 marseillais, programme reconduit pour une 7<sup>e<\/sup>\u00a0\u00e9dition avec concerts, cin\u00e9ma en plein air, activit\u00e9s sportives et visites. Le tout gratuitement.<i> <\/i>\u00ab\u00a0<i>L\u2019objectif, c\u2019est l\u2019accessibilit\u00e9 pour les touristes, mais aussi pour les Marseillais qui sont l\u00e0 toute l\u2019ann\u00e9e et qui ne partent peut-\u00eatre pas<\/i><i>\u00a0<\/i>\u00bb, insiste Julien Harounyan.<i><\/i><\/p>\n<\/p><\/div>\n","protected":false},"excerpt":{"rendered":"Au Vieux-Port &agrave; Marseille, les valises s&rsquo;entassent d&eacute;j&agrave; sous l&rsquo;ombri&egrave;re. Assis sur ces bagages, les deux fils de la famille Fromentin patientent en regardant leur p&egrave;re dans la file d&rsquo;attente pour &#8230;","protected":false},"author":1,"featured_media":36674,"comment_status":"open","ping_status":"open","sticky":false,"template":"","format":"standard","meta":{"footnotes":""},"categories":[918,3923,3926,20],"tags":[16,895,1041,1361],"news-destination":[3944],"news-source":[475],"is_homepage":[],"ta_other":[],"class_list":["post-36673","post","type-post","status-publish","format-standard","has-post-thumbnail","hentry","category-accueil","category-accueil-first","category-accueil-merge","category-societe","tag-marseille","tag-provence","tag-sud","tag-vacances","news-destination-homepage","news-source-website"],"_links":{"self":[{"href":"https:\/\/euapp01.newsmemory.com\/lamarseillaise\/news\/wp-json\/wp\/v2\/posts\/36673","targetHints":{"allow":["GET"]}}],"collection":[{"href":"https:\/\/euapp01.newsmemory.com\/lamarseillaise\/news\/wp-json\/wp\/v2\/posts"}],"about":[{"href":"https:\/\/euapp01.newsmemory.com\/lamarseillaise\/news\/wp-json\/wp\/v2\/types\/post"}],"author":[{"embeddable":true,"href":"https:\/\/euapp01.newsmemory.com\/lamarseillaise\/news\/wp-json\/wp\/v2\/users\/1"}],"replies":[{"embeddable":true,"href":"https:\/\/euapp01.newsmemory.com\/lamarseillaise\/news\/wp-json\/wp\/v2\/comments?post=36673"}],"version-history":[{"count":1,"href":"https:\/\/euapp01.newsmemory.com\/lamarseillaise\/news\/wp-json\/wp\/v2\/posts\/36673\/revisions"}],"predecessor-version":[{"id":36675,"href":"https:\/\/euapp01.newsmemory.com\/lamarseillaise\/news\/wp-json\/wp\/v2\/posts\/36673\/revisions\/36675"}],"wp:featuredmedia":[{"embeddable":true,"href":"https:\/\/euapp01.newsmemory.com\/lamarseillaise\/news\/wp-json\/wp\/v2\/media\/36674"}],"wp:attachment":[{"href":"https:\/\/euapp01.newsmemory.com\/lamarseillaise\/news\/wp-json\/wp\/v2\/media?parent=36673"}],"wp:term":[{"taxonomy":"category","embeddable":true,"href":"https:\/\/euapp01.newsmemory.com\/lamarseillaise\/news\/wp-json\/wp\/v2\/categories?post=36673"},{"taxonomy":"post_tag","embeddable":true,"href":"https:\/\/euapp01.newsmemory.com\/lamarseillaise\/news\/wp-json\/wp\/v2\/tags?post=36673"},{"taxonomy":"news-destination","embeddable":true,"href":"https:\/\/euapp01.newsmemory.com\/lamarseillaise\/news\/wp-json\/wp\/v2\/news-destination?post=36673"},{"taxonomy":"news-source","embeddable":true,"href":"https:\/\/euapp01.newsmemory.com\/lamarseillaise\/news\/wp-json\/wp\/v2\/news-source?post=36673"},{"taxonomy":"is_homepage","embeddable":true,"href":"https:\/\/euapp01.newsmemory.com\/lamarseillaise\/news\/wp-json\/wp\/v2\/is_homepage?post=36673"},{"taxonomy":"ta_other","embeddable":true,"href":"https:\/\/euapp01.newsmemory.com\/lamarseillaise\/news\/wp-json\/wp\/v2\/ta_other?post=36673"}],"curies":[{"name":"wp","href":"https:\/\/api.w.org\/{rel}","templated":true}]}}