{"id":36663,"date":"2026-07-17T09:56:00","date_gmt":"2026-07-17T07:56:00","guid":{"rendered":"https:\/\/euapp01.newsmemory.com\/lamarseillaise\/news\/?p=36663"},"modified":"2026-07-17T10:11:56","modified_gmt":"2026-07-17T08:11:56","slug":"cest-lete-ca-cest-le-sud-a-la-valette-du-var","status":"publish","type":"post","link":"https:\/\/euapp01.newsmemory.com\/lamarseillaise\/news\/2026\/07\/17\/cest-lete-ca-cest-le-sud-a-la-valette-du-var\/","title":{"rendered":"[C\u2019est l\u2019\u00e9t\u00e9] \u00c7a c\u2019est le Sud&nbsp;! \u00e0 La Valette-du-Var"},"content":{"rendered":"<div class=\"paragraph\">\n<p>Rires, jeux, chants et belle \u00e9nergie collective sont au programme pour 3\u00a0heures de show spectaculaire<br \/>\u00e0 vivre en famille<br \/>ou entre amis.<\/p>\n<\/p><\/div>\n<div class=\"paragraph\">\n<p><i>Spectacle \u00e0 21h. Acc\u00e8s libre.<\/i><\/p>\n<\/p><\/div>\n","protected":false},"excerpt":{"rendered":"Rires, jeux, chants et belle &eacute;nergie collective sont au programme pour 3&nbsp;heures de show spectaculaire&agrave; vivre en familleou entre amis.Spectacle &agrave; 21h. Acc&egrave;s libre.","protected":false},"author":1,"featured_media":36664,"comment_status":"open","ping_status":"open","sticky":false,"template":"","format":"standard","meta":{"footnotes":""},"categories":[32],"tags":[2873,6085,1511,58,2371,3470,55,529,188,31],"news-destination":[],"news-source":[475],"is_homepage":[],"ta_other":[],"class_list":["post-36663","post","type-post","status-publish","format-standard","has-post-thumbnail","hentry","category-culture","tag-activites-de-loisirs","tag-cest-lete","tag-chants","tag-famille","tag-jeux","tag-la-valette-du-var","tag-loisirs","tag-spectacle","tag-spectacle-vivant","tag-var","news-source-website"],"_links":{"self":[{"href":"https:\/\/euapp01.newsmemory.com\/lamarseillaise\/news\/wp-json\/wp\/v2\/posts\/36663","targetHints":{"allow":["GET"]}}],"collection":[{"href":"https:\/\/euapp01.newsmemory.com\/lamarseillaise\/news\/wp-json\/wp\/v2\/posts"}],"about":[{"href":"https:\/\/euapp01.newsmemory.com\/lamarseillaise\/news\/wp-json\/wp\/v2\/types\/post"}],"author":[{"embeddable":true,"href":"https:\/\/euapp01.newsmemory.com\/lamarseillaise\/news\/wp-json\/wp\/v2\/users\/1"}],"replies":[{"embeddable":true,"href":"https:\/\/euapp01.newsmemory.com\/lamarseillaise\/news\/wp-json\/wp\/v2\/comments?post=36663"}],"version-history":[{"count":1,"href":"https:\/\/euapp01.newsmemory.com\/lamarseillaise\/news\/wp-json\/wp\/v2\/posts\/36663\/revisions"}],"predecessor-version":[{"id":36665,"href":"https:\/\/euapp01.newsmemory.com\/lamarseillaise\/news\/wp-json\/wp\/v2\/posts\/36663\/revisions\/36665"}],"wp:featuredmedia":[{"embeddable":true,"href":"https:\/\/euapp01.newsmemory.com\/lamarseillaise\/news\/wp-json\/wp\/v2\/media\/36664"}],"wp:attachment":[{"href":"https:\/\/euapp01.newsmemory.com\/lamarseillaise\/news\/wp-json\/wp\/v2\/media?parent=36663"}],"wp:term":[{"taxonomy":"category","embeddable":true,"href":"https:\/\/euapp01.newsmemory.com\/lamarseillaise\/news\/wp-json\/wp\/v2\/categories?post=36663"},{"taxonomy":"post_tag","embeddable":true,"href":"https:\/\/euapp01.newsmemory.com\/lamarseillaise\/news\/wp-json\/wp\/v2\/tags?post=36663"},{"taxonomy":"news-destination","embeddable":true,"href":"https:\/\/euapp01.newsmemory.com\/lamarseillaise\/news\/wp-json\/wp\/v2\/news-destination?post=36663"},{"taxonomy":"news-source","embeddable":true,"href":"https:\/\/euapp01.newsmemory.com\/lamarseillaise\/news\/wp-json\/wp\/v2\/news-source?post=36663"},{"taxonomy":"is_homepage","embeddable":true,"href":"https:\/\/euapp01.newsmemory.com\/lamarseillaise\/news\/wp-json\/wp\/v2\/is_homepage?post=36663"},{"taxonomy":"ta_other","embeddable":true,"href":"https:\/\/euapp01.newsmemory.com\/lamarseillaise\/news\/wp-json\/wp\/v2\/ta_other?post=36663"}],"curies":[{"name":"wp","href":"https:\/\/api.w.org\/{rel}","templated":true}]}}