{"id":36647,"date":"2026-07-17T09:26:00","date_gmt":"2026-07-17T07:26:00","guid":{"rendered":"https:\/\/euapp01.newsmemory.com\/lamarseillaise\/news\/?p=36647"},"modified":"2026-07-23T08:35:42","modified_gmt":"2026-07-23T06:35:42","slug":"le-planning-familial-de-lherault-reclame-des-moyens","status":"publish","type":"post","link":"https:\/\/euapp01.newsmemory.com\/lamarseillaise\/news\/2026\/07\/17\/le-planning-familial-de-lherault-reclame-des-moyens\/","title":{"rendered":"Le planning familial de l\u2019H\u00e9rault r\u00e9clame des moyens"},"content":{"rendered":"<div class=\"paragraph\">\n<p>Le planning familial 34 alerte sur la fragilit\u00e9 de son mod\u00e8le \u00e9conomique. Ses actions sont principalement financ\u00e9es par des subventions attribu\u00e9es projet par projet, un fonctionnement qui met l\u2019association sous tension. \u00ab\u00a0<i>Ce syst\u00e8me par enveloppe, il pose plein de probl\u00e8mes<\/i>\u00a0\u00bb, pr\u00e9cise Mia Ferret, administratrice du planning familial de l\u2019H\u00e9rault. \u00ab\u00a0<i>Le probl\u00e8me de l\u2019instabilit\u00e9, c\u2019est-\u00e0-dire qu\u2019on doit demander chaque ann\u00e9e \u00e0 nouveau l\u2019enveloppe, un probl\u00e8me car entre le moment o\u00f9 on va demander la subvention et le moment o\u00f9 \u00e7a nous est accord\u00e9, on n\u2019est pas s\u00fbrs de l\u2019avoir, et ensuite, il y a un d\u00e9lai qui fait que pendant ce temps, on est oblig\u00e9 d\u2019aller piocher dans notre tr\u00e9sorerie pour payer nos 14 salari\u00e9s.<\/i>\u00a0\u00bb<\/p>\n<p>L\u2019association d\u00e9plore \u00e9galement les restrictions budg\u00e9taires touchant le secteur associatif, notamment dans le domaine des droits des femmes. \u00ab\u00a0<i>En apparence, on a eu une hausse l\u00e9g\u00e8re des subventions d\u2019\u00e0 peu pr\u00e8s 70<\/i><i>\u00a0<\/i><i>000<\/i><i>\u00a0<\/i><i>euros, mais en fait \u00e7a servait uniquement \u00e0 la prime S\u00e9gur. Une fois que la prime S\u00e9gur a \u00e9t\u00e9 pass\u00e9e, on a eu une hausse de nos charges, mais plus de hausse de notre budget de d\u00e9penses de fonctionnement.<\/i>\u00a0\u00bb<\/p>\n<\/p><\/div>\n<div class=\"intext\"> Des solutions attendues<br \/>\n               <br \/>de la municipalit\u00e9\n              <\/div>\n<div class=\"paragraph\">\n<p>Le planning familial demande d\u00e9sormais \u00ab\u00a0<i>une contractualisation et une hausse de nos d\u00e9penses de fonctionnement<\/i>\u00a0\u00bb, afin de sortir de la logique des demandes de subventions annuelles. L\u2019association souhaite \u00e9galement disposer d\u2019un local unique, plus adapt\u00e9 \u00e0 l\u2019accueil du public. Pour l\u2019heure, \u00ab<i>\u00a0<\/i><i>la seule r\u00e9ponse qu\u2019on a eue, c\u2019est la proposition d\u2019une aide d\u2019urgence, mais on n\u2019a pas de montant pour l\u2019instant, et peut-\u00eatre une contractualisation \u00e0 partir de la rentr\u00e9e<\/i><i>\u00a0<\/i>\u00bb. Une premi\u00e8re avanc\u00e9e, que l\u2019association esp\u00e8re voir rapidement se concr\u00e9tiser.<\/p>\n<\/p><\/div>\n","protected":false},"excerpt":{"rendered":"Le planning familial 34 alerte sur la fragilit&eacute; de son mod&egrave;le &eacute;conomique. Ses actions sont principalement financ&eacute;es par des subventions attribu&eacute;es projet par projet, un fonctionnement qui met l&rsquo;association &#8230;","protected":false},"author":1,"featured_media":36648,"comment_status":"open","ping_status":"open","sticky":false,"template":"","format":"standard","meta":{"footnotes":""},"categories":[3926,3925,20],"tags":[1786,239,240,1088,3838,256],"news-destination":[3944],"news-source":[475],"is_homepage":[],"ta_other":[],"class_list":["post-36647","post","type-post","status-publish","format-standard","has-post-thumbnail","hentry","category-accueil-merge","category-accueil-third","category-societe","tag-droits-des-femmes","tag-herault","tag-montpellier","tag-planning-familial","tag-precarite-menstruelle","tag-sante","news-destination-homepage","news-source-website"],"_links":{"self":[{"href":"https:\/\/euapp01.newsmemory.com\/lamarseillaise\/news\/wp-json\/wp\/v2\/posts\/36647","targetHints":{"allow":["GET"]}}],"collection":[{"href":"https:\/\/euapp01.newsmemory.com\/lamarseillaise\/news\/wp-json\/wp\/v2\/posts"}],"about":[{"href":"https:\/\/euapp01.newsmemory.com\/lamarseillaise\/news\/wp-json\/wp\/v2\/types\/post"}],"author":[{"embeddable":true,"href":"https:\/\/euapp01.newsmemory.com\/lamarseillaise\/news\/wp-json\/wp\/v2\/users\/1"}],"replies":[{"embeddable":true,"href":"https:\/\/euapp01.newsmemory.com\/lamarseillaise\/news\/wp-json\/wp\/v2\/comments?post=36647"}],"version-history":[{"count":1,"href":"https:\/\/euapp01.newsmemory.com\/lamarseillaise\/news\/wp-json\/wp\/v2\/posts\/36647\/revisions"}],"predecessor-version":[{"id":36649,"href":"https:\/\/euapp01.newsmemory.com\/lamarseillaise\/news\/wp-json\/wp\/v2\/posts\/36647\/revisions\/36649"}],"wp:featuredmedia":[{"embeddable":true,"href":"https:\/\/euapp01.newsmemory.com\/lamarseillaise\/news\/wp-json\/wp\/v2\/media\/36648"}],"wp:attachment":[{"href":"https:\/\/euapp01.newsmemory.com\/lamarseillaise\/news\/wp-json\/wp\/v2\/media?parent=36647"}],"wp:term":[{"taxonomy":"category","embeddable":true,"href":"https:\/\/euapp01.newsmemory.com\/lamarseillaise\/news\/wp-json\/wp\/v2\/categories?post=36647"},{"taxonomy":"post_tag","embeddable":true,"href":"https:\/\/euapp01.newsmemory.com\/lamarseillaise\/news\/wp-json\/wp\/v2\/tags?post=36647"},{"taxonomy":"news-destination","embeddable":true,"href":"https:\/\/euapp01.newsmemory.com\/lamarseillaise\/news\/wp-json\/wp\/v2\/news-destination?post=36647"},{"taxonomy":"news-source","embeddable":true,"href":"https:\/\/euapp01.newsmemory.com\/lamarseillaise\/news\/wp-json\/wp\/v2\/news-source?post=36647"},{"taxonomy":"is_homepage","embeddable":true,"href":"https:\/\/euapp01.newsmemory.com\/lamarseillaise\/news\/wp-json\/wp\/v2\/is_homepage?post=36647"},{"taxonomy":"ta_other","embeddable":true,"href":"https:\/\/euapp01.newsmemory.com\/lamarseillaise\/news\/wp-json\/wp\/v2\/ta_other?post=36647"}],"curies":[{"name":"wp","href":"https:\/\/api.w.org\/{rel}","templated":true}]}}