{"id":36644,"date":"2026-07-17T09:30:00","date_gmt":"2026-07-17T07:30:00","guid":{"rendered":"https:\/\/euapp01.newsmemory.com\/lamarseillaise\/news\/?p=36644"},"modified":"2026-07-23T09:15:54","modified_gmt":"2026-07-23T07:15:54","slug":"fiesta-sete-ouvre-grand-les-horizons-musicaux","status":"publish","type":"post","link":"https:\/\/euapp01.newsmemory.com\/lamarseillaise\/news\/2026\/07\/17\/fiesta-sete-ouvre-grand-les-horizons-musicaux\/","title":{"rendered":"Fiest\u2019A S\u00e8te ouvre grand les horizons musicaux"},"content":{"rendered":"<div class=\"paragraph\">\n<p>Depuis bient\u00f4t trente ans, Fiest\u2019A S\u00e8te invite \u00e0 un voyage sans passeport. Du 18\u00a0juillet au 3\u00a0ao\u00fbt, la 29<sup>e<\/sup> \u00e9dition du festival d\u00e9ploiera sa programmation entre Poussan, plusieurs lieux culturels s\u00e9tois et le Th\u00e9\u00e2tre de la Mer, o\u00f9 se succ\u00e9deront six soir\u00e9es th\u00e9matiques consacr\u00e9es aux musiques du monde. Avant cela, concerts gratuits, DJ sets, projections de films, expositions et ateliers rythmeront la ville pendant pr\u00e8s de deux semaines.<\/p>\n<p>Les organisateurs revendiquent plus que jamais cette ouverture au monde, \u00ab<i>\u00a0<\/i><i>qui accueillera cette ann\u00e9e encore, puisque telle est notre vocation et notre grande joie, une pl\u00e9iade d\u2019artistes venus pour la plupart de tr\u00e8s loin. Ce qui sugg\u00e8re en principe des conditions de vie, des traditions et des modes de pens\u00e9e bien diff\u00e9rents des n\u00f4tres<\/i><i>\u00a0<\/i>\u00bb.<\/p>\n<p>Cette ann\u00e9e encore, les affiches t\u00e9moignent de cette diversit\u00e9 revendiqu\u00e9e. Le public retrouvera la chanteuse malienne Fatoumata Diawara, figure majeure des musiques africaines contemporaines, aux c\u00f4t\u00e9s des Nana Benz du Togo, du blues incandescent de Fantastic Negrito et Robert Finley, des sonorit\u00e9s br\u00e9siliennes de<b> <\/b>Rog\u00ea et Gilsons, des univers de Ballak\u00e9 Sissoko, Piers Faccini ou encore Dhafer Youssef.<\/p>\n<p><b>Le Th\u00e9\u00e2tre de la Mer comme \u00e9crin du voyage<\/b><\/p>\n<p>Impossible d\u2019\u00e9voquer Fiest\u2019A S\u00e8te sans parler du Th\u00e9\u00e2tre de la Mer, qui accueille les six grandes soir\u00e9es du festival. Les organisateurs le d\u00e9crivent comme \u00ab<i>\u00a0<\/i><i>l\u2019un des lieux les plus majestueux et embl\u00e9matiques de S\u00e8te<\/i>\u00a0\u00bb, un \u00ab<i>\u00a0<\/i><i>amphith\u00e9\u00e2tre \u00e0 ciel ouvert et \u00e0 flanc de corniche<\/i>\u00a0\u00bb qui offre \u00ab<i>\u00a0<\/i><i>la M\u00e9diterran\u00e9e en fond de sc\u00e8ne<\/i>\u00a0\u00bb. C\u2019est dans ce d\u00e9cor exceptionnel que se succ\u00e8dent une semaine durant les plus grands artistes internationaux et les nouveaux talents, lors de soir\u00e9es th\u00e9matiques.<\/p>\n<p>Mais Fiest\u2019A S\u00e8te ne se r\u00e9sume pas \u00e0 ses concerts. Le festival investit aussi les plages, les quais, les m\u00e9diath\u00e8ques ou encore le Dancing avec une programmation gratuite qui m\u00eale DJ sets, projections de cin\u00e9ma, ateliers pour le jeune public et expositions. \u00ab\u00a0<i>En plus de la musique, Fiest\u2019A S\u00e8te c\u2019est aussi une programmation culturelle plurielle en lien avec les concerts : des tchatches musicales, des s\u00e9ances de cin\u00e9ma, des expositions dans diff\u00e9rents lieux de la ville, des ateliers jeune public<\/i>\u00a0\u00bb, rappellent les organisateurs de l\u2019\u00e9v\u00e9nement.<\/p>\n<p>\u00c0 travers cette programmation \u00e9clectique, le festival revendique une philosophie inchang\u00e9e depuis sa cr\u00e9ation. \u00ab<i>\u00a0<\/i><i>Depuis presque 30 ans, Fiest\u2019A S\u00e8te fait le pari des nations unies par la musique, la danse, l\u2019\u00e9merveillement et la joie.<\/i><b> <\/b><i>Nous c\u00e9l\u00e9brerons cette ann\u00e9e encore notre bien commun, notre humanit\u00e9. Dans ce qu\u2019elle a d\u2019essentiel, de plus noble et de plus beau : diversit\u00e9 culturelle, bienveillance, partage, sens de l\u2019alt\u00e9rit\u00e9, de l\u2019hospitalit\u00e9, de la main tendue, du c\u0153ur ouvert<\/i>\u00a0\u00bb. Pendant plus de deux semaines, Fiest\u2019A S\u00e8te entend faire ainsi dialoguer les cultures. Une nouvelle \u00e9dition qui, dans le d\u00e9cor unique du Th\u00e9\u00e2tre de la Mer comme dans les rues de S\u00e8te, rappelle que la musique demeure un langage universel capable de rassembler bien au-del\u00e0 des fronti\u00e8res.<\/p>\n<\/p><\/div>\n","protected":false},"excerpt":{"rendered":"Depuis bient&ocirc;t trente ans, Fiest&rsquo;A S&egrave;te invite &agrave; un voyage sans passeport. Du 18&nbsp;juillet au 3&nbsp;ao&ucirc;t, la 29e &eacute;dition du festival d&eacute;ploiera sa programmation entre Poussan, plusieurs lieux &#8230;","protected":false},"author":1,"featured_media":36645,"comment_status":"open","ping_status":"open","sticky":false,"template":"","format":"standard","meta":{"footnotes":""},"categories":[3926,3925,32],"tags":[1266,6109,73,325,429,4506],"news-destination":[3944],"news-source":[475],"is_homepage":[],"ta_other":[],"class_list":["post-36644","post","type-post","status-publish","format-standard","has-post-thumbnail","hentry","category-accueil-merge","category-accueil-third","category-culture","tag-blues","tag-fiesta-sete","tag-international","tag-musique","tag-sete","tag-theatre-de-la-mer","news-destination-homepage","news-source-website"],"_links":{"self":[{"href":"https:\/\/euapp01.newsmemory.com\/lamarseillaise\/news\/wp-json\/wp\/v2\/posts\/36644","targetHints":{"allow":["GET"]}}],"collection":[{"href":"https:\/\/euapp01.newsmemory.com\/lamarseillaise\/news\/wp-json\/wp\/v2\/posts"}],"about":[{"href":"https:\/\/euapp01.newsmemory.com\/lamarseillaise\/news\/wp-json\/wp\/v2\/types\/post"}],"author":[{"embeddable":true,"href":"https:\/\/euapp01.newsmemory.com\/lamarseillaise\/news\/wp-json\/wp\/v2\/users\/1"}],"replies":[{"embeddable":true,"href":"https:\/\/euapp01.newsmemory.com\/lamarseillaise\/news\/wp-json\/wp\/v2\/comments?post=36644"}],"version-history":[{"count":1,"href":"https:\/\/euapp01.newsmemory.com\/lamarseillaise\/news\/wp-json\/wp\/v2\/posts\/36644\/revisions"}],"predecessor-version":[{"id":36646,"href":"https:\/\/euapp01.newsmemory.com\/lamarseillaise\/news\/wp-json\/wp\/v2\/posts\/36644\/revisions\/36646"}],"wp:featuredmedia":[{"embeddable":true,"href":"https:\/\/euapp01.newsmemory.com\/lamarseillaise\/news\/wp-json\/wp\/v2\/media\/36645"}],"wp:attachment":[{"href":"https:\/\/euapp01.newsmemory.com\/lamarseillaise\/news\/wp-json\/wp\/v2\/media?parent=36644"}],"wp:term":[{"taxonomy":"category","embeddable":true,"href":"https:\/\/euapp01.newsmemory.com\/lamarseillaise\/news\/wp-json\/wp\/v2\/categories?post=36644"},{"taxonomy":"post_tag","embeddable":true,"href":"https:\/\/euapp01.newsmemory.com\/lamarseillaise\/news\/wp-json\/wp\/v2\/tags?post=36644"},{"taxonomy":"news-destination","embeddable":true,"href":"https:\/\/euapp01.newsmemory.com\/lamarseillaise\/news\/wp-json\/wp\/v2\/news-destination?post=36644"},{"taxonomy":"news-source","embeddable":true,"href":"https:\/\/euapp01.newsmemory.com\/lamarseillaise\/news\/wp-json\/wp\/v2\/news-source?post=36644"},{"taxonomy":"is_homepage","embeddable":true,"href":"https:\/\/euapp01.newsmemory.com\/lamarseillaise\/news\/wp-json\/wp\/v2\/is_homepage?post=36644"},{"taxonomy":"ta_other","embeddable":true,"href":"https:\/\/euapp01.newsmemory.com\/lamarseillaise\/news\/wp-json\/wp\/v2\/ta_other?post=36644"}],"curies":[{"name":"wp","href":"https:\/\/api.w.org\/{rel}","templated":true}]}}