{"id":36641,"date":"2026-07-17T09:06:00","date_gmt":"2026-07-17T07:06:00","guid":{"rendered":"https:\/\/euapp01.newsmemory.com\/lamarseillaise\/news\/?p=36641"},"modified":"2026-07-17T10:10:11","modified_gmt":"2026-07-17T08:10:11","slug":"cest-lete-la-combe-de-curnier-le-canyon-de-bedoin","status":"publish","type":"post","link":"https:\/\/euapp01.newsmemory.com\/lamarseillaise\/news\/2026\/07\/17\/cest-lete-la-combe-de-curnier-le-canyon-de-bedoin\/","title":{"rendered":"[C\u2019est l\u2019\u00e9t\u00e9] La Combe de Curnier, le canyon de B\u00e9doin"},"content":{"rendered":"<div class=\"paragraph\">\n<p>\u00c0 v\u00e9lo mais aussi \u00e0 pied par de multiples chemins possibles. Mais on n\u2019est pas oblig\u00e9 de rallier le Ventoux pour se d\u00e9payser. La preuve avec une randonn\u00e9e d\u2019un peu moins de 10\u00a0km qui serpente dans la Combe de Curnier. Entre deux parois rocheuses, un immense air frais salvateur envahi la marche, qui peut s\u2019av\u00e9rer toutefois cahoteuse. Par moments, il faut presque<br \/>se contorsionner pour parvenir \u00e0 se frayer un chemin dans les gorges. D\u2019une difficult\u00e9 moyenne, la randonn\u00e9e dure environ 3h30 sur une boucle au d\u00e9part des Colombets. Plusieurs points de vue sur le Ventoux ou la plaine du Comtat valent le d\u00e9tour.<\/p>\n<\/p><\/div>\n","protected":false},"excerpt":{"rendered":"&Agrave; v&eacute;lo mais aussi &agrave; pied par de multiples chemins possibles. Mais on n&rsquo;est pas oblig&eacute; de rallier le Ventoux pour se d&eacute;payser. La preuve avec une randonn&eacute;e d&rsquo;un peu moins de 10&nbsp;km qui &#8230;","protected":false},"author":1,"featured_media":36642,"comment_status":"open","ping_status":"open","sticky":false,"template":"","format":"standard","meta":{"footnotes":""},"categories":[20],"tags":[2873,1289,6085,938,1393,171,807],"news-destination":[],"news-source":[475],"is_homepage":[],"ta_other":[],"class_list":["post-36641","post","type-post","status-publish","format-standard","has-post-thumbnail","hentry","category-societe","tag-activites-de-loisirs","tag-balade","tag-cest-lete","tag-nature","tag-randonnee","tag-vaucluse","tag-velo","news-source-website"],"_links":{"self":[{"href":"https:\/\/euapp01.newsmemory.com\/lamarseillaise\/news\/wp-json\/wp\/v2\/posts\/36641","targetHints":{"allow":["GET"]}}],"collection":[{"href":"https:\/\/euapp01.newsmemory.com\/lamarseillaise\/news\/wp-json\/wp\/v2\/posts"}],"about":[{"href":"https:\/\/euapp01.newsmemory.com\/lamarseillaise\/news\/wp-json\/wp\/v2\/types\/post"}],"author":[{"embeddable":true,"href":"https:\/\/euapp01.newsmemory.com\/lamarseillaise\/news\/wp-json\/wp\/v2\/users\/1"}],"replies":[{"embeddable":true,"href":"https:\/\/euapp01.newsmemory.com\/lamarseillaise\/news\/wp-json\/wp\/v2\/comments?post=36641"}],"version-history":[{"count":1,"href":"https:\/\/euapp01.newsmemory.com\/lamarseillaise\/news\/wp-json\/wp\/v2\/posts\/36641\/revisions"}],"predecessor-version":[{"id":36643,"href":"https:\/\/euapp01.newsmemory.com\/lamarseillaise\/news\/wp-json\/wp\/v2\/posts\/36641\/revisions\/36643"}],"wp:featuredmedia":[{"embeddable":true,"href":"https:\/\/euapp01.newsmemory.com\/lamarseillaise\/news\/wp-json\/wp\/v2\/media\/36642"}],"wp:attachment":[{"href":"https:\/\/euapp01.newsmemory.com\/lamarseillaise\/news\/wp-json\/wp\/v2\/media?parent=36641"}],"wp:term":[{"taxonomy":"category","embeddable":true,"href":"https:\/\/euapp01.newsmemory.com\/lamarseillaise\/news\/wp-json\/wp\/v2\/categories?post=36641"},{"taxonomy":"post_tag","embeddable":true,"href":"https:\/\/euapp01.newsmemory.com\/lamarseillaise\/news\/wp-json\/wp\/v2\/tags?post=36641"},{"taxonomy":"news-destination","embeddable":true,"href":"https:\/\/euapp01.newsmemory.com\/lamarseillaise\/news\/wp-json\/wp\/v2\/news-destination?post=36641"},{"taxonomy":"news-source","embeddable":true,"href":"https:\/\/euapp01.newsmemory.com\/lamarseillaise\/news\/wp-json\/wp\/v2\/news-source?post=36641"},{"taxonomy":"is_homepage","embeddable":true,"href":"https:\/\/euapp01.newsmemory.com\/lamarseillaise\/news\/wp-json\/wp\/v2\/is_homepage?post=36641"},{"taxonomy":"ta_other","embeddable":true,"href":"https:\/\/euapp01.newsmemory.com\/lamarseillaise\/news\/wp-json\/wp\/v2\/ta_other?post=36641"}],"curies":[{"name":"wp","href":"https:\/\/api.w.org\/{rel}","templated":true}]}}