{"id":36638,"date":"2026-07-17T09:11:00","date_gmt":"2026-07-17T07:11:00","guid":{"rendered":"https:\/\/euapp01.newsmemory.com\/lamarseillaise\/news\/?p=36638"},"modified":"2026-07-23T08:35:42","modified_gmt":"2026-07-23T06:35:42","slug":"cest-lete-les-metiers-de-la-securite-civile-angel-infirmier-volant-depuis-26-ans","status":"publish","type":"post","link":"https:\/\/euapp01.newsmemory.com\/lamarseillaise\/news\/2026\/07\/17\/cest-lete-les-metiers-de-la-securite-civile-angel-infirmier-volant-depuis-26-ans\/","title":{"rendered":"[C\u2019est l\u2019\u00e9t\u00e9] Les m\u00e9tiers de la S\u00e9curit\u00e9 civile : Angel, infirmier volant depuis 26 ans"},"content":{"rendered":"<div class=\"paragraph\">\n<p>Discret et entier, Angel Lara, 63\u00a0ans, infirmier volontaire \u00e0 la retraite de sapeurs-pompiers professionnel depuis 2023, a d\u00e9barqu\u00e9 \u00e0 la base de Marignane voil\u00e0 26\u00a0ans. Apr\u00e8s 17\u00a0ans de carri\u00e8re militaire, cet ancien commando marine a bifurqu\u00e9 dans le m\u00e9dical. Apr\u00e8s avoir exerc\u00e9 un temps en lib\u00e9ral, il a trouv\u00e9 chez les pompiers son \u00e9quilibre&#8230; Ou presque. \u00ab\u00a0<i>J<\/i><i>e suis tomb\u00e9 dedans, passionn\u00e9. Je me suis beaucoup investi, au point que \u00e7a a jou\u00e9 sur ma vie de famille<\/i><i>\u00a0<\/i>\u00bb, convient-il sans rentrer dans les d\u00e9tails. \u00c0 la retraite, il s\u2019est port\u00e9 volontaire. Une lib\u00e9ration, car plus besoin de poser de jours de cong\u00e9 pour celui qui avant avait jusqu\u2019\u00e0 \u00ab\u00a0<i>quatre plannings diff\u00e9rent<\/i>s\u00a0\u00bb. Ce qui lui pla\u00eet\u00a0: \u00ab\u00a0<i>\u00eatre confront\u00e9 \u00e0 l\u2019urgence, tout faire pour que la situation ne s\u2019aggrave pas et amener [la victime] \u00e0 l\u2019h\u00f4pital. On est un maillon de la cha\u00eene<\/i><i>\u00a0<\/i>\u00bb.<\/p>\n<p>La petite difficult\u00e9 suppl\u00e9mentaire\u00a0: travailler dans un h\u00e9licopt\u00e8re. Le ma\u00eetre \u00e0 bord reste le pilote mais l\u2019\u00e9quipage de 5\u00a0personnes doit \u00eatre parfaitement coordonn\u00e9 pour \u00eatre efficace. Chacun a sa place, chacun sa mission, pour une action millim\u00e9tr\u00e9e. \u00ab\u00a0<i>L\u2019environnement est beaucoup plus confin\u00e9, il y a beaucoup moins de place que dans une ambulance. Cela n\u00e9cessite une anticipation, de pr\u00e9parer avec le m\u00e9decin<\/i><i>\u00a0<\/i>\u00bb,, explique Angel, \u00ab\u00a0<i>dans la machine, on peut difficilement communiquer avec la victime pour peu qu\u2019elle soit en \u00e9tat de communiquer. Et quand on communique par casque, il ne faut pas qu\u2019on perturbe la partie pilotage. On va g\u00e9rer la surveillance du patient en visualisant les appareils car on n\u2019entend pas les alarmes, on a des codes de communication<\/i>\u00a0\u00bb.<\/p>\n<p>Le bruit, le fait d\u2019\u00eatre treuill\u00e9, r\u00e9cup\u00e9r\u00e9, sortir d\u2019un h\u00e9licopt\u00e8re en vol, \u00ab\u00a0<i>ce n\u2019est pas naturel<\/i><i>\u00a0<\/i>\u00bb,, indique-t-il, m\u00eame si avec l\u2019exp\u00e9rience, \u00ab\u00a0<i>cela devient instinctif<\/i>\u00a0\u00bb. Mais pas question pour autant de ne pas \u00eatre concentr\u00e9 quand chaque geste compte insiste Angel.<\/p>\n<p>\u00ab\u00a0<i>Nous, on a cette capacit\u00e9 de prendre en charge des victimes dans des endroits inaccessibles, et il y a pas mal de points \u00e0 conna\u00eetre pour sa propre s\u00e9curit\u00e9 et exercer son m\u00e9tier<\/i>\u00a0\u00bb,<i> <\/i>raconte-t-il<i>.<\/i><\/p>\n<p>Il se souvient avoir d\u00e9marr\u00e9 au temps de <br \/>l\u2019 \u00ab\u00a0Alouette\u00a03\u00a0\u00bb, un mod\u00e8le sorti dans les ann\u00e9es soixante. \u00ab\u00a0<i>On ne pouvait quasiment faire aucun geste en vol<\/i>\u00a0\u00bb, t\u00e9moigne l\u2019infirmier. Avec le tout nouveau Dragon actuel, de son petit nom H145, d\u2019Airbus, l\u2019\u00e9quipage a pu prendre (un peu) ses aises.<\/p>\n<\/p><\/div>\n<div class=\"intext\"> Repartir \u00e0 pied<br \/>\n               <br \/>avec le sac sur le dos\n              <\/div>\n<div class=\"paragraph\">\n<p>La syst\u00e9matisation du treuillage de l\u2019infirmier \u00ab\u00a0<i>s\u2019est faite petit \u00e0 petit<\/i><i>\u00a0<\/i>\u00bb, de quoi permettre de \u00ab\u00a0<i>travailler \u00e0 deux sur place<\/i>\u00a0\u00bb,<i> <\/i>pr\u00e9cise Angel, \u00ab\u00a0<i>la d\u00e9cision est prise en fonction de la gravit\u00e9 du patient. et la dur\u00e9e d\u2019autonomie et des conditions m\u00e9t\u00e9o<\/i>\u00a0\u00bb. Quitte \u00e0 ce que parfois, il faille laisser repartir la machine et se rapatrier tout seul&#8230; \u00ab\u00a0<i>Cela nous est arriv\u00e9 d\u2019\u00eatre d\u00e9pos\u00e9s et pas r\u00e9cup\u00e9r\u00e9s, quand par exemple il y a trop de vent sur la Sainte-Victoire&#8230; Il faut alors avoir un peu de condition physique, et marcher avec du mat\u00e9riel sur le dos<\/i>\u00a0\u00bb, sourit-il.<\/p>\n<p>Si chaque op\u00e9ration est d\u00e9brief\u00e9e, Angel compartimente. \u00ab\u00a0<i>Au m\u00eame titre que le Smur, on fait face \u00e0 des choses dramatiques de temps en temps comme tr\u00e8s valorisantes. Il y a beaucoup de coll\u00e8gues qui arr\u00eatent au bout de 7 ou 8<\/i><i>\u00a0<\/i><i>ans, du moins dans les 10<\/i><i>\u00a0<\/i><i>premi\u00e8res ann\u00e9es car ils ont \u00e9t\u00e9 trop expos\u00e9s \u00e0 des drames. Cela peut avoir un impact psychologique<\/i><i>\u00a0<\/i>\u00bb, reconna\u00eet-il. Lui se consacre \u00ab\u00a0<i>\u00e0 100<\/i><i>\u00a0<\/i><i>% \u00e0 chaque intervention<\/i><i>\u00a0<\/i><i>\u00bb <\/i>mais dit parvenir \u00e0 se \u00ab\u00a0<i>d\u00e9tacher quand c\u2019est fini<\/i><i>\u00a0<\/i>\u00bb. Tant et si bien \u00ab\u00a0<i>que j\u2019arrive \u00e0 ne m\u00eame plus me souvenir des interventions que j\u2019ai faites en fin de journ\u00e9e. J\u2019ai d\u00e9velopp\u00e9 \u00e7a de mani\u00e8re inconsciente<\/i><i>\u00a0<\/i>\u00bb<i>, <\/i>assure-t-il. M\u00eame si certains accidents restent \u00e9videmment marqu\u00e9s au fer rouge. \u00ab\u00a0<i>En arrivant sur les gardes d\u2019h\u00e9licopt\u00e8res d\u00e9but 2000, j\u2019ai la malchance de faire trois noyades d\u2019enfants jeunes dans la m\u00eame saison. Quand les statistiques sont d\u2019un cas par \u00e9quipe et par an<\/i>\u00a0\u00bb, d\u00e9plore-t-il. Voyant les m\u00e9decins \u00ab\u00a0<i>aussi stress\u00e9s que lui<\/i><i>\u00a0<\/i>\u00bb, il d\u00e9cide alors de se former sur le p\u00e9diatrique. \u00ab\u00a0<i>Et de devenir formateur pour maintenir mes comp\u00e9tences, \u00e9go\u00efstement<\/i>\u00a0\u00bb<i>, <\/i>ironise-t-il. Une mani\u00e8re aussi de rebondir et de se projeter. \u00ab\u00a0<i>Maintenant<\/i><i>\u00a0<\/i>\u00bb, il prend \u00ab\u00a0<i>un vrai plaisir \u00e0 transmettre<\/i>\u00a0\u00bb. \u00ab\u00a0<i>J\u2019ai fait tout ce qui existe dans les m\u00e9thodes anglo-saxonnes avanc\u00e9es. Avant on agissait sans vraiment r\u00e9fl\u00e9chir, aujourd\u2019hui on doit \u00eatre source de propositions. En tant qu\u2019infirmier, on est devenu tr\u00e8s polyvalent.<\/i><i>\u00a0<\/i>\u00bb<i><\/i><\/p>\n<p>Il a m\u00eame en projet une formation universitaire, reconnue par la facult\u00e9 de m\u00e9decine, de \u00ab\u00a0m\u00e9dicalisation en milieu exceptionnel\u00a0\u00bb. Le but\u00a0: \u00ab\u00a0<i>proposer une sensibilisation \u00e0 tout cadre diff\u00e9rent de la pratique habituelle, que ce soit l\u2019h\u00e9licopt\u00e8re, les risques inondations, effondrement b\u00e2timentaire&#8230;<\/i><i>\u00a0<\/i><i>\u00bb, <\/i>histoire d\u2019\u00e9tablir des protocoles d\u2019intervention les plus efficaces possibles.<i><\/i><\/p>\n<p>Dans tout \u00e7a, il n\u2019oublie pas non plus le positif et heureusement, \u00ab\u00a0<i>il y en a plein<\/i>\u00a0\u00bb. \u00ab\u00a0<i>Comme d\u2019arriver \u00e0 emmener une personne suffisamment t\u00f4t au bloc op\u00e9ratoire. Une petite victoire<\/i><i>\u00a0<\/i><i>!<\/i><i>\u00a0<\/i><i>\u00bb <\/i>s\u2019enthousiasme Angel. Surtout, \u00ab\u00a0<i>chaque journ\u00e9e est diff\u00e9rente tant en termes de personnes avec qui on travaille que de type d\u2019interventions. C\u2019est tr\u00e8s vari\u00e9. On ne sait jamais \u00e0 quoi s\u2019attendre<\/i>\u00a0\u00bb quand on lui demande ce qui le fait tenir. L\u2019avenir, c\u2019est aussi de savoir se retirer au bon moment avoue-t-il quand on lui pose la question de la rel\u00e8ve. \u00ab\u00a0\u00c0<i> un moment, il va falloir arr\u00eater, mettre du sang neuf<\/i>\u00a0\u00bb, reconna\u00eet-il volontiers m\u00eame s\u2019il estime arriver \u00e0 \u00ab\u00a0<i>encore faire le boulot<\/i>\u00a0\u00bb. Une certitude\u00a0: \u00ab\u00a0<i>il faut injecter des nouveaux, petit \u00e0 petit. De moi-m\u00eame si je ne me sens plus la capacit\u00e9 de faire, je demanderai \u00e0 sortir du tour&#8230;<\/i><i>\u00a0<\/i>\u00bb<\/p>\n<\/p><\/div>\n","protected":false},"excerpt":{"rendered":"Discret et entier, Angel Lara, 63&nbsp;ans, infirmier volontaire &agrave; la retraite de sapeurs-pompiers professionnel depuis 2023, a d&eacute;barqu&eacute; &agrave; la base de Marignane voil&agrave; 26&nbsp;ans. Apr&egrave;s 17&nbsp;ans de &#8230;","protected":false},"author":1,"featured_media":36639,"comment_status":"open","ping_status":"open","sticky":false,"template":"","format":"standard","meta":{"footnotes":""},"categories":[3926,3925,20],"tags":[10,6085,2351,3670,132,2952,505,1353,1130,1349,2878,292,1202,445,1704,335,2200,1911,1674,2735,1613,1085,1889,88,1941],"news-destination":[3944],"news-source":[475],"is_homepage":[],"ta_other":[],"class_list":["post-36638","post","type-post","status-publish","format-standard","has-post-thumbnail","hentry","category-accueil-merge","category-accueil-third","category-societe","tag-bouches-du-rhone","tag-cest-lete","tag-carriere","tag-commando","tag-communication","tag-effondrement","tag-formation","tag-helicoptere","tag-inondations","tag-marignane","tag-marine","tag-medecins","tag-meteo","tag-metiers","tag-noyades","tag-portrait","tag-retraite","tag-risques","tag-sapeurs-pompiers","tag-sauvetage-en-mer","tag-securite-civile","tag-sensibilisation","tag-statistiques","tag-surveillance","tag-victimes","news-destination-homepage","news-source-website"],"_links":{"self":[{"href":"https:\/\/euapp01.newsmemory.com\/lamarseillaise\/news\/wp-json\/wp\/v2\/posts\/36638","targetHints":{"allow":["GET"]}}],"collection":[{"href":"https:\/\/euapp01.newsmemory.com\/lamarseillaise\/news\/wp-json\/wp\/v2\/posts"}],"about":[{"href":"https:\/\/euapp01.newsmemory.com\/lamarseillaise\/news\/wp-json\/wp\/v2\/types\/post"}],"author":[{"embeddable":true,"href":"https:\/\/euapp01.newsmemory.com\/lamarseillaise\/news\/wp-json\/wp\/v2\/users\/1"}],"replies":[{"embeddable":true,"href":"https:\/\/euapp01.newsmemory.com\/lamarseillaise\/news\/wp-json\/wp\/v2\/comments?post=36638"}],"version-history":[{"count":1,"href":"https:\/\/euapp01.newsmemory.com\/lamarseillaise\/news\/wp-json\/wp\/v2\/posts\/36638\/revisions"}],"predecessor-version":[{"id":36640,"href":"https:\/\/euapp01.newsmemory.com\/lamarseillaise\/news\/wp-json\/wp\/v2\/posts\/36638\/revisions\/36640"}],"wp:featuredmedia":[{"embeddable":true,"href":"https:\/\/euapp01.newsmemory.com\/lamarseillaise\/news\/wp-json\/wp\/v2\/media\/36639"}],"wp:attachment":[{"href":"https:\/\/euapp01.newsmemory.com\/lamarseillaise\/news\/wp-json\/wp\/v2\/media?parent=36638"}],"wp:term":[{"taxonomy":"category","embeddable":true,"href":"https:\/\/euapp01.newsmemory.com\/lamarseillaise\/news\/wp-json\/wp\/v2\/categories?post=36638"},{"taxonomy":"post_tag","embeddable":true,"href":"https:\/\/euapp01.newsmemory.com\/lamarseillaise\/news\/wp-json\/wp\/v2\/tags?post=36638"},{"taxonomy":"news-destination","embeddable":true,"href":"https:\/\/euapp01.newsmemory.com\/lamarseillaise\/news\/wp-json\/wp\/v2\/news-destination?post=36638"},{"taxonomy":"news-source","embeddable":true,"href":"https:\/\/euapp01.newsmemory.com\/lamarseillaise\/news\/wp-json\/wp\/v2\/news-source?post=36638"},{"taxonomy":"is_homepage","embeddable":true,"href":"https:\/\/euapp01.newsmemory.com\/lamarseillaise\/news\/wp-json\/wp\/v2\/is_homepage?post=36638"},{"taxonomy":"ta_other","embeddable":true,"href":"https:\/\/euapp01.newsmemory.com\/lamarseillaise\/news\/wp-json\/wp\/v2\/ta_other?post=36638"}],"curies":[{"name":"wp","href":"https:\/\/api.w.org\/{rel}","templated":true}]}}