{"id":36632,"date":"2026-07-17T08:32:00","date_gmt":"2026-07-17T06:32:00","guid":{"rendered":"https:\/\/euapp01.newsmemory.com\/lamarseillaise\/news\/?p=36632"},"modified":"2026-07-17T10:10:11","modified_gmt":"2026-07-17T08:10:11","slug":"si-tu-peux-parler-cest-que-tu-respires","status":"publish","type":"post","link":"https:\/\/euapp01.newsmemory.com\/lamarseillaise\/news\/2026\/07\/17\/si-tu-peux-parler-cest-que-tu-respires\/","title":{"rendered":"\u00ab&nbsp;Si tu peux parler, c\u2019est que tu respires&nbsp;\u00bb"},"content":{"rendered":"<div class=\"paragraph\">\n<p>Par Clara Ben Soussan, avocate au barreau de Marseille<\/p>\n<\/p><\/div>\n<div class=\"paragraph\"> <\/div>\n<div class=\"paragraph\">\n<p>Ce ne sont pas des mots rassurants, dits \u00e0 un enfant inquiet qui crierait alors qu\u2019il a aval\u00e9 un bon de travers et qui aurait peur de s\u2019\u00e9touffer.<\/p>\n<p>Ce ne sont pas des mots qui rassurent, ce sont des mots qui torturent. \u00ab\u00a0Si tu peux parler c\u2019est que tu respires\u00a0\u00bb, c\u2019est la phrase rapport\u00e9e par de nombreux d\u00e9tenus du centre p\u00e9nitentiaire de Cond\u00e9-sur-Sarthe (Orne) et \u00e9crite au feutre sur le tableau du bureau des officiers, ponctu\u00e9e d\u2019un smiley sourire.<\/p>\n<p>C\u2019est Madame Simonnot, Contr\u00f4leuse des Lieux de Privation de Libert\u00e9 (CGLP), qui nous permet d\u2019avoir acc\u00e8s \u00e0 ce qu\u2019il se passe dans ce quartier de lutte contre la criminalit\u00e9 organis\u00e9e (QLCO). Celle-ci nous apprend aussi que cette phrase accompagne souvent un \u00ab\u00a0pliage\u00a0\u00bb, c\u2019est-\u00e0-dire une technique utilis\u00e9e par des surveillants pour projeter au sol et immobiliser au sol des d\u00e9tenus. Ces mots y sont utilis\u00e9s comme une arme d\u2019autorit\u00e9 accompagnant des violences physiques ill\u00e9gitimes et graves.<\/p>\n<p>C\u2019est G\u00e9rald Darmanin, ministre de la Justice, qui est \u00e0 l\u2019initiative de ces QLCO\u00a0; son objectif \u00e9tait d\u2019isoler totalement les d\u00e9tenus consid\u00e9r\u00e9s comme particuli\u00e8rement dangereux dans la lutte contre le trafic de stup\u00e9fiants. <span class=\"mln_uppercase_mln\">\u00e0<\/span> ce sujet, et dans une lettre du 15.10.2025, il expliquait avoir \u00ab\u00a0engag\u00e9 une transformation profonde de notre syst\u00e8me p\u00e9nitentiaire pour r\u00e9tablir l\u2019autorit\u00e9 de l\u2019\u00c9tat dans les prisons, et rendre la d\u00e9tention plus efficace et plus s\u00fbre pour mieux prot\u00e9ger les Fran\u00e7ais\u00a0\u00bb.<\/p>\n<p>Ce qui est d\u00e9crit par la CGLP \u00e0 l\u2019int\u00e9rieur de cette prison ne rel\u00e8ve pas de l\u2019autorit\u00e9 de l\u2019\u00c9tat. Des propos ignobles, tenus par des surveillants sont rapport\u00e9s\u00a0: \u00ab\u00a0Esp\u00e8ce de merde\u00a0\u00bb, \u00ab\u00a0Ta gueule\u00a0\u00bb, \u00ab\u00a0Sale bougnoule\u00a0\u00bb, \u00ab\u00a0Ici on va te briser\u00a0\u00bb ou des chants tels que\u00a0: \u00ab\u00a0Ici, c\u2019est chez nous, ici c\u2019est le III<sup>e<\/sup>\u00a0Reich, les nazis c\u2019est nous\u00a0\u00bb.<\/p>\n<p>Ces \u00e9tablissements sont devenus des lieux de non-droit dans lesquels certains surveillants s\u2019offrent le droit de contrevenir \u00e0 leurs propres r\u00e8gles d\u00e9ontologiques et \u00e0 la loi. En effet, les injures raciales constituent une contravention et les violences aggrav\u00e9es (par personne d\u00e9positaire de l\u2019autorit\u00e9 publique, avec arme, en raison de l\u2019origine, etc.) sont un d\u00e9lit.<\/p>\n<p>L\u2019an dernier, le ministre de la justice s\u2019est montr\u00e9 particuli\u00e8rement insistant sur la n\u00e9cessit\u00e9 de ces prisons dites de haute s\u00e9curit\u00e9\u00a0; tellement insistant qu\u2019il n\u2019a eu que faire des pr\u00e9conisations et alertes pr\u00e9ventives des professionnel<sup>.<\/sup>les du droit et des travailleur<sup>.<\/sup>euses p\u00e9nitentiaires qui l\u2019ont alert\u00e9 sur les conditions indignes de d\u00e9tention.<\/p>\n<p>Il est d\u00e9sormais temps qu\u2019il entende les plaintes fond\u00e9es, actuelles et graves qui sont formul\u00e9es. La dignit\u00e9 et le respect des d\u00e9tenus ne peuvent \u00eatre mis \u00e0 mal par la violence institutionnelle qui r\u00e8gne dans ces \u00e9tablissements.<\/p>\n<\/p><\/div>\n<div class=\"paragraph\">\n<p><i>Une question<\/i><i>\u00a0<\/i><i>? Besoin d\u2019un conseil<\/i><i>\u00a0<\/i><i>? Contactez nos chroniqueurs par mail<\/i><\/p>\n<p><i>avocats@lamarseillaise.fr<\/i><\/p>\n<\/p><\/div>\n","protected":false},"excerpt":{"rendered":"Par Clara Ben Soussan, avocate au barreau de Marseille Ce ne sont pas des mots rassurants, dits &agrave; un enfant inquiet qui crierait alors qu&rsquo;il a aval&eacute; un bon de travers et qui aurait peur de s&rsquo;&eacute;touffer.Ce ne sont pas &#8230;","protected":false},"author":1,"featured_media":36633,"comment_status":"open","ping_status":"open","sticky":false,"template":"","format":"standard","meta":{"footnotes":""},"categories":[20],"tags":[964,1114,10,1036,1976,2133,2578,2560,1722,249,200,2245,16,1031,857,3077,2151,2060,272],"news-destination":[],"news-source":[475],"is_homepage":[],"ta_other":[],"class_list":["post-36632","post","type-post","status-publish","format-standard","has-post-thumbnail","hentry","category-societe","tag-accompagnement","tag-avocats","tag-bouches-du-rhone","tag-centre-penitentiaire","tag-criminalite","tag-danger","tag-detenus","tag-dignite","tag-droits","tag-gerald-darmanin","tag-justice","tag-maltraitance","tag-marseille","tag-prison","tag-racisme","tag-robes-noires","tag-surveillants-penitentiaires","tag-trafic-de-stupefiants","tag-violences","news-source-website"],"_links":{"self":[{"href":"https:\/\/euapp01.newsmemory.com\/lamarseillaise\/news\/wp-json\/wp\/v2\/posts\/36632","targetHints":{"allow":["GET"]}}],"collection":[{"href":"https:\/\/euapp01.newsmemory.com\/lamarseillaise\/news\/wp-json\/wp\/v2\/posts"}],"about":[{"href":"https:\/\/euapp01.newsmemory.com\/lamarseillaise\/news\/wp-json\/wp\/v2\/types\/post"}],"author":[{"embeddable":true,"href":"https:\/\/euapp01.newsmemory.com\/lamarseillaise\/news\/wp-json\/wp\/v2\/users\/1"}],"replies":[{"embeddable":true,"href":"https:\/\/euapp01.newsmemory.com\/lamarseillaise\/news\/wp-json\/wp\/v2\/comments?post=36632"}],"version-history":[{"count":1,"href":"https:\/\/euapp01.newsmemory.com\/lamarseillaise\/news\/wp-json\/wp\/v2\/posts\/36632\/revisions"}],"predecessor-version":[{"id":36634,"href":"https:\/\/euapp01.newsmemory.com\/lamarseillaise\/news\/wp-json\/wp\/v2\/posts\/36632\/revisions\/36634"}],"wp:featuredmedia":[{"embeddable":true,"href":"https:\/\/euapp01.newsmemory.com\/lamarseillaise\/news\/wp-json\/wp\/v2\/media\/36633"}],"wp:attachment":[{"href":"https:\/\/euapp01.newsmemory.com\/lamarseillaise\/news\/wp-json\/wp\/v2\/media?parent=36632"}],"wp:term":[{"taxonomy":"category","embeddable":true,"href":"https:\/\/euapp01.newsmemory.com\/lamarseillaise\/news\/wp-json\/wp\/v2\/categories?post=36632"},{"taxonomy":"post_tag","embeddable":true,"href":"https:\/\/euapp01.newsmemory.com\/lamarseillaise\/news\/wp-json\/wp\/v2\/tags?post=36632"},{"taxonomy":"news-destination","embeddable":true,"href":"https:\/\/euapp01.newsmemory.com\/lamarseillaise\/news\/wp-json\/wp\/v2\/news-destination?post=36632"},{"taxonomy":"news-source","embeddable":true,"href":"https:\/\/euapp01.newsmemory.com\/lamarseillaise\/news\/wp-json\/wp\/v2\/news-source?post=36632"},{"taxonomy":"is_homepage","embeddable":true,"href":"https:\/\/euapp01.newsmemory.com\/lamarseillaise\/news\/wp-json\/wp\/v2\/is_homepage?post=36632"},{"taxonomy":"ta_other","embeddable":true,"href":"https:\/\/euapp01.newsmemory.com\/lamarseillaise\/news\/wp-json\/wp\/v2\/ta_other?post=36632"}],"curies":[{"name":"wp","href":"https:\/\/api.w.org\/{rel}","templated":true}]}}