{"id":36629,"date":"2026-07-17T08:20:00","date_gmt":"2026-07-17T06:20:00","guid":{"rendered":"https:\/\/euapp01.newsmemory.com\/lamarseillaise\/news\/?p=36629"},"modified":"2026-07-17T10:10:11","modified_gmt":"2026-07-17T08:10:11","slug":"le-varois-christophe-cluzel-chef-detat-major-de-la-marine","status":"publish","type":"post","link":"https:\/\/euapp01.newsmemory.com\/lamarseillaise\/news\/2026\/07\/17\/le-varois-christophe-cluzel-chef-detat-major-de-la-marine\/","title":{"rendered":"Le Varois Christophe Cluzel chef d\u2019\u00e9tat-major de la Marine"},"content":{"rendered":"<div class=\"paragraph\">\n<p><i><span class=\"mln_uppercase_mln\"><\/span><\/i><\/p>\n<p>Originaire du Var, il a pris ses nouvelles responsabilit\u00e9s \u00e0 bord du porte-h\u00e9licopt\u00e8res amphibie <i>Mistral<\/i>, \u00e0 Toulon.<\/p>\n<p>Entr\u00e9 \u00e0 l\u2019\u00c9cole navale en 1991, Christophe Cluzel a effectu\u00e9 l\u2019essentiel de sa carri\u00e8re \u00e0 la mer. Apr\u00e8s une premi\u00e8re affectation sur la <i>Jeanne-d\u2019Arc<\/i>, il sert sur plusieurs b\u00e2timents de la flotte et participe notamment \u00e0 des missions dans les Terres australes et antarctiques fran\u00e7aises, \u00e0 la lutte contre le trafic de stup\u00e9fiants dans les Cara\u00efbes ainsi qu\u2019\u00e0 de nombreuses op\u00e9rations ext\u00e9rieures. Commandant du patrouilleur <i>La Moqueuse<\/i>, puis de la fr\u00e9gate de d\u00e9fense a\u00e9rienne <i>Forbin<\/i>, il a occup\u00e9 des postes strat\u00e9giques au minist\u00e8re des Arm\u00e9es et au sein du groupe a\u00e9ronaval. Depuis ao\u00fbt\u00a02023, il commandait la Force d\u2019action navale et la force a\u00e9ronavale nucl\u00e9aire. Il acc\u00e8de aujourd\u2019hui \u00e0 la plus haute fonction de la Marine fran\u00e7aise.<\/p>\n<\/p><\/div>\n","protected":false},"excerpt":{"rendered":"Originaire du Var, il a pris ses nouvelles responsabilit&eacute;s &agrave; bord du porte-h&eacute;licopt&egrave;res amphibie Mistral, &agrave; Toulon.Entr&eacute; &agrave; l&rsquo;&Eacute;cole navale en 1991, Christophe Cluzel a effectu&eacute; &#8230;","protected":false},"author":1,"featured_media":36630,"comment_status":"open","ping_status":"open","sticky":false,"template":"","format":"standard","meta":{"footnotes":""},"categories":[20],"tags":[2878,597,31],"news-destination":[],"news-source":[475],"is_homepage":[],"ta_other":[],"class_list":["post-36629","post","type-post","status-publish","format-standard","has-post-thumbnail","hentry","category-societe","tag-marine","tag-toulon","tag-var","news-source-website"],"_links":{"self":[{"href":"https:\/\/euapp01.newsmemory.com\/lamarseillaise\/news\/wp-json\/wp\/v2\/posts\/36629","targetHints":{"allow":["GET"]}}],"collection":[{"href":"https:\/\/euapp01.newsmemory.com\/lamarseillaise\/news\/wp-json\/wp\/v2\/posts"}],"about":[{"href":"https:\/\/euapp01.newsmemory.com\/lamarseillaise\/news\/wp-json\/wp\/v2\/types\/post"}],"author":[{"embeddable":true,"href":"https:\/\/euapp01.newsmemory.com\/lamarseillaise\/news\/wp-json\/wp\/v2\/users\/1"}],"replies":[{"embeddable":true,"href":"https:\/\/euapp01.newsmemory.com\/lamarseillaise\/news\/wp-json\/wp\/v2\/comments?post=36629"}],"version-history":[{"count":1,"href":"https:\/\/euapp01.newsmemory.com\/lamarseillaise\/news\/wp-json\/wp\/v2\/posts\/36629\/revisions"}],"predecessor-version":[{"id":36631,"href":"https:\/\/euapp01.newsmemory.com\/lamarseillaise\/news\/wp-json\/wp\/v2\/posts\/36629\/revisions\/36631"}],"wp:featuredmedia":[{"embeddable":true,"href":"https:\/\/euapp01.newsmemory.com\/lamarseillaise\/news\/wp-json\/wp\/v2\/media\/36630"}],"wp:attachment":[{"href":"https:\/\/euapp01.newsmemory.com\/lamarseillaise\/news\/wp-json\/wp\/v2\/media?parent=36629"}],"wp:term":[{"taxonomy":"category","embeddable":true,"href":"https:\/\/euapp01.newsmemory.com\/lamarseillaise\/news\/wp-json\/wp\/v2\/categories?post=36629"},{"taxonomy":"post_tag","embeddable":true,"href":"https:\/\/euapp01.newsmemory.com\/lamarseillaise\/news\/wp-json\/wp\/v2\/tags?post=36629"},{"taxonomy":"news-destination","embeddable":true,"href":"https:\/\/euapp01.newsmemory.com\/lamarseillaise\/news\/wp-json\/wp\/v2\/news-destination?post=36629"},{"taxonomy":"news-source","embeddable":true,"href":"https:\/\/euapp01.newsmemory.com\/lamarseillaise\/news\/wp-json\/wp\/v2\/news-source?post=36629"},{"taxonomy":"is_homepage","embeddable":true,"href":"https:\/\/euapp01.newsmemory.com\/lamarseillaise\/news\/wp-json\/wp\/v2\/is_homepage?post=36629"},{"taxonomy":"ta_other","embeddable":true,"href":"https:\/\/euapp01.newsmemory.com\/lamarseillaise\/news\/wp-json\/wp\/v2\/ta_other?post=36629"}],"curies":[{"name":"wp","href":"https:\/\/api.w.org\/{rel}","templated":true}]}}