{"id":36626,"date":"2026-07-17T08:22:00","date_gmt":"2026-07-17T06:22:00","guid":{"rendered":"https:\/\/euapp01.newsmemory.com\/lamarseillaise\/news\/?p=36626"},"modified":"2026-07-17T10:10:11","modified_gmt":"2026-07-17T08:10:11","slug":"des-haltes-pour-se-mettre-au-frais-a-marseille","status":"publish","type":"post","link":"https:\/\/euapp01.newsmemory.com\/lamarseillaise\/news\/2026\/07\/17\/des-haltes-pour-se-mettre-au-frais-a-marseille\/","title":{"rendered":"Des haltes pour se mettre au frais \u00e0 Marseille"},"content":{"rendered":"<div class=\"paragraph\">\n<p>Compte tenu de la vague de chaleur qui ne cesse de s\u00e9vir sur le d\u00e9partement des Bouches-du-Rh\u00f4ne et la cit\u00e9 phoc\u00e9enne plac\u00e9s en vigilance orange, la municipalit\u00e9 a reconduit les diff\u00e9rentes mesures et dispositifs afin de permettre \u00e0 tous de b\u00e9n\u00e9ficier d\u2019un peu de fra\u00eecheur. Les piscines municipales restent gratuites, la plage des Catalans restera \u00e9galement accessible de jour comme de nuit tandis que les parcs et jardins sont ouverts ce vendredi jusqu\u2019\u00e0 21h. Une carte interactive, accessible sur le site de la Ville, a \u00e9t\u00e9 mise en place pour que chacun puisse trouver un coin de fra\u00eecheur parmi les quelque 500\u00a0points r\u00e9f\u00e9renc\u00e9s\u00a0: des \u00e9tablissements s\u00e9nior, aux centres d\u2019animation, jusqu\u2019aux squares, \u00e9tablissements culturels ou fontaines.<\/p>\n<\/p><\/div>\n","protected":false},"excerpt":{"rendered":"Compte tenu de la vague de chaleur qui ne cesse de s&eacute;vir sur le d&eacute;partement des Bouches-du-Rh&ocirc;ne et la cit&eacute; phoc&eacute;enne plac&eacute;s en vigilance orange, la municipalit&eacute; a reconduit les diff&eacute;rentes &#8230;","protected":false},"author":1,"featured_media":36627,"comment_status":"open","ping_status":"open","sticky":false,"template":"","format":"standard","meta":{"footnotes":""},"categories":[20],"tags":[10,372,3136,373,5705,1083,2464,3635,16,2502,2223,888,99],"news-destination":[],"news-source":[475],"is_homepage":[],"ta_other":[],"class_list":["post-36626","post","type-post","status-publish","format-standard","has-post-thumbnail","hentry","category-societe","tag-bouches-du-rhone","tag-canicule","tag-catalans","tag-chaleur","tag-fraicheur","tag-gratuit","tag-gratuite","tag-jardins","tag-marseille","tag-parcs","tag-piscines","tag-plages","tag-ville-de-marseille","news-source-website"],"_links":{"self":[{"href":"https:\/\/euapp01.newsmemory.com\/lamarseillaise\/news\/wp-json\/wp\/v2\/posts\/36626","targetHints":{"allow":["GET"]}}],"collection":[{"href":"https:\/\/euapp01.newsmemory.com\/lamarseillaise\/news\/wp-json\/wp\/v2\/posts"}],"about":[{"href":"https:\/\/euapp01.newsmemory.com\/lamarseillaise\/news\/wp-json\/wp\/v2\/types\/post"}],"author":[{"embeddable":true,"href":"https:\/\/euapp01.newsmemory.com\/lamarseillaise\/news\/wp-json\/wp\/v2\/users\/1"}],"replies":[{"embeddable":true,"href":"https:\/\/euapp01.newsmemory.com\/lamarseillaise\/news\/wp-json\/wp\/v2\/comments?post=36626"}],"version-history":[{"count":1,"href":"https:\/\/euapp01.newsmemory.com\/lamarseillaise\/news\/wp-json\/wp\/v2\/posts\/36626\/revisions"}],"predecessor-version":[{"id":36628,"href":"https:\/\/euapp01.newsmemory.com\/lamarseillaise\/news\/wp-json\/wp\/v2\/posts\/36626\/revisions\/36628"}],"wp:featuredmedia":[{"embeddable":true,"href":"https:\/\/euapp01.newsmemory.com\/lamarseillaise\/news\/wp-json\/wp\/v2\/media\/36627"}],"wp:attachment":[{"href":"https:\/\/euapp01.newsmemory.com\/lamarseillaise\/news\/wp-json\/wp\/v2\/media?parent=36626"}],"wp:term":[{"taxonomy":"category","embeddable":true,"href":"https:\/\/euapp01.newsmemory.com\/lamarseillaise\/news\/wp-json\/wp\/v2\/categories?post=36626"},{"taxonomy":"post_tag","embeddable":true,"href":"https:\/\/euapp01.newsmemory.com\/lamarseillaise\/news\/wp-json\/wp\/v2\/tags?post=36626"},{"taxonomy":"news-destination","embeddable":true,"href":"https:\/\/euapp01.newsmemory.com\/lamarseillaise\/news\/wp-json\/wp\/v2\/news-destination?post=36626"},{"taxonomy":"news-source","embeddable":true,"href":"https:\/\/euapp01.newsmemory.com\/lamarseillaise\/news\/wp-json\/wp\/v2\/news-source?post=36626"},{"taxonomy":"is_homepage","embeddable":true,"href":"https:\/\/euapp01.newsmemory.com\/lamarseillaise\/news\/wp-json\/wp\/v2\/is_homepage?post=36626"},{"taxonomy":"ta_other","embeddable":true,"href":"https:\/\/euapp01.newsmemory.com\/lamarseillaise\/news\/wp-json\/wp\/v2\/ta_other?post=36626"}],"curies":[{"name":"wp","href":"https:\/\/api.w.org\/{rel}","templated":true}]}}