{"id":36623,"date":"2026-07-17T08:18:00","date_gmt":"2026-07-17T06:18:00","guid":{"rendered":"https:\/\/euapp01.newsmemory.com\/lamarseillaise\/news\/?p=36623"},"modified":"2026-07-17T10:10:11","modified_gmt":"2026-07-17T08:10:11","slug":"avignon-un-ultime-adieu-rendu-a-christine-lagrange","status":"publish","type":"post","link":"https:\/\/euapp01.newsmemory.com\/lamarseillaise\/news\/2026\/07\/17\/avignon-un-ultime-adieu-rendu-a-christine-lagrange\/","title":{"rendered":"Avignon : un ultime adieu rendu \u00e0 Christine Lagrange"},"content":{"rendered":"<div class=\"paragraph\">\n<p>L\u2019ancienne conseill\u00e8re municipale (2008 \u00e0 2026) de gauche est d\u00e9c\u00e9d\u00e9e brutalement le 7 juillet, des suites d\u2019un AVC. Si depuis de multiples hommages lui ont \u00e9t\u00e9 rendus<br \/>-la Ville ouvrant en mairie un cahier de condol\u00e9ances- plusieurs \u00e9lus, actuels ou anciens, \u00e9taient pr\u00e9sents ce jeudi pour saluer la m\u00e9moire de celle qui fut aussi conseill\u00e8re r\u00e9gionale et encore candidate, en mars dernier, sur la liste de David Fournier (PS). Ce dernier \u00e9tait pr\u00e9sent, tout comme le s\u00e9nateur Lucien Stanzione (PS), les conseillers d\u00e9partementaux Sophie Rigaut (PS), Laurence Lefevre (DVG) et Samir Allel (EELV), l\u2019ex-premier adjoint Claude Nahoum, Andr\u00e9 Castelli (PCF) ou Michel Bissi\u00e8re (DVD). Amine El Khatmi et Anne Gagniard ont, eux, prononc\u00e9 l\u2019oraison.<\/p>\n<\/p><\/div>\n","protected":false},"excerpt":{"rendered":"L&rsquo;ancienne conseill&egrave;re municipale (2008 &agrave; 2026) de gauche est d&eacute;c&eacute;d&eacute;e brutalement le 7 juillet, des suites d&rsquo;un AVC. Si depuis de multiples hommages lui ont &eacute;t&eacute; rendus-la Ville ouvrant en &#8230;","protected":false},"author":1,"featured_media":36624,"comment_status":"open","ping_status":"open","sticky":false,"template":"","format":"standard","meta":{"footnotes":""},"categories":[330],"tags":[174,697,389,3176,3509,171,720],"news-destination":[],"news-source":[475],"is_homepage":[],"ta_other":[],"class_list":["post-36623","post","type-post","status-publish","format-standard","has-post-thumbnail","hentry","category-politique","tag-avignon","tag-elus","tag-hommage","tag-lucien-stanzione","tag-obseques","tag-vaucluse","tag-ville","news-source-website"],"_links":{"self":[{"href":"https:\/\/euapp01.newsmemory.com\/lamarseillaise\/news\/wp-json\/wp\/v2\/posts\/36623","targetHints":{"allow":["GET"]}}],"collection":[{"href":"https:\/\/euapp01.newsmemory.com\/lamarseillaise\/news\/wp-json\/wp\/v2\/posts"}],"about":[{"href":"https:\/\/euapp01.newsmemory.com\/lamarseillaise\/news\/wp-json\/wp\/v2\/types\/post"}],"author":[{"embeddable":true,"href":"https:\/\/euapp01.newsmemory.com\/lamarseillaise\/news\/wp-json\/wp\/v2\/users\/1"}],"replies":[{"embeddable":true,"href":"https:\/\/euapp01.newsmemory.com\/lamarseillaise\/news\/wp-json\/wp\/v2\/comments?post=36623"}],"version-history":[{"count":1,"href":"https:\/\/euapp01.newsmemory.com\/lamarseillaise\/news\/wp-json\/wp\/v2\/posts\/36623\/revisions"}],"predecessor-version":[{"id":36625,"href":"https:\/\/euapp01.newsmemory.com\/lamarseillaise\/news\/wp-json\/wp\/v2\/posts\/36623\/revisions\/36625"}],"wp:featuredmedia":[{"embeddable":true,"href":"https:\/\/euapp01.newsmemory.com\/lamarseillaise\/news\/wp-json\/wp\/v2\/media\/36624"}],"wp:attachment":[{"href":"https:\/\/euapp01.newsmemory.com\/lamarseillaise\/news\/wp-json\/wp\/v2\/media?parent=36623"}],"wp:term":[{"taxonomy":"category","embeddable":true,"href":"https:\/\/euapp01.newsmemory.com\/lamarseillaise\/news\/wp-json\/wp\/v2\/categories?post=36623"},{"taxonomy":"post_tag","embeddable":true,"href":"https:\/\/euapp01.newsmemory.com\/lamarseillaise\/news\/wp-json\/wp\/v2\/tags?post=36623"},{"taxonomy":"news-destination","embeddable":true,"href":"https:\/\/euapp01.newsmemory.com\/lamarseillaise\/news\/wp-json\/wp\/v2\/news-destination?post=36623"},{"taxonomy":"news-source","embeddable":true,"href":"https:\/\/euapp01.newsmemory.com\/lamarseillaise\/news\/wp-json\/wp\/v2\/news-source?post=36623"},{"taxonomy":"is_homepage","embeddable":true,"href":"https:\/\/euapp01.newsmemory.com\/lamarseillaise\/news\/wp-json\/wp\/v2\/is_homepage?post=36623"},{"taxonomy":"ta_other","embeddable":true,"href":"https:\/\/euapp01.newsmemory.com\/lamarseillaise\/news\/wp-json\/wp\/v2\/ta_other?post=36623"}],"curies":[{"name":"wp","href":"https:\/\/api.w.org\/{rel}","templated":true}]}}