{"id":36620,"date":"2026-07-17T08:14:00","date_gmt":"2026-07-17T06:14:00","guid":{"rendered":"https:\/\/euapp01.newsmemory.com\/lamarseillaise\/news\/?p=36620"},"modified":"2026-07-23T08:22:19","modified_gmt":"2026-07-23T06:22:19","slug":"sophie-binet-en-soutien-des-grevistes-du-cloitre-a-avignon","status":"publish","type":"post","link":"https:\/\/euapp01.newsmemory.com\/lamarseillaise\/news\/2026\/07\/17\/sophie-binet-en-soutien-des-grevistes-du-cloitre-a-avignon\/","title":{"rendered":"Sophie Binet en soutien des gr\u00e9vistes du Clo\u00eetre \u00e0 Avignon"},"content":{"rendered":"<div class=\"paragraph\">\n<p>En d\u00e9marrant leur<a rel=\"noopener noreferrer\" href=\"https:\/\/www.lamarseillaise.fr\/social\/avignon-a-l-hotel-du-cloitre-saint-louis-une-greve-qui-sort-des-murs-LA20469983\" target=\"_blank\"> gr\u00e8ve il y a pr\u00e8s de deux semaines, les salari\u00e9s de l\u2019h\u00f4tel du Clo\u00eetre Saint-Louis <\/a>comptaient bien sur l\u2019effet festival pour booster leur mobilisation. On a vu la semaine derni\u00e8re Jean-Luc M\u00e9lenchon venir les soutenir puis, ce jeudi, Sophie Binet. La secr\u00e9taire g\u00e9n\u00e9rale de la CGT est rest\u00e9e pr\u00e8s de 45 minutes \u00e0 s\u2019entretenir avec quelques-uns de la dizaine de gr\u00e9vistes de l\u2019\u00e9tablissement 4 \u00e9toiles mitoyen du si\u00e8ge du festival In. Et ce quelques heures avant une r\u00e9union \u00e0 la demande de l\u2019inspection du travail, tenue en d\u00e9but d\u2019apr\u00e8s midi avec la direction *, qui n\u2019a pas d\u00e9bouch\u00e9 sur des mesures suffisantes aux yeux des salari\u00e9s, qui maintiennent leur mouvement. \u00ab<i>\u00a0<\/i><i>Il y a eu des propositions pour augmenter les salaires de maximum 2% uniquement pour juillet et ao\u00fbt en avan\u00e7ant la hausse pr\u00e9vue en septembre par les grilles de convention collective<\/i>\u00a0\u00bb, relate Carlos Acha Moreno, secr\u00e9taire de l\u2019UL CGT d\u2019Avignon.<\/p>\n<p>\u00ab\u00a0<i>Plus la gr\u00e8ve dure, plus \u00e7a va se voir, je commence \u00e0 \u00eatre exp\u00e9riment\u00e9e pour conseiller les patrons<\/i>, sourit Sophie Binet. <i>Tant que le dialogue n\u2019est pas ouvert, les revendications se durcissent, pour la direction comme pour les salari\u00e9s, il vaut mieux que le travail reprenne le plus vite possible.<\/i>\u00a0\u00bb \u00ab\u00a0<i>Personne ne veut la mort de l\u2019h\u00f4tel<\/i><i>\u00a0<\/i>\u00bb, reprend-elle sous l\u2019approbation des salari\u00e9s, se disant \u00ab<i>\u00a0<\/i><i>choqu\u00e9e<\/i>\u00a0\u00bb que les gr\u00e9vistes aient \u00e0 r\u00e9clamer des frigos ou des machines. \u00ab\u00a0<i>La CGT est bien implant\u00e9e dans des h\u00f4tels de luxe \u00e0 Cannes ou Paris o\u00f9 les salari\u00e9s ont eu droit \u00e0 100% de leur r\u00e9mun\u00e9ration en ch\u00f4mage partiel, on peut vous mettre en contact avec les camarades<\/i><i>\u00a0<\/i>\u00bb, propose Sophie Binet.<\/p>\n<p>Car parmi les inqui\u00e9tudes des gr\u00e9vistes figure la fermeture de l\u2019h\u00f4tel pour travaux sans r\u00e9el calendrier ni r\u00e9mun\u00e9ration compl\u00e8te, et sans r\u00e9ponse lors de la r\u00e9union ce jeudi avec l\u2019inspection du travail. <i>\u00ab<\/i><i>\u00a0<\/i><i>On nous a d\u00e9j\u00e0 interdit d\u2019aller travailler \u00e0 la concurrence<\/i>\u00a0\u00bb, glisse Anna, commis de petits-d\u00e9jeuners, qui, plus globalement, \u00ab\u00a0<i>n\u2019a jamais connu un tel d\u00e9dain en 20 ans<\/i><i>\u00a0<\/i>\u00bb. \u00ab<i>\u00a0<\/i><i>On n\u2019a eu aucune augmentation autre que le cadre l\u00e9gal, il n\u2019y a pas de 13<\/i><i><sup>e<\/sup><\/i><i>\u00a0<\/i><i>mois non plus<\/i>\u00a0\u00bb, peste Ali, plongeur, \u00e0 cheval aussi sur le Grand h\u00f4tel, autre \u00e9tablissement du groupe. Pour lutter contre les fortes chaleurs, des petits ventilateurs portatifs ont \u00e9t\u00e9 re\u00e7us. \u00ab\u00a0<i>On doit les tenir d\u2019une main, c\u2019est tr\u00e8s pratique pour travailler<\/i><i>\u00a0<\/i>\u00bb, pr\u00e9f\u00e8re en sourire un salari\u00e9.<\/p>\n<\/p><\/div>\n<div class=\"paragraph\">\n<p><i>* Qui n\u2019a toujours pas r\u00e9pondu <br \/>\u00e0 nos sollicitations<\/i><\/p>\n<\/p><\/div>\n","protected":false},"excerpt":{"rendered":"En d&eacute;marrant leur gr&egrave;ve il y a pr&egrave;s de deux semaines, les salari&eacute;s de l&rsquo;h&ocirc;tel du Clo&icirc;tre Saint-Louis comptaient bien sur l&rsquo;effet festival pour booster leur mobilisation. On a vu la semaine &#8230;","protected":false},"author":1,"featured_media":36621,"comment_status":"open","ping_status":"open","sticky":false,"template":"","format":"standard","meta":{"footnotes":""},"categories":[3926,3925,331],"tags":[495,174,113,876,1894,1557,393,364,171],"news-destination":[3944],"news-source":[475],"is_homepage":[],"ta_other":[],"class_list":["post-36620","post","type-post","status-publish","format-standard","has-post-thumbnail","hentry","category-accueil-merge","category-accueil-third","category-social","tag-495","tag-avignon","tag-cgt","tag-greve","tag-hotellerie","tag-sophie-binet","tag-soutien","tag-syndicats","tag-vaucluse","news-destination-homepage","news-source-website"],"_links":{"self":[{"href":"https:\/\/euapp01.newsmemory.com\/lamarseillaise\/news\/wp-json\/wp\/v2\/posts\/36620","targetHints":{"allow":["GET"]}}],"collection":[{"href":"https:\/\/euapp01.newsmemory.com\/lamarseillaise\/news\/wp-json\/wp\/v2\/posts"}],"about":[{"href":"https:\/\/euapp01.newsmemory.com\/lamarseillaise\/news\/wp-json\/wp\/v2\/types\/post"}],"author":[{"embeddable":true,"href":"https:\/\/euapp01.newsmemory.com\/lamarseillaise\/news\/wp-json\/wp\/v2\/users\/1"}],"replies":[{"embeddable":true,"href":"https:\/\/euapp01.newsmemory.com\/lamarseillaise\/news\/wp-json\/wp\/v2\/comments?post=36620"}],"version-history":[{"count":1,"href":"https:\/\/euapp01.newsmemory.com\/lamarseillaise\/news\/wp-json\/wp\/v2\/posts\/36620\/revisions"}],"predecessor-version":[{"id":36622,"href":"https:\/\/euapp01.newsmemory.com\/lamarseillaise\/news\/wp-json\/wp\/v2\/posts\/36620\/revisions\/36622"}],"wp:featuredmedia":[{"embeddable":true,"href":"https:\/\/euapp01.newsmemory.com\/lamarseillaise\/news\/wp-json\/wp\/v2\/media\/36621"}],"wp:attachment":[{"href":"https:\/\/euapp01.newsmemory.com\/lamarseillaise\/news\/wp-json\/wp\/v2\/media?parent=36620"}],"wp:term":[{"taxonomy":"category","embeddable":true,"href":"https:\/\/euapp01.newsmemory.com\/lamarseillaise\/news\/wp-json\/wp\/v2\/categories?post=36620"},{"taxonomy":"post_tag","embeddable":true,"href":"https:\/\/euapp01.newsmemory.com\/lamarseillaise\/news\/wp-json\/wp\/v2\/tags?post=36620"},{"taxonomy":"news-destination","embeddable":true,"href":"https:\/\/euapp01.newsmemory.com\/lamarseillaise\/news\/wp-json\/wp\/v2\/news-destination?post=36620"},{"taxonomy":"news-source","embeddable":true,"href":"https:\/\/euapp01.newsmemory.com\/lamarseillaise\/news\/wp-json\/wp\/v2\/news-source?post=36620"},{"taxonomy":"is_homepage","embeddable":true,"href":"https:\/\/euapp01.newsmemory.com\/lamarseillaise\/news\/wp-json\/wp\/v2\/is_homepage?post=36620"},{"taxonomy":"ta_other","embeddable":true,"href":"https:\/\/euapp01.newsmemory.com\/lamarseillaise\/news\/wp-json\/wp\/v2\/ta_other?post=36620"}],"curies":[{"name":"wp","href":"https:\/\/api.w.org\/{rel}","templated":true}]}}