{"id":36617,"date":"2026-07-17T08:16:00","date_gmt":"2026-07-17T06:16:00","guid":{"rendered":"https:\/\/euapp01.newsmemory.com\/lamarseillaise\/news\/?p=36617"},"modified":"2026-07-23T08:22:19","modified_gmt":"2026-07-23T06:22:19","slug":"violences-conjugales-des-coups-plus-nombreux-a-chaque-vague-de-chaleur","status":"publish","type":"post","link":"https:\/\/euapp01.newsmemory.com\/lamarseillaise\/news\/2026\/07\/17\/violences-conjugales-des-coups-plus-nombreux-a-chaque-vague-de-chaleur\/","title":{"rendered":"[Violences conjugales] Des coups plus nombreux \u00e0 chaque vague de chaleur"},"content":{"rendered":"<div class=\"paragraph\">\n<p>Une femme sur un \u00e9cran avec un thermom\u00e8tre en direct. Plus la temp\u00e9rature s\u2019\u00e9l\u00e8ve, plus son visage porte les stigmates de coups&#8230; Avec l\u2019arriv\u00e9e de la canicule, l\u2019ONG Care France a lanc\u00e9 une campagne de sensibilisation le 7\u00a0juillet sur des panneaux r\u00e9partis dans la capitale et sur le web. Elle s\u2019appuie notamment sur les r\u00e9sultats d\u2019une \u00e9tude d\u2019avril 2025, \u00ab\u00a0<i>Crises entrelac\u00e9es<\/i><i>\u00a0<\/i><i>: comment la crise climatique alimente la violence bas\u00e9e sur le genre<\/i><i>\u00a0<\/i>\u00bb, par le programme \u00ab\u00a0<i>spotlight initiative<\/i><i>\u00a0<\/i>\u00bb, port\u00e9 par l\u2019ONU pour \u00ab\u00a0<i>mettre fin \u00e0 la violence contre les femmes<\/i>\u00a0\u00bb. \u00c0 chaque degr\u00e9 suppl\u00e9mentaire, c\u2019est 4,7% de violences en plus pour les filles et les femmes dans le monde, assure l\u2019ONG.<\/p>\n<p>\u00ab\u00a0<i>Chaque vague de chaleur, c\u2019est un risque de f\u00e9minicide augment\u00e9 de 28%<\/i> \u00bb, poursuit Care France, rappelant que \u00ab<i>\u00a0<\/i><i>lors du pr\u00e9c\u00e9dent \u00e9pisode de canicule en juin, les violences faites aux femmes ont, elles aussi, battu des records<\/i><i>\u00a0<\/i><i>: +30% de signalements de harc\u00e8lement de rue<\/i>\u00a0\u00bb. Pour Adea Guillot, directrice de l\u2019Engagement au sein de l\u2019ONG, \u00ab\u00a0<i>la canicule que nous vivons n\u2019est pas qu\u2019une question environnementale. Pour des millions de femmes dans le monde, c\u2019est une question de survie. Rappelons qu\u2019en France, le 3919 -num\u00e9ro national d\u2019\u00e9coute pour les femmes victimes de violences- re\u00e7oit des appels chaque jour de femmes qui n\u2019ont nulle part o\u00f9 aller.<\/i><i>\u00a0<\/i><i>\u00bb <\/i><\/p>\n<p><i><\/i><\/p>\n<\/p><\/div>\n<div class=\"intext\"> Des chiffres en hausse\n              <\/div>\n<div class=\"paragraph\">\n<p>Les effets de la crise climatique ne sont pas sans rappeler ceux v\u00e9cus lors de la pand\u00e9mie de Covid 19. La mission interminist\u00e9rielle pour la protection des femmes contre les violences et la lutte contre la traite des \u00eatres humains, notait dans son rapport publi\u00e9 en juillet 2020 que \u00ab\u00a0<i>les moyens de communication &#8220;silencieux&#8221;[avaient] connu un essor exceptionnel<\/i>\u00a0\u00bb, \u00ab\u00a0<i>les tchats de la plateforme de signalement des violences sexistes et sexuelles &#8220;Arr\u00eatons les violences&#8221; [avaient] \u00e9t\u00e9 multipli\u00e9s par 4,4 par rapport \u00e0 2019<\/i>\u00a0\u00bb pour tous les faits de violences et par 17 pour les faits de violences intrafamiliales.<\/p>\n<p>Dans son dernier bilan \u00ab\u00a0<i>ins\u00e9curit\u00e9 et d\u00e9linquance<\/i>\u00a0\u00bb en date du 9\u00a0juillet, le minist\u00e8re de l\u2019Int\u00e9rieur pointe justement une mont\u00e9e de ces derni\u00e8res de 6% en 2025 quand 9,4% d\u2019appels au 3919 sont en provenance de Paca selon Solidarit\u00e9 Femmes qui g\u00e8re ce num\u00e9ro. Et ce malgr\u00e9 une \u00ab\u00a0<i>volont\u00e9 de changer d\u2019\u00e9chelle<\/i>\u00a0\u00bb, assure le ministre de la Justice, G\u00e9rald Darmanin, commentant les r\u00e9sultats obtenus entre 2017 et 2025. Les ordonnances de protection ont \u00e9t\u00e9 multipli\u00e9es par 3, le nombre de t\u00e9l\u00e9phones grave danger distribu\u00e9s est pass\u00e9 de 300 en 2019 \u00e0 5 609 en janvier 2026. De 8 millions en 2020, le budget annuel de l\u2019aide aux victimes de ce type de violence atteint 26 millions d\u2019euros en 2025. Mais visiblement le chemin \u00e0 parcourir reste encore long&#8230;<\/p>\n<\/p><\/div>\n","protected":false},"excerpt":{"rendered":"Une femme sur un &eacute;cran avec un thermom&egrave;tre en direct. Plus la temp&eacute;rature s&rsquo;&eacute;l&egrave;ve, plus son visage porte les stigmates de coups&#8230; Avec l&rsquo;arriv&eacute;e de la canicule, l&rsquo;ONG Care France a &#8230;","protected":false},"author":1,"featured_media":36618,"comment_status":"open","ping_status":"open","sticky":false,"template":"","format":"standard","meta":{"footnotes":""},"categories":[3926,3925,20],"tags":[723,430,372,373,3283,572,6108,2423,1705,1260,4037,537,111,1085,1941,1785,2787],"news-destination":[3944],"news-source":[475],"is_homepage":[],"ta_other":[],"class_list":["post-36617","post","type-post","status-publish","format-standard","has-post-thumbnail","hentry","category-accueil-merge","category-accueil-third","category-societe","tag-bilan","tag-budget","tag-canicule","tag-chaleur","tag-feminicide","tag-france","tag-harcelement-de-rue","tag-insecurite","tag-juillet","tag-lutte","tag-pandemie","tag-protection","tag-securite","tag-sensibilisation","tag-victimes","tag-violences-conjugales","tag-violences-faites-aux-femmes","news-destination-homepage","news-source-website"],"_links":{"self":[{"href":"https:\/\/euapp01.newsmemory.com\/lamarseillaise\/news\/wp-json\/wp\/v2\/posts\/36617","targetHints":{"allow":["GET"]}}],"collection":[{"href":"https:\/\/euapp01.newsmemory.com\/lamarseillaise\/news\/wp-json\/wp\/v2\/posts"}],"about":[{"href":"https:\/\/euapp01.newsmemory.com\/lamarseillaise\/news\/wp-json\/wp\/v2\/types\/post"}],"author":[{"embeddable":true,"href":"https:\/\/euapp01.newsmemory.com\/lamarseillaise\/news\/wp-json\/wp\/v2\/users\/1"}],"replies":[{"embeddable":true,"href":"https:\/\/euapp01.newsmemory.com\/lamarseillaise\/news\/wp-json\/wp\/v2\/comments?post=36617"}],"version-history":[{"count":1,"href":"https:\/\/euapp01.newsmemory.com\/lamarseillaise\/news\/wp-json\/wp\/v2\/posts\/36617\/revisions"}],"predecessor-version":[{"id":36619,"href":"https:\/\/euapp01.newsmemory.com\/lamarseillaise\/news\/wp-json\/wp\/v2\/posts\/36617\/revisions\/36619"}],"wp:featuredmedia":[{"embeddable":true,"href":"https:\/\/euapp01.newsmemory.com\/lamarseillaise\/news\/wp-json\/wp\/v2\/media\/36618"}],"wp:attachment":[{"href":"https:\/\/euapp01.newsmemory.com\/lamarseillaise\/news\/wp-json\/wp\/v2\/media?parent=36617"}],"wp:term":[{"taxonomy":"category","embeddable":true,"href":"https:\/\/euapp01.newsmemory.com\/lamarseillaise\/news\/wp-json\/wp\/v2\/categories?post=36617"},{"taxonomy":"post_tag","embeddable":true,"href":"https:\/\/euapp01.newsmemory.com\/lamarseillaise\/news\/wp-json\/wp\/v2\/tags?post=36617"},{"taxonomy":"news-destination","embeddable":true,"href":"https:\/\/euapp01.newsmemory.com\/lamarseillaise\/news\/wp-json\/wp\/v2\/news-destination?post=36617"},{"taxonomy":"news-source","embeddable":true,"href":"https:\/\/euapp01.newsmemory.com\/lamarseillaise\/news\/wp-json\/wp\/v2\/news-source?post=36617"},{"taxonomy":"is_homepage","embeddable":true,"href":"https:\/\/euapp01.newsmemory.com\/lamarseillaise\/news\/wp-json\/wp\/v2\/is_homepage?post=36617"},{"taxonomy":"ta_other","embeddable":true,"href":"https:\/\/euapp01.newsmemory.com\/lamarseillaise\/news\/wp-json\/wp\/v2\/ta_other?post=36617"}],"curies":[{"name":"wp","href":"https:\/\/api.w.org\/{rel}","templated":true}]}}