{"id":36614,"date":"2026-07-17T08:08:00","date_gmt":"2026-07-17T06:08:00","guid":{"rendered":"https:\/\/euapp01.newsmemory.com\/lamarseillaise\/news\/?p=36614"},"modified":"2026-07-23T08:07:32","modified_gmt":"2026-07-23T06:07:32","slug":"les-90-ans-des-conges-payes-celebres-a-la-belle-de-mai","status":"publish","type":"post","link":"https:\/\/euapp01.newsmemory.com\/lamarseillaise\/news\/2026\/07\/17\/les-90-ans-des-conges-payes-celebres-a-la-belle-de-mai\/","title":{"rendered":"Les 90&nbsp;ans des cong\u00e9s pay\u00e9s c\u00e9l\u00e9br\u00e9s \u00e0 la Belle de Mai"},"content":{"rendered":"<div class=\"paragraph\">\n<p>L\u2019\u00e9v\u00e9nement a investi, ce jeudi 16\u00a0juillet, le deuxi\u00e8me \u00e9tage de la Friche la Belle de Mai. Les panneaux de l\u2019exposition sur les premiers cong\u00e9s pay\u00e9s instaur\u00e9s en 1936 par le Front populaire ont attir\u00e9 les curieux. Coordinateur r\u00e9gional du programme et pr\u00e9sident d\u2019honneur du Mouvement Associatif Sud-Paca, Fr\u00e9d\u00e9ric Rosmini a rappel\u00e9 la dimension culturelle du Front Populaire avec un spectacle musical en soir\u00e9e, intitul\u00e9 <i>Les jours heureux<\/i>.<\/p>\n<p>La campagne nationale de c\u00e9l\u00e9bration a \u00e9t\u00e9 rejointe par nombre d\u2019acteurs du tourisme inclusif, comme Vacances L\u00e9o Lagrange. Pascal Carrano, son directeur, souligne l\u2019\u00e9vidence de cette greffe\u00a0: \u00ab\u00a0<i>En portant le nom du sous-secr\u00e9taire d\u2019<\/i><i><span class=\"mln_uppercase_mln\">\u00e9<\/span><\/i><i>tat aux loisirs en 1936, il y a un lien naturel \u00e0 f\u00eater les 90<\/i><i>\u00a0<\/i><i>ans des cong\u00e9s pay\u00e9s<\/i>\u00a0\u00bb<i>, rappelle-t-il<\/i>. \u00ab\u00a0<i>Nous sommes dans cette logique d\u2019\u00e9ducation populaire<\/i><i>\u00a0<\/i>\u00bb<i>,<\/i> ajoute celui qui coordonne en parall\u00e8le le programme d\u2019animation de cet anniversaire dans 350\u00a0villages vacances en France.<\/p>\n<p>La rencontre du jour a \u00e9t\u00e9 pens\u00e9e pour rappeler le chemin parcouru mais aussi pr\u00e9venir d\u2019un contexte politique qui pourrait menacer ces acquis sociaux historiques, et qui r\u00e9sonne aupr\u00e8s des participants. \u00ab<i>\u00a0<\/i><i>\u00c7a fait partie de l\u2019histoire, c\u2019est un point important pour tous les travailleurs<\/i><i>\u00a0<\/i>\u00bb<i>,<\/i> fait remarquer un membre b\u00e9n\u00e9vole du Mouvement associatif. \u00ab\u00a0<i>Maintenant ils auraient du mal \u00e0 proposer ce qu\u2019ils ont fait \u00e0 l\u2019\u00e9poque<\/i><i>\u00a0<\/i>\u00bb<i>,<\/i> r\u00e9agissent Agn\u00e8s et Roxanne au sujet du programme de L\u00e9on Blum. Respectivement fille et petite-fille d\u2019ouvriers, la plus jeune avoue ses inqui\u00e9tudes face au panorama politique ambiant\u00a0: \u00ab\u00a0<i>c\u2019est dur de continuer \u00e0 garder espoir donc \u00e7a fait du bien de se replonger dans cette \u00e9poque.<\/i>\u00a0\u00bb<i><\/i><\/p>\n<\/p><\/div>\n","protected":false},"excerpt":{"rendered":"L&rsquo;&eacute;v&eacute;nement a investi, ce jeudi 16&nbsp;juillet, le deuxi&egrave;me &eacute;tage de la Friche la Belle de Mai. Les panneaux de l&rsquo;exposition sur les premiers cong&eacute;s pay&eacute;s instaur&eacute;s en 1936 par le Front &#8230;","protected":false},"author":1,"featured_media":36615,"comment_status":"open","ping_status":"open","sticky":false,"template":"","format":"standard","meta":{"footnotes":""},"categories":[3926,3925,32,20],"tags":[1382,138,10,427,4487,279,16,194,392,347,1361],"news-destination":[3944],"news-source":[475],"is_homepage":[],"ta_other":[],"class_list":["post-36614","post","type-post","status-publish","format-standard","has-post-thumbnail","hentry","category-accueil-merge","category-accueil-third","category-culture","category-societe","tag-acquis-sociaux","tag-associations","tag-bouches-du-rhone","tag-economie-sociale-et-solidaire","tag-ess","tag-exposition","tag-marseille","tag-social","tag-solidaire","tag-tourisme","tag-vacances","news-destination-homepage","news-source-website"],"_links":{"self":[{"href":"https:\/\/euapp01.newsmemory.com\/lamarseillaise\/news\/wp-json\/wp\/v2\/posts\/36614","targetHints":{"allow":["GET"]}}],"collection":[{"href":"https:\/\/euapp01.newsmemory.com\/lamarseillaise\/news\/wp-json\/wp\/v2\/posts"}],"about":[{"href":"https:\/\/euapp01.newsmemory.com\/lamarseillaise\/news\/wp-json\/wp\/v2\/types\/post"}],"author":[{"embeddable":true,"href":"https:\/\/euapp01.newsmemory.com\/lamarseillaise\/news\/wp-json\/wp\/v2\/users\/1"}],"replies":[{"embeddable":true,"href":"https:\/\/euapp01.newsmemory.com\/lamarseillaise\/news\/wp-json\/wp\/v2\/comments?post=36614"}],"version-history":[{"count":1,"href":"https:\/\/euapp01.newsmemory.com\/lamarseillaise\/news\/wp-json\/wp\/v2\/posts\/36614\/revisions"}],"predecessor-version":[{"id":36616,"href":"https:\/\/euapp01.newsmemory.com\/lamarseillaise\/news\/wp-json\/wp\/v2\/posts\/36614\/revisions\/36616"}],"wp:featuredmedia":[{"embeddable":true,"href":"https:\/\/euapp01.newsmemory.com\/lamarseillaise\/news\/wp-json\/wp\/v2\/media\/36615"}],"wp:attachment":[{"href":"https:\/\/euapp01.newsmemory.com\/lamarseillaise\/news\/wp-json\/wp\/v2\/media?parent=36614"}],"wp:term":[{"taxonomy":"category","embeddable":true,"href":"https:\/\/euapp01.newsmemory.com\/lamarseillaise\/news\/wp-json\/wp\/v2\/categories?post=36614"},{"taxonomy":"post_tag","embeddable":true,"href":"https:\/\/euapp01.newsmemory.com\/lamarseillaise\/news\/wp-json\/wp\/v2\/tags?post=36614"},{"taxonomy":"news-destination","embeddable":true,"href":"https:\/\/euapp01.newsmemory.com\/lamarseillaise\/news\/wp-json\/wp\/v2\/news-destination?post=36614"},{"taxonomy":"news-source","embeddable":true,"href":"https:\/\/euapp01.newsmemory.com\/lamarseillaise\/news\/wp-json\/wp\/v2\/news-source?post=36614"},{"taxonomy":"is_homepage","embeddable":true,"href":"https:\/\/euapp01.newsmemory.com\/lamarseillaise\/news\/wp-json\/wp\/v2\/is_homepage?post=36614"},{"taxonomy":"ta_other","embeddable":true,"href":"https:\/\/euapp01.newsmemory.com\/lamarseillaise\/news\/wp-json\/wp\/v2\/ta_other?post=36614"}],"curies":[{"name":"wp","href":"https:\/\/api.w.org\/{rel}","templated":true}]}}