{"id":36611,"date":"2026-07-17T08:11:00","date_gmt":"2026-07-17T06:11:00","guid":{"rendered":"https:\/\/euapp01.newsmemory.com\/lamarseillaise\/news\/?p=36611"},"modified":"2026-07-23T08:07:32","modified_gmt":"2026-07-23T06:07:32","slug":"viol-dune-etudiante-a-aix-plusieurs-elus-reagissent","status":"publish","type":"post","link":"https:\/\/euapp01.newsmemory.com\/lamarseillaise\/news\/2026\/07\/17\/viol-dune-etudiante-a-aix-plusieurs-elus-reagissent\/","title":{"rendered":"Viol d\u2019une \u00e9tudiante \u00e0 Aix&nbsp;: plusieurs \u00e9lus r\u00e9agissent"},"content":{"rendered":"<div class=\"paragraph\">\n<p>Christian E., vient d\u2019\u00eatre mis en examen et plac\u00e9 en d\u00e9tention provisoire pour \u00ab\u00a0<i>enl\u00e8vement, s\u00e9questration, viols et agressions sexuelles avec menace ou usage d\u2019une arme, menaces de mort, le tout en r\u00e9cidive l\u00e9gale<\/i>\u00a0\u00bb, apr\u00e8s avoir enlev\u00e9, puis viol\u00e9 une \u00e9tudiante de 19\u00a0ans devant sa cit\u00e9 universitaire, vendredi soir dernier (voir notre \u00e9dition du 13 juillet). Imm\u00e9diatement, de nombreuses r\u00e9actions ont occup\u00e9 le d\u00e9bat public. Philippe Baptiste, ministre de l\u2019Enseignement sup\u00e9rieur, de la recherche et de l\u2019espace, a r\u00e9pondu \u00e0 la presse sur le sujet, lors de sa venue \u00e0 Aix, ce jeudi.<i> <\/i>\u00ab\u00a0<i>C\u2019est un \u00e9v\u00e9nement dramatique. J\u2019ai une pens\u00e9e triste et \u00e9mue, profond\u00e9ment, pour la victime (&#8230;). Il y a une enqu\u00eate qui est en cours et on regardera ses conclusions, ainsi que la d\u00e9cision de justice qui iront derri\u00e8re, <\/i>a d\u2019abord insist\u00e9 le ministre.<i> Cette question de s\u00e9curit\u00e9 des campus est au c\u0153ur des pr\u00e9occupations \u00e0 la fois des universit\u00e9s, des Crous, des rectorats&#8230; On est extr\u00eamement attentifs. Il faut aussi donner un message de confiance aux \u00e9tudiants. Les dispositifs sont en place aujourd\u2019hui. Peut-\u00eatre qu\u2019il faut les renforcer (&#8230;) <\/i>\u00bb<i> <\/i><span class=\"mln_uppercase_mln\">\u00e0<\/span> ses c\u00f4t\u00e9s, Benoit Delaunay, recteur d\u2019acad\u00e9mie, rappelle que \u00ab\u00a0<i>la mission de l\u2019\u00e9cole comme de l\u2019universit\u00e9 est \u00e0 la fois d\u2019instruire et de prot\u00e9ger ceux qui nous sont confi\u00e9s. Dans cette mission-l\u00e0, les Crous jouent un r\u00f4le formidable. Il ne faut pas que cette affaire efface le travail quotidien men\u00e9 par <\/i>(ses)<i> agents.<\/i><i>\u00a0<\/i>\u00bb Plus t\u00f4t dans la semaine, Marc P\u00e9na, d\u00e9put\u00e9 PS de la 11<sup>e<\/sup> circonscription et conseiller municipal d\u2019opposition appelle \u00e0 l\u2019examen et l\u2019adoption \u00ab\u00a0<i>rapide<\/i>\u00a0\u00bb<i> <\/i>de la proposition de loi-cadre port\u00e9e par la d\u00e9put\u00e9e C\u00e9line Thi\u00e9bault-Martinez \u00ab\u00a0<i>visant \u00e0 lutter de mani\u00e8re int\u00e9grale contre les violences sexistes et sexuelles commises \u00e0 l\u2019encontre des femmes et des enfants<\/i>\u00a0\u00bb. Le maire de Gardanne, Herv\u00e9 Granier (LR), est lui aussi mont\u00e9 au cr\u00e9neau, alors que Christian E. a \u00e9t\u00e9 rep\u00e9r\u00e9 comme habitant de \u00ab\u00a0sa\u00a0\u00bb commune. Une pr\u00e9sence dont il explique ne pas avoir \u00e9t\u00e9 inform\u00e9. Il adresse une lettre aux parlementaires, demandant de<i> <\/i>\u00ab\u00a0<i>donner des moyens aux maires de prot\u00e9ger leurs concitoyens face aux auteurs d\u2019infractions sexuelles<\/i>\u00a0\u00bb<i>.<\/i> Ce jeudi, la section du PCF d\u2019Aix estime \u00ab\u00a0<i>qu\u2019il est urgent de donner aux services publics les moyens d\u2019agir<\/i>\u00a0\u00bb<i> <\/i>et \u00ab\u00a0<i>exige l\u2019adoption d\u2019une loi int\u00e9grale contre ces violences.<\/i>\u00a0\u00bb<\/p>\n<\/p><\/div>\n","protected":false},"excerpt":{"rendered":"Christian E., vient d&rsquo;&ecirc;tre mis en examen et plac&eacute; en d&eacute;tention provisoire pour &laquo;&nbsp;enl&egrave;vement, s&eacute;questration, viols et agressions sexuelles avec menace ou usage d&rsquo;une arme, menaces de mort, le &#8230;","protected":false},"author":1,"featured_media":36612,"comment_status":"open","ping_status":"open","sticky":false,"template":"","format":"standard","meta":{"footnotes":""},"categories":[3926,3925,330,20],"tags":[1701,556,10,697,4612,1518,2442,2767,250,1768,2908,2787,1304],"news-destination":[3944],"news-source":[475],"is_homepage":[],"ta_other":[],"class_list":["post-36611","post","type-post","status-publish","format-standard","has-post-thumbnail","hentry","category-accueil-merge","category-accueil-third","category-politique","category-societe","tag-agression-sexuelle","tag-aix-en-provence","tag-bouches-du-rhone","tag-elus","tag-enseignement-superieur","tag-etudiants","tag-herve-granier","tag-marc-pena","tag-pcf","tag-reactions","tag-viol","tag-violences-faites-aux-femmes","tag-violences-sexuelles","news-destination-homepage","news-source-website"],"_links":{"self":[{"href":"https:\/\/euapp01.newsmemory.com\/lamarseillaise\/news\/wp-json\/wp\/v2\/posts\/36611","targetHints":{"allow":["GET"]}}],"collection":[{"href":"https:\/\/euapp01.newsmemory.com\/lamarseillaise\/news\/wp-json\/wp\/v2\/posts"}],"about":[{"href":"https:\/\/euapp01.newsmemory.com\/lamarseillaise\/news\/wp-json\/wp\/v2\/types\/post"}],"author":[{"embeddable":true,"href":"https:\/\/euapp01.newsmemory.com\/lamarseillaise\/news\/wp-json\/wp\/v2\/users\/1"}],"replies":[{"embeddable":true,"href":"https:\/\/euapp01.newsmemory.com\/lamarseillaise\/news\/wp-json\/wp\/v2\/comments?post=36611"}],"version-history":[{"count":1,"href":"https:\/\/euapp01.newsmemory.com\/lamarseillaise\/news\/wp-json\/wp\/v2\/posts\/36611\/revisions"}],"predecessor-version":[{"id":36613,"href":"https:\/\/euapp01.newsmemory.com\/lamarseillaise\/news\/wp-json\/wp\/v2\/posts\/36611\/revisions\/36613"}],"wp:featuredmedia":[{"embeddable":true,"href":"https:\/\/euapp01.newsmemory.com\/lamarseillaise\/news\/wp-json\/wp\/v2\/media\/36612"}],"wp:attachment":[{"href":"https:\/\/euapp01.newsmemory.com\/lamarseillaise\/news\/wp-json\/wp\/v2\/media?parent=36611"}],"wp:term":[{"taxonomy":"category","embeddable":true,"href":"https:\/\/euapp01.newsmemory.com\/lamarseillaise\/news\/wp-json\/wp\/v2\/categories?post=36611"},{"taxonomy":"post_tag","embeddable":true,"href":"https:\/\/euapp01.newsmemory.com\/lamarseillaise\/news\/wp-json\/wp\/v2\/tags?post=36611"},{"taxonomy":"news-destination","embeddable":true,"href":"https:\/\/euapp01.newsmemory.com\/lamarseillaise\/news\/wp-json\/wp\/v2\/news-destination?post=36611"},{"taxonomy":"news-source","embeddable":true,"href":"https:\/\/euapp01.newsmemory.com\/lamarseillaise\/news\/wp-json\/wp\/v2\/news-source?post=36611"},{"taxonomy":"is_homepage","embeddable":true,"href":"https:\/\/euapp01.newsmemory.com\/lamarseillaise\/news\/wp-json\/wp\/v2\/is_homepage?post=36611"},{"taxonomy":"ta_other","embeddable":true,"href":"https:\/\/euapp01.newsmemory.com\/lamarseillaise\/news\/wp-json\/wp\/v2\/ta_other?post=36611"}],"curies":[{"name":"wp","href":"https:\/\/api.w.org\/{rel}","templated":true}]}}